{"id":6788,"date":"2020-12-23T15:02:24","date_gmt":"2020-12-23T18:02:24","guid":{"rendered":"https:\/\/diariotribuna.com.br\/?p=6788"},"modified":"2020-12-23T15:07:04","modified_gmt":"2020-12-23T18:07:04","slug":"diretores-da-unimed-tres-vales-falam-com-preocupacao-sobre-o-cenario-da-covid-19-em-teofilo-otoni-e-regiao","status":"publish","type":"post","link":"https:\/\/diariotribuna.com.br\/?p=6788","title":{"rendered":"Diretores da Unimed Tr\u00eas Vales falam com preocupa\u00e7\u00e3o sobre o cen\u00e1rio da Covid-19 em Te\u00f3filo Otoni e regi\u00e3o"},"content":{"rendered":"\n<figure class=\"wp-block-image size-large is-resized\"><img loading=\"lazy\" decoding=\"async\" src=\"https:\/\/diariotribuna.com.br\/wp-content\/uploads\/2020\/12\/3-9.jpg\" alt=\"\" class=\"wp-image-6789\" width=\"530\" height=\"350\" srcset=\"https:\/\/diariotribuna.com.br\/wp-content\/uploads\/2020\/12\/3-9.jpg 700w, https:\/\/diariotribuna.com.br\/wp-content\/uploads\/2020\/12\/3-9-300x198.jpg 300w, https:\/\/diariotribuna.com.br\/wp-content\/uploads\/2020\/12\/3-9-696x460.jpg 696w, https:\/\/diariotribuna.com.br\/wp-content\/uploads\/2020\/12\/3-9-635x420.jpg 635w\" sizes=\"(max-width: 530px) 100vw, 530px\" \/><figcaption><strong>Diretoria da Unimed Tr\u00eas Vales est\u00e1 preocupada com o cen\u00e1rio<\/strong><br><strong>da<\/strong> <strong>covid-19 em Te\u00f3filo Otoni e regi\u00e3o<\/strong><\/figcaption><\/figure>\n\n\n\n<p>Em entrevista coletiva concedida nesta segunda-feira (21\/12\/2020), diretores da Unimed Tr\u00eas Vales, falaram com preocupa\u00e7\u00e3o sobre o cen\u00e1rio da Covid-19 em Te\u00f3filo Otoni e regi\u00e3o, sobretudo da falta de leitos hospitalares, tanto na rede SUS, quanto na rede conveniada. <strong>O diretor M\u00e9dico Social, dr. Adail Jaques Prates Rodrigues alerta a popula\u00e7\u00e3o<\/strong> que estamos diante de uma pandemia, o que inicialmente tinha com um atendimento normal, vaga pra todos na rede SUS e conveniada, hoje n\u00e3o existe isso.<\/p>\n\n\n\n<p>\u201cN\u00f3s estamos com falta de leitos em UTI, em enfermarias, e o que ocorre hoje em Te\u00f3filo Otoni com a pandemia \u00e9 que em qualquer lugar voc\u00ea pode pegar o v\u00edrus. Porque n\u00f3s pedimos o isolamento e o distanciamento? Justamente pra voc\u00ea n\u00e3o pegar o v\u00edrus. N\u00f3s queremos alertar a popula\u00e7\u00e3o, est\u00e3o vindo as pessoas de fora para o natal, festas, reuni\u00f5es. Estou vendo isso no interior, at\u00e9 mais do que na nossa cidade. Nos bairros, pessoas sem m\u00e1scaras bebendo, abra\u00e7ando, e isso n\u00e3o \u00e9 normal nessa \u00e9poca, n\u00e3o pode acontecer isso\u201d, alertou.<\/p>\n\n\n\n<p><strong>Transmiss\u00e3o da doen\u00e7a &#8211;<\/strong> Em qualquer lugar pode ocorrer o contato. \u201cPrimeiro voc\u00ea est\u00e1 no per\u00edodo que n\u00e3o tem sintoma. O que ocorre e est\u00e1 ocorrendo na nossa cidade \u00e9 isso. Mesmo nos hospitais estamos vendo doente em ala normal, ele internou por uma doen\u00e7a e vamos dar o diagn\u00f3stico depois de 2, 3 dias que ele est\u00e1 com covid. Porque inicialmente voc\u00ea n\u00e3o sabe, ele internou com outra patologia. Isso foi colocado pelo comit\u00ea gestor na semana passada, eu passei isso, como plantonista estou vendo isso nas unidades. Em qualquer lugar voc\u00ea pode pegar\u201d.<\/p>\n\n\n\n<figure class=\"wp-block-gallery columns-4 is-cropped wp-block-gallery-1 is-layout-flex wp-block-gallery-is-layout-flex\"><ul class=\"blocks-gallery-grid\"><li class=\"blocks-gallery-item\"><figure><img loading=\"lazy\" decoding=\"async\" width=\"350\" height=\"483\" src=\"https:\/\/diariotribuna.com.br\/wp-content\/uploads\/2020\/12\/unnamed-file-18.jpg\" alt=\"\" data-id=\"6793\" data-full-url=\"https:\/\/diariotribuna.com.br\/wp-content\/uploads\/2020\/12\/unnamed-file-18.jpg\" data-link=\"https:\/\/diariotribuna.com.br\/?attachment_id=6793\" class=\"wp-image-6793\" srcset=\"https:\/\/diariotribuna.com.br\/wp-content\/uploads\/2020\/12\/unnamed-file-18.jpg 350w, https:\/\/diariotribuna.com.br\/wp-content\/uploads\/2020\/12\/unnamed-file-18-217x300.jpg 217w, https:\/\/diariotribuna.com.br\/wp-content\/uploads\/2020\/12\/unnamed-file-18-304x420.jpg 304w\" sizes=\"(max-width: 350px) 100vw, 350px\" \/><figcaption class=\"blocks-gallery-item__caption\"><strong>Dra. Vera L\u00facia Lauar<\/strong><\/figcaption><\/figure><\/li><li class=\"blocks-gallery-item\"><figure><img loading=\"lazy\" decoding=\"async\" width=\"350\" height=\"420\" src=\"https:\/\/diariotribuna.com.br\/wp-content\/uploads\/2020\/12\/unnamed-file-16.jpg\" alt=\"\" data-id=\"6791\" data-full-url=\"https:\/\/diariotribuna.com.br\/wp-content\/uploads\/2020\/12\/unnamed-file-16.jpg\" data-link=\"https:\/\/diariotribuna.com.br\/?attachment_id=6791\" class=\"wp-image-6791\" srcset=\"https:\/\/diariotribuna.com.br\/wp-content\/uploads\/2020\/12\/unnamed-file-16.jpg 350w, https:\/\/diariotribuna.com.br\/wp-content\/uploads\/2020\/12\/unnamed-file-16-250x300.jpg 250w\" sizes=\"(max-width: 350px) 100vw, 350px\" \/><figcaption class=\"blocks-gallery-item__caption\"><strong>Dr. D\u00e9lio Pereira dos Santos<\/strong><\/figcaption><\/figure><\/li><li class=\"blocks-gallery-item\"><figure><img loading=\"lazy\" decoding=\"async\" width=\"350\" height=\"461\" src=\"https:\/\/diariotribuna.com.br\/wp-content\/uploads\/2020\/12\/unnamed-file-17.jpg\" alt=\"\" data-id=\"6792\" data-full-url=\"https:\/\/diariotribuna.com.br\/wp-content\/uploads\/2020\/12\/unnamed-file-17.jpg\" data-link=\"https:\/\/diariotribuna.com.br\/?attachment_id=6792\" class=\"wp-image-6792\" srcset=\"https:\/\/diariotribuna.com.br\/wp-content\/uploads\/2020\/12\/unnamed-file-17.jpg 350w, https:\/\/diariotribuna.com.br\/wp-content\/uploads\/2020\/12\/unnamed-file-17-228x300.jpg 228w, https:\/\/diariotribuna.com.br\/wp-content\/uploads\/2020\/12\/unnamed-file-17-319x420.jpg 319w\" sizes=\"(max-width: 350px) 100vw, 350px\" \/><figcaption class=\"blocks-gallery-item__caption\"><strong>Dr. Adail Jaques Prates Rodrigues<\/strong><\/figcaption><\/figure><\/li><li class=\"blocks-gallery-item\"><figure><img loading=\"lazy\" decoding=\"async\" width=\"350\" height=\"417\" src=\"https:\/\/diariotribuna.com.br\/wp-content\/uploads\/2020\/12\/unnamed-file-15.jpg\" alt=\"\" data-id=\"6790\" data-full-url=\"https:\/\/diariotribuna.com.br\/wp-content\/uploads\/2020\/12\/unnamed-file-15.jpg\" data-link=\"https:\/\/diariotribuna.com.br\/?attachment_id=6790\" class=\"wp-image-6790\" srcset=\"https:\/\/diariotribuna.com.br\/wp-content\/uploads\/2020\/12\/unnamed-file-15.jpg 350w, https:\/\/diariotribuna.com.br\/wp-content\/uploads\/2020\/12\/unnamed-file-15-252x300.jpg 252w\" sizes=\"(max-width: 350px) 100vw, 350px\" \/><figcaption class=\"blocks-gallery-item__caption\"><strong>Jos\u00e9 Maria Murta Chaves<\/strong><\/figcaption><\/figure><\/li><\/ul><\/figure>\n\n\n\n<p><strong>Cirurgias eletivas \u2013<\/strong> Os diretores da Unimed Tr\u00eas Vales est\u00e3o suspendendo e recomendando aos m\u00e9dicos e aos pacientes que n\u00e3o fa\u00e7am cirurgias eletivas. \u00c9 melhor esperar a ter que entrar num hospital com outra patologia e contrair o v\u00edrus, ou tamb\u00e9m ser assintom\u00e1tico e levar o v\u00edrus para outros internos. Para os diretores, a preocupa\u00e7\u00e3o al\u00e9m da transmiss\u00e3o \u00e9 a necessidade de leitos em tempo de pandemia da Covid-19. \u201cE o hospital \u00e9 local de que? De doen\u00e7as. E a covid \u00e0s vezes entra no local junto com a patologia normal e a\u00ed adquirir a doen\u00e7a ali. Isso \u00e9 normal, a mesma coisa num posto de sa\u00fade.<\/p>\n\n\n\n<p><strong>Prefeitura Municipal \u2013<\/strong> A reuni\u00e3o que os diretores tiveram com o prefeito de Te\u00f3filo Otoni e o secret\u00e1rio municipal de sa\u00fade foi pra alert\u00e1-los e pedir ajuda pra que eles alertem melhor a popula\u00e7\u00e3o e tomem medidas pra evitar aglomerado de gente, que est\u00e1 ocorrendo nos bares, restaurantes e outros lugares. O dr. Adail acha que o com\u00e9rcio tem que ter o direito de abrir, mas com suas restri\u00e7\u00f5es. Cita que tem estabelecimentos com mais de 100 pessoas, falou da fila da Caixa Econ\u00f4mica Federal que tem mais de 300 a 400 pessoas, uma grande parte sem m\u00e1scara e n\u00e3o existe distanciamento.<\/p>\n\n\n\n<p>\u201cAli \u00e9 um foco de transmiss\u00e3o, aquilo \u00e9 um foco de transmiss\u00e3o. Essa reuni\u00e3o foi pra isso, pedir ajuda, que ele tomasse provid\u00eancia junto com o secret\u00e1rio\u201d, frisou. Segundo o dr. Adail, o prefeito e secret\u00e1rio disseram que iriam tomar provid\u00eancias, e ser\u00e1 marcada outra reuni\u00e3o com eles, mais urgente poss\u00edvel pra ver qual medida est\u00e1 sendo efetivamente tomada pela prefeitura.<\/p>\n\n\n\n<p><strong>Superintend\u00eancia Regional de Sa\u00fade \u2013<\/strong> Os diretores da Unimed tamb\u00e9m fizeram uma reuni\u00e3o com o superintendente Regional de Sa\u00fade de Te\u00f3filo Otoni, Ivan Santana, que representa o Estado nesta regi\u00e3o, pra alert\u00e1-lo do que est\u00e1 acontecendo. \u201cTodos n\u00f3s estamos sabendo que n\u00e3o temos vagas para a covid, nem a n\u00edvel SUS, nem na rede complementar. Por isso que estamos nessa luta incessante de conseguir leito a n\u00edvel de estado e at\u00e9 fora do estado\u201d.<\/p>\n\n\n\n<p><strong>Tratamento precoce \u2013<\/strong> A Unimed Tr\u00eas Vales tem o seu protocolo para cuidar de paciente com Covid-19. Dr. Adail ressalta que nesta briga \u00e9 at\u00e9 dif\u00edcil de entrar, porque tem uns a favor e outros contra, mas o que a Unimed recomenda \u00e9 o tratamento at\u00e9 mesmo antes de sair resultado de teste. Assim que uma pessoa vai para o Pronto Atendimento da Unimed, tendo sintomas ele j\u00e1 sai com a receita nas m\u00e3os. \u201cA grande maioria dos m\u00e9dicos j\u00e1 est\u00e1 passando\u201d, informou.<\/p>\n\n\n\n<p>Neste mesmo dia em que aos diretores da Unimed Tr\u00eas Vales concederam entrevista preocupados com o cen\u00e1rio da Covid-19 em Te\u00f3filo Otoni e regi\u00e3o, bem em frente \u00e0 institui\u00e7\u00e3o onde tem o Hospital Raimundo Gobira, pela manh\u00e3 se formou uma fila com pelo menos 50 pessoas, sem distanciamento, uns com m\u00e1scara e outros sem, e o dr. Adail foi enf\u00e1tico ao opinar a respeito. \u201cIsso a\u00ed o prefeito at\u00e9 pediu sugest\u00f5es, aquilo ali nessa \u00e9poca n\u00e3o \u00e9 permitido, ficar 50, 100 pessoas ao lado da outra, uns com m\u00e1scara, outros sem m\u00e1scara, pedindo distanciamento. Foi uma sugest\u00e3o nossa de imediato na pr\u00f3pria reuni\u00e3o.<\/p>\n\n\n\n<p>\u00c9 muito grave o que eu vou falar, mas as pessoas n\u00e3o est\u00e3o nem a\u00ed para a covid, principalmente nas \u00e1reas de bairro, e as cidades menores, zona rural, eles est\u00e3o muito distantes da doen\u00e7a. N\u00e3o se v\u00ea nenhuma medida. O que estou vendo, s\u00e3o os familiares chegando para as festas, marcando suas reuni\u00f5es. L\u00e1 em casa sempre tiveram os festejos de natal, nesse ano passei pra minha m\u00e3e que \u00e9 imposs\u00edvel a gente reunir fam\u00edlia. Pode reunir em n\u00famero menor, cada um na sua casa, que \u00e9 o conv\u00edvio normal\u201d.<\/p>\n\n\n\n<p><strong>O diretor de Controle Operacional, dr. D\u00e9lio Pereira dos Santos<\/strong> passou os dados registrados desde maio no Pronto Atendimento da Unimed, e o mesmo n\u00famero de atendimento da Covid era o do n\u00e3o covid, com uma varia\u00e7\u00e3o pequena em cada m\u00eas. \u201cMas n\u00f3s estamos notando que em novembro teve um grande aumento, em dezembro dobrou os casos, ou seja, \u00e9 o momento cr\u00edtico da doen\u00e7a. N\u00f3s estamos vendo os hospitais de BH cheios. A Unimed l\u00e1 tomou umas provid\u00eancias, suspendeu todo procedimento eletivo devido a dificuldade de interna\u00e7\u00e3o. Os Pronto Atendimentos de l\u00e1 est\u00e3o cheios. N\u00f3s temos exemplo em Governador Valadares com hospitais cheios tamb\u00e9m sem condi\u00e7\u00f5es de atender ningu\u00e9m, Ipatinga, esses lugares que n\u00f3s dren\u00e1vamos nossos pacientes e que n\u00e3o tem condi\u00e7\u00f5es de receber mais pacientes tamb\u00e9m. Ou seja, a rede est\u00e1 toda lotada\u201d, disse dr. D\u00e9lio informando que est\u00e1 mandando paciente pra S\u00e3o Paulo, Bras\u00edlia, bem distante, lugares que tamb\u00e9m est\u00e3o sufocados. \u201cO que a gente quer que a popula\u00e7\u00e3o entenda \u00e9 que, nesse momento de comemora\u00e7\u00f5es, elei\u00e7\u00f5es \u2013 \u00e9 o reflexo que n\u00f3s estamos tendo agora, depois vem festa de final de ano, Natal, Ano Novo. Se n\u00e3o tiver cuidado, daqui 15 dias n\u00f3s vamos ter outra onda dessa a\u00ed. Ali\u00e1s, n\u00e3o \u00e9 uma segunda onda n\u00e3o, o que est\u00e1 acontecendo \u00e9 descuido das pessoas\u201d.<\/p>\n\n\n\n<p><strong>A presidente da Unimed Tr\u00eas Vales, Dra. Vera L\u00facia Lauar<\/strong> acompanhou a coletiva e se mostrou muito preocupada com o cen\u00e1rio em que estamos vivendo em decorr\u00eancia da pandemia, sobretudo, com a falta de leitos nos hospitais.<\/p>\n\n\n\n<p><strong>(FOTOS: Di\u00e1rio Tribuna)<\/strong><\/p>\n","protected":false},"excerpt":{"rendered":"<p>Em entrevista coletiva concedida nesta segunda-feira (21\/12\/2020), diretores da Unimed Tr\u00eas Vales, falaram com preocupa\u00e7\u00e3o sobre o cen\u00e1rio da Covid-19 em Te\u00f3filo Otoni e regi\u00e3o, sobretudo da falta de leitos hospitalares, tanto na rede SUS, quanto na rede conveniada. O diretor M\u00e9dico Social, dr. Adail Jaques Prates Rodrigues alerta a popula\u00e7\u00e3o que estamos diante de [&hellip;]<\/p>\n","protected":false},"author":1,"featured_media":6789,"comment_status":"open","ping_status":"open","sticky":false,"template":"","format":"standard","meta":{"rop_custom_images_group":[],"rop_custom_messages_group":[],"rop_publish_now":"initial","rop_publish_now_accounts":[],"rop_publish_now_history":[],"rop_publish_now_status":"pending","footnotes":""},"categories":[25,17],"tags":[682,84,385,75,2365],"class_list":["post-6788","post","type-post","status-publish","format-standard","has-post-thumbnail","hentry","category-destaque","category-teofilootoni","tag-alerta","tag-covid-19","tag-leitos","tag-teofilo-otoni","tag-unimed-tres-vales"],"_links":{"self":[{"href":"https:\/\/diariotribuna.com.br\/index.php?rest_route=\/wp\/v2\/posts\/6788"}],"collection":[{"href":"https:\/\/diariotribuna.com.br\/index.php?rest_route=\/wp\/v2\/posts"}],"about":[{"href":"https:\/\/diariotribuna.com.br\/index.php?rest_route=\/wp\/v2\/types\/post"}],"author":[{"embeddable":true,"href":"https:\/\/diariotribuna.com.br\/index.php?rest_route=\/wp\/v2\/users\/1"}],"replies":[{"embeddable":true,"href":"https:\/\/diariotribuna.com.br\/index.php?rest_route=%2Fwp%2Fv2%2Fcomments&post=6788"}],"version-history":[{"count":4,"href":"https:\/\/diariotribuna.com.br\/index.php?rest_route=\/wp\/v2\/posts\/6788\/revisions"}],"predecessor-version":[{"id":6798,"href":"https:\/\/diariotribuna.com.br\/index.php?rest_route=\/wp\/v2\/posts\/6788\/revisions\/6798"}],"wp:featuredmedia":[{"embeddable":true,"href":"https:\/\/diariotribuna.com.br\/index.php?rest_route=\/wp\/v2\/media\/6789"}],"wp:attachment":[{"href":"https:\/\/diariotribuna.com.br\/index.php?rest_route=%2Fwp%2Fv2%2Fmedia&parent=6788"}],"wp:term":[{"taxonomy":"category","embeddable":true,"href":"https:\/\/diariotribuna.com.br\/index.php?rest_route=%2Fwp%2Fv2%2Fcategories&post=6788"},{"taxonomy":"post_tag","embeddable":true,"href":"https:\/\/diariotribuna.com.br\/index.php?rest_route=%2Fwp%2Fv2%2Ftags&post=6788"}],"curies":[{"name":"wp","href":"https:\/\/api.w.org\/{rel}","templated":true}]}}