{"id":6851,"date":"2020-12-25T22:59:03","date_gmt":"2020-12-26T01:59:03","guid":{"rendered":"https:\/\/diariotribuna.com.br\/?p=6851"},"modified":"2020-12-25T22:59:41","modified_gmt":"2020-12-26T01:59:41","slug":"projeto-diamante-completa-03-anos-na-cidade-de-joaima","status":"publish","type":"post","link":"https:\/\/diariotribuna.com.br\/?p=6851","title":{"rendered":"Projeto Diamante completa 03 anos na cidade de Joa\u00edma"},"content":{"rendered":"\n<figure class=\"wp-block-image size-large is-resized is-style-default\"><img loading=\"lazy\" decoding=\"async\" src=\"https:\/\/diariotribuna.com.br\/wp-content\/uploads\/2020\/12\/132054607_2944018159211163_3993942630758976688_o.jpg\" alt=\"\" class=\"wp-image-6852\" width=\"547\" height=\"364\" srcset=\"https:\/\/diariotribuna.com.br\/wp-content\/uploads\/2020\/12\/132054607_2944018159211163_3993942630758976688_o.jpg 700w, https:\/\/diariotribuna.com.br\/wp-content\/uploads\/2020\/12\/132054607_2944018159211163_3993942630758976688_o-300x200.jpg 300w, https:\/\/diariotribuna.com.br\/wp-content\/uploads\/2020\/12\/132054607_2944018159211163_3993942630758976688_o-696x463.jpg 696w, https:\/\/diariotribuna.com.br\/wp-content\/uploads\/2020\/12\/132054607_2944018159211163_3993942630758976688_o-631x420.jpg 631w\" sizes=\"(max-width: 547px) 100vw, 547px\" \/><\/figure>\n\n\n\n<p>A Pol\u00edcia Militar comemorou na quarta-feira (09\/12), os 03 anos de implanta\u00e7\u00e3o do Projeto Diamante desenvolvido pela institui\u00e7\u00e3o na cidade de Joa\u00edma. O projeto atua em conjunto com o Conselho Tutelar, Comunidade Escolar e a Sociedade Civil. Ainda recebe apoio da Prefeitura Municipal e da AFAS (Associa\u00e7\u00e3o Feminina de Assist\u00eancia Social).<\/p>\n\n\n\n<p>O projeto Diamante tem como facilitadores o tenente Medina e a soldado D\u00e9bora Bastos, que atuam na cidade de Joa\u00edma. Esses tr\u00eas anos vem celebrar o impacto que o projeto traz para a sociedade na aproxima\u00e7\u00e3o da seguran\u00e7a p\u00fablica com a comunidade, principalmente com o p\u00fablico feminino: cuidando, resgatando e prevenindo todos os tipos de viol\u00eancia contra a mulher, al\u00e9m de atuar na preven\u00e7\u00e3o para que n\u00e3o entrem na criminalidade.<\/p>\n\n\n\n<p>O trabalho acontece atrav\u00e9s de encontros semanais com palestras, acompanhamento psicol\u00f3gico, assist\u00eancia do conselho tutelar, aula de artesanato, orienta\u00e7\u00e3o, planejamento familiar e financeiro. Atualmente atende em torno de 35 fam\u00edlias, atrav\u00e9s do seu p\u00fablico alvo que s\u00e3o adolescentes de 12 a 17 anos. (Assessoria de Comunica\u00e7\u00e3o Organizacional do 44\u00ba BPM, Almenara).<\/p>\n","protected":false},"excerpt":{"rendered":"<p>A Pol\u00edcia Militar comemorou na quarta-feira (09\/12), os 03 anos de implanta\u00e7\u00e3o do Projeto Diamante desenvolvido pela institui\u00e7\u00e3o na cidade de Joa\u00edma. O projeto atua em conjunto com o Conselho Tutelar, Comunidade Escolar e a Sociedade Civil. Ainda recebe apoio da Prefeitura Municipal e da AFAS (Associa\u00e7\u00e3o Feminina de Assist\u00eancia Social). O projeto Diamante tem [&hellip;]<\/p>\n","protected":false},"author":1,"featured_media":6852,"comment_status":"open","ping_status":"open","sticky":false,"template":"","format":"standard","meta":{"rop_custom_images_group":[],"rop_custom_messages_group":[],"rop_publish_now":"initial","rop_publish_now_accounts":[],"rop_publish_now_history":[],"rop_publish_now_status":"pending","footnotes":""},"categories":[18],"tags":[326,76,2368],"class_list":["post-6851","post","type-post","status-publish","format-standard","has-post-thumbnail","hentry","category-regiao","tag-joaima","tag-policia-militar","tag-projeto-diamante"],"_links":{"self":[{"href":"https:\/\/diariotribuna.com.br\/index.php?rest_route=\/wp\/v2\/posts\/6851"}],"collection":[{"href":"https:\/\/diariotribuna.com.br\/index.php?rest_route=\/wp\/v2\/posts"}],"about":[{"href":"https:\/\/diariotribuna.com.br\/index.php?rest_route=\/wp\/v2\/types\/post"}],"author":[{"embeddable":true,"href":"https:\/\/diariotribuna.com.br\/index.php?rest_route=\/wp\/v2\/users\/1"}],"replies":[{"embeddable":true,"href":"https:\/\/diariotribuna.com.br\/index.php?rest_route=%2Fwp%2Fv2%2Fcomments&post=6851"}],"version-history":[{"count":2,"href":"https:\/\/diariotribuna.com.br\/index.php?rest_route=\/wp\/v2\/posts\/6851\/revisions"}],"predecessor-version":[{"id":6854,"href":"https:\/\/diariotribuna.com.br\/index.php?rest_route=\/wp\/v2\/posts\/6851\/revisions\/6854"}],"wp:featuredmedia":[{"embeddable":true,"href":"https:\/\/diariotribuna.com.br\/index.php?rest_route=\/wp\/v2\/media\/6852"}],"wp:attachment":[{"href":"https:\/\/diariotribuna.com.br\/index.php?rest_route=%2Fwp%2Fv2%2Fmedia&parent=6851"}],"wp:term":[{"taxonomy":"category","embeddable":true,"href":"https:\/\/diariotribuna.com.br\/index.php?rest_route=%2Fwp%2Fv2%2Fcategories&post=6851"},{"taxonomy":"post_tag","embeddable":true,"href":"https:\/\/diariotribuna.com.br\/index.php?rest_route=%2Fwp%2Fv2%2Ftags&post=6851"}],"curies":[{"name":"wp","href":"https:\/\/api.w.org\/{rel}","templated":true}]}}