{"id":6855,"date":"2020-12-25T23:54:36","date_gmt":"2020-12-26T02:54:36","guid":{"rendered":"https:\/\/diariotribuna.com.br\/?p=6855"},"modified":"2020-12-28T18:32:15","modified_gmt":"2020-12-28T21:32:15","slug":"policia-civil-conclui-investigacao-de-homicidio-contra-policial-militar-em-cachoeira-de-pajeu","status":"publish","type":"post","link":"https:\/\/diariotribuna.com.br\/?p=6855","title":{"rendered":"Pol\u00edcia Civil conclui investiga\u00e7\u00e3o de homic\u00eddio contra policial militar em Cachoeira de Paje\u00fa"},"content":{"rendered":"\n<figure class=\"wp-block-image size-large is-resized\"><img loading=\"lazy\" decoding=\"async\" src=\"https:\/\/diariotribuna.com.br\/wp-content\/uploads\/2020\/12\/1-14.jpg\" alt=\"\" class=\"wp-image-6863\" width=\"523\" height=\"357\" srcset=\"https:\/\/diariotribuna.com.br\/wp-content\/uploads\/2020\/12\/1-14.jpg 700w, https:\/\/diariotribuna.com.br\/wp-content\/uploads\/2020\/12\/1-14-300x205.jpg 300w, https:\/\/diariotribuna.com.br\/wp-content\/uploads\/2020\/12\/1-14-218x150.jpg 218w, https:\/\/diariotribuna.com.br\/wp-content\/uploads\/2020\/12\/1-14-696x475.jpg 696w, https:\/\/diariotribuna.com.br\/wp-content\/uploads\/2020\/12\/1-14-615x420.jpg 615w\" sizes=\"(max-width: 523px) 100vw, 523px\" \/><figcaption><strong><strong>As investiga\u00e7\u00f5es ficaram a cargo do delegado Thiago de<\/strong><\/strong><br><strong><strong>Carvalho<\/strong><\/strong> <strong><strong>Passos e equipe, em trabalhos conjuntos com<\/strong><\/strong><br><strong><strong>a Pol\u00edcia Militar<\/strong><\/strong><\/figcaption><\/figure>\n\n\n\n<p>A Pol\u00edcia Civil de Minas Gerais, por meio da 2\u00aa Delegacia Regional Pedra Azul, concluiu, na quinta-feira (17\/12\/2020), o inqu\u00e9rito policial que apurava o homic\u00eddio praticado contra o policial militar J.G.L, de 31 anos, em Cachoeira de Paje\u00fa, no Vale do Jequitinhonha.<\/p>\n\n\n\n<p>O crime ocorreu na madrugada do dia 14\/10\/20, logo ap\u00f3s o militar encerrar o turno de servi\u00e7o e chegar em casa, tendo sido localizado o seu corpo pelos militares da fra\u00e7\u00e3o PM local ao final do dia, em raz\u00e3o de n\u00e3o ter se apresentado para o servi\u00e7o naquela tarde.<\/p>\n\n\n\n<p>O policial militar foi localizado morto no banheiro de sua resid\u00eancia com v\u00e1rias perfura\u00e7\u00f5es causadas por disparos de arma de fogo. Isolado o local, foi acionada a per\u00edcia criminal da PCMG que realizou os exames necess\u00e1rios na cena do crime. Um grande aparato policial se formou, com participa\u00e7\u00e3o de policiais civis, militares e penais de toda a regi\u00e3o, a fim de identificar o autor e prend\u00ea-lo em flagrante.<\/p>\n\n\n\n<p>Foram feitas dilig\u00eancias durante toda a noite e madrugada, inclusive a coleta de imagens de circuitos de monitoramento eletr\u00f4nico, entrevista de suspeitos e testemunhas, dentre outras, mas sem \u00eaxito na pris\u00e3o em flagrante do autor.<\/p>\n\n\n\n<p>As investiga\u00e7\u00f5es prosseguiram incessantemente e, no dia 20\/10\/20, seis dias ap\u00f3s o crime, a PCMG, em trabalho conjunto e integrado com a PMMG, por meio da se\u00e7\u00e3o de intelig\u00eancia do 44\u00b0 BPM\/Almenara, da 233\u00aa Cia. PM\/Pedra Azul e do 2\u00b0 Gp. PM\/Cachoeira de Paje\u00fa, o suspeito de 25 anos foi identificado e localizado em posse de armas de fogo em sua resid\u00eancia, sendo preso em flagrante por tal crime.<\/p>\n\n\n\n<p>Aos policiais civis e militares, ele confessou em entrevista ser o autor do crime e que a motiva\u00e7\u00e3o seria o fato de sua ex-namorada ter um relacionamento amoroso paralelamente com a v\u00edtima, tendo informado onde estava guardada uma das armas que utilizou no crime, que foi localizada em um quarto que utilizava na casa de sua av\u00f3, acondicionado no coldre que era do policial militar, juntamente com alguns cartuchos de mesmo calibre.<\/p>\n\n\n\n<p>A PCMG representou pela decreta\u00e7\u00e3o da pris\u00e3o tempor\u00e1ria do suspeito, que foi deferida e posteriormente prorrogada pelo ju\u00edzo da comarca de Pedra Azul, ap\u00f3s manifesta\u00e7\u00e3o favor\u00e1vel do Minist\u00e9rio P\u00fablico. Foram realizadas v\u00e1rias dilig\u00eancias de ordem pericial, de intelig\u00eancia policial, bem como a oitiva de cerca de trinta pessoas, dentre investigado e testemunhas.<\/p>\n\n\n\n<p>O inqu\u00e9rito policial foi finalizado na quinta-feira (17\/12), e a Pol\u00edcia Civil indiciou suspeito, concluindo ser a motiva\u00e7\u00e3o passional por ele confirmada. As investiga\u00e7\u00f5es conclu\u00edram, ainda, que o crime foi praticado \u00e0 emboscada, posto que o suspeito j\u00e1 se encontrava dentro da resid\u00eancia da v\u00edtima o aguardando para ceifar a sua vida, o que foi feito por meio da arma de fogo apreendida (rev\u00f3lver calibre 38) e a pr\u00f3pria arma do militar, uma pistola calibre 40 da carga da PMMG.<\/p>\n\n\n\n<p>A equipe de investiga\u00e7\u00e3o formou esta convic\u00e7\u00e3o analisando os vest\u00edgios e os detalhes da cena do crime, sobretudo a dire\u00e7\u00e3o dos disparos que atingiram a v\u00edtima, sendo conclu\u00eddo que o suspeito possivelmente estava escondido em algum c\u00f4modo da casa quando a v\u00edtima chegou e foi tomar banho, momento em que o suspeito se apossou da arma da v\u00edtima e a surpreendeu no banheiro de costas, iniciando os disparos com o rev\u00f3lver, que atingiram costas, bra\u00e7o e peito, e feito a transi\u00e7\u00e3o de arma para a da v\u00edtima, a pistola cal 40, efetuando tr\u00eas disparos na cabe\u00e7a.<\/p>\n\n\n\n<p>As investiga\u00e7\u00f5es apontaram tamb\u00e9m que o suspeito j\u00e1 havia entrado na resid\u00eancia da v\u00edtima em outra ocasi\u00e3o. A PC representou pela decreta\u00e7\u00e3o da pris\u00e3o preventiva do suspeito, que foi decretada pelo Ju\u00edzo da Comarca de Pedra Azul, ap\u00f3s manifesta\u00e7\u00e3o favor\u00e1vel do Minist\u00e9rio P\u00fablico. Ele foi indiciado por homic\u00eddio triplamente qualificado e pode pegar at\u00e9 30 anos de pris\u00e3o. (Informa\u00e7\u00f5es\/Fotos: PCMG\/ Dr. Thiago Passos).<\/p>\n\n\n\n<figure class=\"wp-block-image size-large is-resized\"><img loading=\"lazy\" decoding=\"async\" src=\"https:\/\/diariotribuna.com.br\/wp-content\/uploads\/2020\/12\/2-12.jpg\" alt=\"\" class=\"wp-image-6864\" width=\"521\" height=\"292\" srcset=\"https:\/\/diariotribuna.com.br\/wp-content\/uploads\/2020\/12\/2-12.jpg 700w, https:\/\/diariotribuna.com.br\/wp-content\/uploads\/2020\/12\/2-12-300x168.jpg 300w, https:\/\/diariotribuna.com.br\/wp-content\/uploads\/2020\/12\/2-12-696x391.jpg 696w\" sizes=\"(max-width: 521px) 100vw, 521px\" \/><\/figure>\n\n\n\n<figure class=\"wp-block-image size-large is-resized\"><img loading=\"lazy\" decoding=\"async\" src=\"https:\/\/diariotribuna.com.br\/wp-content\/uploads\/2020\/12\/3-11.jpg\" alt=\"\" class=\"wp-image-6865\" width=\"524\" height=\"356\" srcset=\"https:\/\/diariotribuna.com.br\/wp-content\/uploads\/2020\/12\/3-11.jpg 700w, https:\/\/diariotribuna.com.br\/wp-content\/uploads\/2020\/12\/3-11-300x204.jpg 300w, https:\/\/diariotribuna.com.br\/wp-content\/uploads\/2020\/12\/3-11-696x474.jpg 696w, https:\/\/diariotribuna.com.br\/wp-content\/uploads\/2020\/12\/3-11-616x420.jpg 616w\" sizes=\"(max-width: 524px) 100vw, 524px\" \/><figcaption><strong>Um rev\u00f3lver calibre 38 usado no crime foi apreendido<\/strong><\/figcaption><\/figure>\n","protected":false},"excerpt":{"rendered":"<p>A Pol\u00edcia Civil de Minas Gerais, por meio da 2\u00aa Delegacia Regional Pedra Azul, concluiu, na quinta-feira (17\/12\/2020), o inqu\u00e9rito policial que apurava o homic\u00eddio praticado contra o policial militar J.G.L, de 31 anos, em Cachoeira de Paje\u00fa, no Vale do Jequitinhonha. O crime ocorreu na madrugada do dia 14\/10\/20, logo ap\u00f3s o militar encerrar [&hellip;]<\/p>\n","protected":false},"author":1,"featured_media":6863,"comment_status":"open","ping_status":"open","sticky":false,"template":"","format":"standard","meta":{"rop_custom_images_group":[],"rop_custom_messages_group":[],"rop_publish_now":"initial","rop_publish_now_accounts":[],"rop_publish_now_history":[],"rop_publish_now_status":"pending","footnotes":""},"categories":[18],"tags":[1920,107,292,2369],"class_list":["post-6855","post","type-post","status-publish","format-standard","has-post-thumbnail","hentry","category-regiao","tag-cachoeira-de-pajeu","tag-homicidio","tag-policia-civil","tag-policial-militar-vitima"],"_links":{"self":[{"href":"https:\/\/diariotribuna.com.br\/index.php?rest_route=\/wp\/v2\/posts\/6855"}],"collection":[{"href":"https:\/\/diariotribuna.com.br\/index.php?rest_route=\/wp\/v2\/posts"}],"about":[{"href":"https:\/\/diariotribuna.com.br\/index.php?rest_route=\/wp\/v2\/types\/post"}],"author":[{"embeddable":true,"href":"https:\/\/diariotribuna.com.br\/index.php?rest_route=\/wp\/v2\/users\/1"}],"replies":[{"embeddable":true,"href":"https:\/\/diariotribuna.com.br\/index.php?rest_route=%2Fwp%2Fv2%2Fcomments&post=6855"}],"version-history":[{"count":5,"href":"https:\/\/diariotribuna.com.br\/index.php?rest_route=\/wp\/v2\/posts\/6855\/revisions"}],"predecessor-version":[{"id":6872,"href":"https:\/\/diariotribuna.com.br\/index.php?rest_route=\/wp\/v2\/posts\/6855\/revisions\/6872"}],"wp:featuredmedia":[{"embeddable":true,"href":"https:\/\/diariotribuna.com.br\/index.php?rest_route=\/wp\/v2\/media\/6863"}],"wp:attachment":[{"href":"https:\/\/diariotribuna.com.br\/index.php?rest_route=%2Fwp%2Fv2%2Fmedia&parent=6855"}],"wp:term":[{"taxonomy":"category","embeddable":true,"href":"https:\/\/diariotribuna.com.br\/index.php?rest_route=%2Fwp%2Fv2%2Fcategories&post=6855"},{"taxonomy":"post_tag","embeddable":true,"href":"https:\/\/diariotribuna.com.br\/index.php?rest_route=%2Fwp%2Fv2%2Ftags&post=6855"}],"curies":[{"name":"wp","href":"https:\/\/api.w.org\/{rel}","templated":true}]}}