{"id":6884,"date":"2020-12-27T01:37:27","date_gmt":"2020-12-27T04:37:27","guid":{"rendered":"https:\/\/diariotribuna.com.br\/?p=6884"},"modified":"2020-12-27T01:37:29","modified_gmt":"2020-12-27T04:37:29","slug":"teofilo-otoni-registra-134-obitos-por-complicacoes-causadas-pela-covid-19","status":"publish","type":"post","link":"https:\/\/diariotribuna.com.br\/?p=6884","title":{"rendered":"Te\u00f3filo Otoni registra 134 \u00f3bitos por complica\u00e7\u00f5es causadas pela Covid-19"},"content":{"rendered":"\n<figure class=\"wp-block-image size-large is-resized\"><img loading=\"lazy\" decoding=\"async\" src=\"https:\/\/diariotribuna.com.br\/wp-content\/uploads\/2020\/12\/Teofilo-Otoni-1.jpg\" alt=\"\" class=\"wp-image-6886\" width=\"485\" height=\"273\" srcset=\"https:\/\/diariotribuna.com.br\/wp-content\/uploads\/2020\/12\/Teofilo-Otoni-1.jpg 640w, https:\/\/diariotribuna.com.br\/wp-content\/uploads\/2020\/12\/Teofilo-Otoni-1-300x169.jpg 300w\" sizes=\"(max-width: 485px) 100vw, 485px\" \/><\/figure>\n\n\n\n<p>O boletim epidemiol\u00f3gico divulgado pela Secretaria Municipal de Sa\u00fade na noite deste s\u00e1bado (26\/12), confirma <strong>4.260 casos positivos<\/strong> de covid-19 em Te\u00f3filo Otoni, 26 a mais nas \u00faltimas 24 horas. At\u00e9 esta data o munic\u00edpio computa <strong>134 \u00f3bitos por complica\u00e7\u00f5es causadas pela covid-19<\/strong>. J\u00e1 foram descartados 14.348 casos suspeitos, tem 776 casos ativos e tem 3.350 casos de infectados j\u00e1 recuperados.<\/p>\n\n\n\n<p><strong>No boletim de sexta-feira (25),<\/strong> foram inseridos 02 \u00f3bitos, ocorridos dias 22 e 24\/12\/2020 (ter\u00e7a e quinta-feira), sendo dois idosos. O <strong>1\u00ba \u00f3bito<\/strong> trata-se de um idoso de 96 anos, que estava internado no Hospital Santa Ros\u00e1lia. O <strong>2\u00ba \u00f3bito<\/strong> trata-se de um idoso de 83 anos, que estava internado no Hospital Metropolitano em Ipatinga. Segundo a secretaria de sa\u00fade, o primeiro paciente n\u00e3o era portador de comorbidades e o segundo era. Os dois receberam assist\u00eancia e tratamento necess\u00e1rios e tiveram os resultados confirmados por RT-PCR.<\/p>\n\n\n\n<p><strong>Das Interna\u00e7\u00f5es:<\/strong> Pelo <strong>SUS, Conv\u00eanio e Particular<\/strong> tem 40 leitos de UTI Covid e 36 est\u00e3o ocupados, sendo 21 pacientes de Te\u00f3filo Otoni e 15 de outros munic\u00edpios <strong>(90,00% de ocupa\u00e7\u00e3o<\/strong>). Tem <strong>58 Leitos de Enfermaria Covid<\/strong> e 32 est\u00e3o ocupados, sendo 25 pacientes de Te\u00f3filo Otoni e 07 de outros munic\u00edpios <strong>(55,00% de ocupa\u00e7\u00e3o)<\/strong>.<\/p>\n","protected":false},"excerpt":{"rendered":"<p>O boletim epidemiol\u00f3gico divulgado pela Secretaria Municipal de Sa\u00fade na noite deste s\u00e1bado (26\/12), confirma 4.260 casos positivos de covid-19 em Te\u00f3filo Otoni, 26 a mais nas \u00faltimas 24 horas. At\u00e9 esta data o munic\u00edpio computa 134 \u00f3bitos por complica\u00e7\u00f5es causadas pela covid-19. J\u00e1 foram descartados 14.348 casos suspeitos, tem 776 casos ativos e tem [&hellip;]<\/p>\n","protected":false},"author":1,"featured_media":6886,"comment_status":"open","ping_status":"open","sticky":false,"template":"","format":"standard","meta":{"rop_custom_images_group":[],"rop_custom_messages_group":[],"rop_publish_now":"initial","rop_publish_now_accounts":[],"rop_publish_now_history":[],"rop_publish_now_status":"pending","footnotes":""},"categories":[192],"tags":[2371,489,84,75],"class_list":["post-6884","post","type-post","status-publish","format-standard","has-post-thumbnail","hentry","category-covid19","tag-26-12-2020","tag-boletim-epidemiologico","tag-covid-19","tag-teofilo-otoni"],"_links":{"self":[{"href":"https:\/\/diariotribuna.com.br\/index.php?rest_route=\/wp\/v2\/posts\/6884"}],"collection":[{"href":"https:\/\/diariotribuna.com.br\/index.php?rest_route=\/wp\/v2\/posts"}],"about":[{"href":"https:\/\/diariotribuna.com.br\/index.php?rest_route=\/wp\/v2\/types\/post"}],"author":[{"embeddable":true,"href":"https:\/\/diariotribuna.com.br\/index.php?rest_route=\/wp\/v2\/users\/1"}],"replies":[{"embeddable":true,"href":"https:\/\/diariotribuna.com.br\/index.php?rest_route=%2Fwp%2Fv2%2Fcomments&post=6884"}],"version-history":[{"count":1,"href":"https:\/\/diariotribuna.com.br\/index.php?rest_route=\/wp\/v2\/posts\/6884\/revisions"}],"predecessor-version":[{"id":6887,"href":"https:\/\/diariotribuna.com.br\/index.php?rest_route=\/wp\/v2\/posts\/6884\/revisions\/6887"}],"wp:featuredmedia":[{"embeddable":true,"href":"https:\/\/diariotribuna.com.br\/index.php?rest_route=\/wp\/v2\/media\/6886"}],"wp:attachment":[{"href":"https:\/\/diariotribuna.com.br\/index.php?rest_route=%2Fwp%2Fv2%2Fmedia&parent=6884"}],"wp:term":[{"taxonomy":"category","embeddable":true,"href":"https:\/\/diariotribuna.com.br\/index.php?rest_route=%2Fwp%2Fv2%2Fcategories&post=6884"},{"taxonomy":"post_tag","embeddable":true,"href":"https:\/\/diariotribuna.com.br\/index.php?rest_route=%2Fwp%2Fv2%2Ftags&post=6884"}],"curies":[{"name":"wp","href":"https:\/\/api.w.org\/{rel}","templated":true}]}}