{"id":6888,"date":"2020-12-27T01:46:18","date_gmt":"2020-12-27T04:46:18","guid":{"rendered":"https:\/\/diariotribuna.com.br\/?p=6888"},"modified":"2020-12-27T01:47:01","modified_gmt":"2020-12-27T04:47:01","slug":"brasil-registra-17-246-novos-casos-e-307-mortes-por-covid-19","status":"publish","type":"post","link":"https:\/\/diariotribuna.com.br\/?p=6888","title":{"rendered":"Brasil registra 17.246 novos casos e 307 mortes por covid-19"},"content":{"rendered":"\n<p><strong>O estado de S\u00e3o Paulo tem o maior n\u00famero de casos acumulados<\/strong><\/p>\n\n\n\n<figure class=\"wp-block-image size-large is-resized\"><img loading=\"lazy\" decoding=\"async\" src=\"https:\/\/diariotribuna.com.br\/wp-content\/uploads\/2020\/12\/unnamed-file-22.jpg\" alt=\"\" class=\"wp-image-6892\" width=\"529\" height=\"316\" srcset=\"https:\/\/diariotribuna.com.br\/wp-content\/uploads\/2020\/12\/unnamed-file-22.jpg 700w, https:\/\/diariotribuna.com.br\/wp-content\/uploads\/2020\/12\/unnamed-file-22-300x179.jpg 300w, https:\/\/diariotribuna.com.br\/wp-content\/uploads\/2020\/12\/unnamed-file-22-696x416.jpg 696w\" sizes=\"(max-width: 529px) 100vw, 529px\" \/><\/figure>\n\n\n\n<p>O Minist\u00e9rio da Sa\u00fade divulgou neste s\u00e1bado (26\/12) novos n\u00fameros sobre a pandemia do novo coronav\u00edrus (covid-19) no pa\u00eds. De acordo com levantamento di\u00e1rio feito pela pasta, o Brasil tem 7.465.806 casos confirmados da doen\u00e7a e 190.795 mortes registradas. Os casos recuperados somam 6.475.466. <strong>Nas \u00faltimas 24 horas, o minist\u00e9rio registrou 17.246 novos casos e 307 mortes.<\/strong><\/p>\n\n\n\n<figure class=\"wp-block-image size-large is-resized\"><img loading=\"lazy\" decoding=\"async\" src=\"https:\/\/diariotribuna.com.br\/wp-content\/uploads\/2020\/12\/eqmh8itxyaqfckt-2.jpg\" alt=\"\" class=\"wp-image-6894\" width=\"538\" height=\"300\" srcset=\"https:\/\/diariotribuna.com.br\/wp-content\/uploads\/2020\/12\/eqmh8itxyaqfckt-2.jpg 700w, https:\/\/diariotribuna.com.br\/wp-content\/uploads\/2020\/12\/eqmh8itxyaqfckt-2-300x168.jpg 300w, https:\/\/diariotribuna.com.br\/wp-content\/uploads\/2020\/12\/eqmh8itxyaqfckt-2-696x389.jpg 696w\" sizes=\"(max-width: 538px) 100vw, 538px\" \/><\/figure>\n\n\n\n<p>O estado de S\u00e3o Paulo tem o maior n\u00famero de casos acumulados desde o in\u00edcio da pandemia, com 1.423.340 e 45.808 mortes. Em seguida est\u00e3o Minas Gerais (522.331 casos e 11.585 \u00f3bitos), Bahia (482.113 casos e 8.983 \u00f3bitos) e Santa Catarina (478.242 casos e 5.007 \u00f3bitos). De acordo com o Minist\u00e9rio da Sa\u00fade, 2.356 casos est\u00e3o em investiga\u00e7\u00e3o. (Ag\u00eancia Brasil)<\/p>\n","protected":false},"excerpt":{"rendered":"<p>O estado de S\u00e3o Paulo tem o maior n\u00famero de casos acumulados O Minist\u00e9rio da Sa\u00fade divulgou neste s\u00e1bado (26\/12) novos n\u00fameros sobre a pandemia do novo coronav\u00edrus (covid-19) no pa\u00eds. De acordo com levantamento di\u00e1rio feito pela pasta, o Brasil tem 7.465.806 casos confirmados da doen\u00e7a e 190.795 mortes registradas. Os casos recuperados somam [&hellip;]<\/p>\n","protected":false},"author":1,"featured_media":6892,"comment_status":"open","ping_status":"open","sticky":false,"template":"","format":"standard","meta":{"rop_custom_images_group":[],"rop_custom_messages_group":[],"rop_publish_now":"initial","rop_publish_now_accounts":[],"rop_publish_now_history":[],"rop_publish_now_status":"pending","footnotes":""},"categories":[192],"tags":[2371,489,393,84],"class_list":["post-6888","post","type-post","status-publish","format-standard","has-post-thumbnail","hentry","category-covid19","tag-26-12-2020","tag-boletim-epidemiologico","tag-brasil","tag-covid-19"],"_links":{"self":[{"href":"https:\/\/diariotribuna.com.br\/index.php?rest_route=\/wp\/v2\/posts\/6888"}],"collection":[{"href":"https:\/\/diariotribuna.com.br\/index.php?rest_route=\/wp\/v2\/posts"}],"about":[{"href":"https:\/\/diariotribuna.com.br\/index.php?rest_route=\/wp\/v2\/types\/post"}],"author":[{"embeddable":true,"href":"https:\/\/diariotribuna.com.br\/index.php?rest_route=\/wp\/v2\/users\/1"}],"replies":[{"embeddable":true,"href":"https:\/\/diariotribuna.com.br\/index.php?rest_route=%2Fwp%2Fv2%2Fcomments&post=6888"}],"version-history":[{"count":2,"href":"https:\/\/diariotribuna.com.br\/index.php?rest_route=\/wp\/v2\/posts\/6888\/revisions"}],"predecessor-version":[{"id":6896,"href":"https:\/\/diariotribuna.com.br\/index.php?rest_route=\/wp\/v2\/posts\/6888\/revisions\/6896"}],"wp:featuredmedia":[{"embeddable":true,"href":"https:\/\/diariotribuna.com.br\/index.php?rest_route=\/wp\/v2\/media\/6892"}],"wp:attachment":[{"href":"https:\/\/diariotribuna.com.br\/index.php?rest_route=%2Fwp%2Fv2%2Fmedia&parent=6888"}],"wp:term":[{"taxonomy":"category","embeddable":true,"href":"https:\/\/diariotribuna.com.br\/index.php?rest_route=%2Fwp%2Fv2%2Fcategories&post=6888"},{"taxonomy":"post_tag","embeddable":true,"href":"https:\/\/diariotribuna.com.br\/index.php?rest_route=%2Fwp%2Fv2%2Ftags&post=6888"}],"curies":[{"name":"wp","href":"https:\/\/api.w.org\/{rel}","templated":true}]}}