{"id":6897,"date":"2020-12-27T01:58:19","date_gmt":"2020-12-27T04:58:19","guid":{"rendered":"https:\/\/diariotribuna.com.br\/?p=6897"},"modified":"2020-12-27T01:59:23","modified_gmt":"2020-12-27T04:59:23","slug":"minas-gerais-informe-epidemiologico-coronavirus-em-26-12-2020","status":"publish","type":"post","link":"https:\/\/diariotribuna.com.br\/?p=6897","title":{"rendered":"Minas Gerais: Informe Epidemiol\u00f3gico Coronav\u00edrus em 26\/12\/2020"},"content":{"rendered":"\n<figure class=\"wp-block-image size-large is-resized\"><img loading=\"lazy\" decoding=\"async\" src=\"https:\/\/diariotribuna.com.br\/wp-content\/uploads\/2020\/12\/Sem-titulo.png\" alt=\"\" class=\"wp-image-6898\" width=\"542\" height=\"360\" srcset=\"https:\/\/diariotribuna.com.br\/wp-content\/uploads\/2020\/12\/Sem-titulo.png 700w, https:\/\/diariotribuna.com.br\/wp-content\/uploads\/2020\/12\/Sem-titulo-300x199.png 300w, https:\/\/diariotribuna.com.br\/wp-content\/uploads\/2020\/12\/Sem-titulo-696x462.png 696w, https:\/\/diariotribuna.com.br\/wp-content\/uploads\/2020\/12\/Sem-titulo-632x420.png 632w\" sizes=\"(max-width: 542px) 100vw, 542px\" \/><\/figure>\n\n\n\n<p>At\u00e9 o momento, o Estado confirmou 522.331 casos positivos de Covid-19. Est\u00e3o em acompanhamento 40.457 e j\u00e1 s\u00e3o 470.289 casos recuperados. O Estado confirma tamb\u00e9m 11.585 \u00f3bitos at\u00e9 esta data (26\/12). <strong>Nas \u00faltimas 24 Horas foram confirmados 2.113 casos positivos de Covid-19 e 23 \u00f3bitos.<\/strong><\/p>\n\n\n\n<p>Esse n\u00famero retrata os novos registros notificados \u00e0 SES\/MG nas \u00faltimas 24h, mas que ocorreram em per\u00edodos anteriores. Desse modo, o aumento no n\u00famero de \u00f3bitos registrados nas \u00faltimas 24h pode n\u00e3o representar um aumento na transmiss\u00e3o da Covid-19, mas a qualifica\u00e7\u00e3o do sistema de informa\u00e7\u00e3o, com encerramento de \u00f3bitos ocorridos anteriormente e que estavam em investiga\u00e7\u00e3o.<\/p>\n\n\n\n<p><strong>Total de casos confirmados:<\/strong> soma dos casos confirmados que n\u00e3o evolu\u00edram para \u00f3bito e dos \u00f3bitos confirmados por Covid-19.<\/p>\n\n\n\n<p><strong>Casos em acompanhamento:<\/strong> casos confirmados de Covid-19 que n\u00e3o evolu\u00edram para \u00f3bito, cuja condi\u00e7\u00e3o cl\u00ednica permanece sendo acompanhada ou aguarda atualiza\u00e7\u00e3o pelos munic\u00edpios.<\/p>\n\n\n\n<p><strong>Casos recuperados:<\/strong> casos confirmados de Covid-19 que receberam alta hospitalar e\/ou cumpriram isolamento domiciliar de 14 dias sem intercorr\u00eancias.<\/p>\n\n\n\n<p><strong>\u00d3bitos confirmados:<\/strong> \u00f3bitos confirmados para Covid-19.<\/p>\n\n\n\n<p>(Fonte: Painel COVID-19 MG\/Sala de Situa\u00e7\u00e3o\/SubVS\/SES\/MG. Dados parciais, sujeitos a altera\u00e7\u00f5es. Atualizado em 26\/12\/2020).<\/p>\n","protected":false},"excerpt":{"rendered":"<p>At\u00e9 o momento, o Estado confirmou 522.331 casos positivos de Covid-19. Est\u00e3o em acompanhamento 40.457 e j\u00e1 s\u00e3o 470.289 casos recuperados. O Estado confirma tamb\u00e9m 11.585 \u00f3bitos at\u00e9 esta data (26\/12). Nas \u00faltimas 24 Horas foram confirmados 2.113 casos positivos de Covid-19 e 23 \u00f3bitos. Esse n\u00famero retrata os novos registros notificados \u00e0 SES\/MG nas [&hellip;]<\/p>\n","protected":false},"author":1,"featured_media":6898,"comment_status":"open","ping_status":"open","sticky":false,"template":"","format":"standard","meta":{"rop_custom_images_group":[],"rop_custom_messages_group":[],"rop_publish_now":"initial","rop_publish_now_accounts":[],"rop_publish_now_history":[],"rop_publish_now_status":"pending","footnotes":""},"categories":[192],"tags":[2371,489,84,70],"class_list":["post-6897","post","type-post","status-publish","format-standard","has-post-thumbnail","hentry","category-covid19","tag-26-12-2020","tag-boletim-epidemiologico","tag-covid-19","tag-minas-gerais"],"_links":{"self":[{"href":"https:\/\/diariotribuna.com.br\/index.php?rest_route=\/wp\/v2\/posts\/6897"}],"collection":[{"href":"https:\/\/diariotribuna.com.br\/index.php?rest_route=\/wp\/v2\/posts"}],"about":[{"href":"https:\/\/diariotribuna.com.br\/index.php?rest_route=\/wp\/v2\/types\/post"}],"author":[{"embeddable":true,"href":"https:\/\/diariotribuna.com.br\/index.php?rest_route=\/wp\/v2\/users\/1"}],"replies":[{"embeddable":true,"href":"https:\/\/diariotribuna.com.br\/index.php?rest_route=%2Fwp%2Fv2%2Fcomments&post=6897"}],"version-history":[{"count":2,"href":"https:\/\/diariotribuna.com.br\/index.php?rest_route=\/wp\/v2\/posts\/6897\/revisions"}],"predecessor-version":[{"id":6900,"href":"https:\/\/diariotribuna.com.br\/index.php?rest_route=\/wp\/v2\/posts\/6897\/revisions\/6900"}],"wp:featuredmedia":[{"embeddable":true,"href":"https:\/\/diariotribuna.com.br\/index.php?rest_route=\/wp\/v2\/media\/6898"}],"wp:attachment":[{"href":"https:\/\/diariotribuna.com.br\/index.php?rest_route=%2Fwp%2Fv2%2Fmedia&parent=6897"}],"wp:term":[{"taxonomy":"category","embeddable":true,"href":"https:\/\/diariotribuna.com.br\/index.php?rest_route=%2Fwp%2Fv2%2Fcategories&post=6897"},{"taxonomy":"post_tag","embeddable":true,"href":"https:\/\/diariotribuna.com.br\/index.php?rest_route=%2Fwp%2Fv2%2Ftags&post=6897"}],"curies":[{"name":"wp","href":"https:\/\/api.w.org\/{rel}","templated":true}]}}