{"id":6949,"date":"2020-12-30T00:00:14","date_gmt":"2020-12-30T03:00:14","guid":{"rendered":"https:\/\/diariotribuna.com.br\/?p=6949"},"modified":"2020-12-30T00:00:16","modified_gmt":"2020-12-30T03:00:16","slug":"secretaria-de-saude-confirma-4-355-casos-de-covid-19-e-136-obitos-em-teofilo-otoni","status":"publish","type":"post","link":"https:\/\/diariotribuna.com.br\/?p=6949","title":{"rendered":"Secretaria de Sa\u00fade confirma 4.355 casos de covid-19 e 136 \u00f3bitos em Te\u00f3filo Otoni"},"content":{"rendered":"\n<figure class=\"wp-block-image size-large is-resized\"><img loading=\"lazy\" decoding=\"async\" src=\"https:\/\/diariotribuna.com.br\/wp-content\/uploads\/2020\/12\/Pote.jpg\" alt=\"\" class=\"wp-image-6950\" width=\"490\" height=\"251\" srcset=\"https:\/\/diariotribuna.com.br\/wp-content\/uploads\/2020\/12\/Pote.jpg 600w, https:\/\/diariotribuna.com.br\/wp-content\/uploads\/2020\/12\/Pote-300x154.jpg 300w\" sizes=\"(max-width: 490px) 100vw, 490px\" \/><\/figure>\n\n\n\n<p>O boletim epidemiol\u00f3gico divulgado pela Secretaria Municipal de Sa\u00fade na noite desta ter\u00e7a-feira (29\/12), confirma <strong>4.355 casos positivos<\/strong> de covid-19 em Te\u00f3filo Otoni, 58 casos a mais nas \u00faltimas 24 horas. O boletim registra ainda <strong>mais 02 \u00f3bitos<\/strong> por complica\u00e7\u00f5es causadas pela covid-19,<strong> totalizando<\/strong> at\u00e9 esta data <strong>136 \u00f3bitos<\/strong>. J\u00e1 foram descartados 14.447 casos suspeitos, tem 822 casos ativos e tem 3.397 casos de infectados j\u00e1 recuperados.<\/p>\n\n\n\n<p>O dois \u00faltimos \u00f3bitos ocorreram na segunda-feira (28\/12\/2020). O primeiro trata-se de um idoso de 81 anos, o segundo \u00e9 uma mulher de 57 anos, os dois estavam internados no Hospital Philadelfia, em Te\u00f3filo Otoni. De acordo com a secretaria de sa\u00fade, o idoso era portador de comorbidades e teve o resultado confirmado por teste r\u00e1pido positivo. A mulher n\u00e3o possu\u00eda comorbidades e teve o resultado confirmado por RT-PCR. Os dois receberam assist\u00eancia e tratamento necess\u00e1rios.<\/p>\n\n\n\n<p><strong>Das Interna\u00e7\u00f5es:<\/strong> Pelo <strong>SUS, Conv\u00eanio e Particular<\/strong> tem 40 leitos de UTI Covid e 31 est\u00e3o ocupados, sendo 20 pacientes de Te\u00f3filo Otoni e 11 de outros munic\u00edpios <strong>(77,50% de ocupa\u00e7\u00e3o<\/strong>). Tem <strong>58 Leitos de Enfermaria Covid<\/strong> e 30 est\u00e3o ocupados, sendo 23 pacientes de Te\u00f3filo Otoni e 07 de outros munic\u00edpios <strong>(52,00% de ocupa\u00e7\u00e3o)<\/strong>.<\/p>\n","protected":false},"excerpt":{"rendered":"<p>O boletim epidemiol\u00f3gico divulgado pela Secretaria Municipal de Sa\u00fade na noite desta ter\u00e7a-feira (29\/12), confirma 4.355 casos positivos de covid-19 em Te\u00f3filo Otoni, 58 casos a mais nas \u00faltimas 24 horas. O boletim registra ainda mais 02 \u00f3bitos por complica\u00e7\u00f5es causadas pela covid-19, totalizando at\u00e9 esta data 136 \u00f3bitos. J\u00e1 foram descartados 14.447 casos suspeitos, [&hellip;]<\/p>\n","protected":false},"author":1,"featured_media":6950,"comment_status":"open","ping_status":"open","sticky":false,"template":"","format":"standard","meta":{"rop_custom_images_group":[],"rop_custom_messages_group":[],"rop_publish_now":"initial","rop_publish_now_accounts":[],"rop_publish_now_history":[],"rop_publish_now_status":"pending","footnotes":""},"categories":[192],"tags":[2379,489,84,75],"class_list":["post-6949","post","type-post","status-publish","format-standard","has-post-thumbnail","hentry","category-covid19","tag-29-12-2020","tag-boletim-epidemiologico","tag-covid-19","tag-teofilo-otoni"],"_links":{"self":[{"href":"https:\/\/diariotribuna.com.br\/index.php?rest_route=\/wp\/v2\/posts\/6949"}],"collection":[{"href":"https:\/\/diariotribuna.com.br\/index.php?rest_route=\/wp\/v2\/posts"}],"about":[{"href":"https:\/\/diariotribuna.com.br\/index.php?rest_route=\/wp\/v2\/types\/post"}],"author":[{"embeddable":true,"href":"https:\/\/diariotribuna.com.br\/index.php?rest_route=\/wp\/v2\/users\/1"}],"replies":[{"embeddable":true,"href":"https:\/\/diariotribuna.com.br\/index.php?rest_route=%2Fwp%2Fv2%2Fcomments&post=6949"}],"version-history":[{"count":1,"href":"https:\/\/diariotribuna.com.br\/index.php?rest_route=\/wp\/v2\/posts\/6949\/revisions"}],"predecessor-version":[{"id":6951,"href":"https:\/\/diariotribuna.com.br\/index.php?rest_route=\/wp\/v2\/posts\/6949\/revisions\/6951"}],"wp:featuredmedia":[{"embeddable":true,"href":"https:\/\/diariotribuna.com.br\/index.php?rest_route=\/wp\/v2\/media\/6950"}],"wp:attachment":[{"href":"https:\/\/diariotribuna.com.br\/index.php?rest_route=%2Fwp%2Fv2%2Fmedia&parent=6949"}],"wp:term":[{"taxonomy":"category","embeddable":true,"href":"https:\/\/diariotribuna.com.br\/index.php?rest_route=%2Fwp%2Fv2%2Fcategories&post=6949"},{"taxonomy":"post_tag","embeddable":true,"href":"https:\/\/diariotribuna.com.br\/index.php?rest_route=%2Fwp%2Fv2%2Ftags&post=6949"}],"curies":[{"name":"wp","href":"https:\/\/api.w.org\/{rel}","templated":true}]}}