{"id":6972,"date":"2020-12-31T01:06:43","date_gmt":"2020-12-31T04:06:43","guid":{"rendered":"https:\/\/diariotribuna.com.br\/?p=6972"},"modified":"2020-12-31T01:07:32","modified_gmt":"2020-12-31T04:07:32","slug":"bolsonaro-anuncia-aumento-do-salario-minimo-para-r-1-100","status":"publish","type":"post","link":"https:\/\/diariotribuna.com.br\/?p=6972","title":{"rendered":"Bolsonaro anuncia aumento do sal\u00e1rio m\u00ednimo para R$ 1.100"},"content":{"rendered":"\n<p><strong>Valor representa reajuste de 5,26% em rela\u00e7\u00e3o ao valor atual<\/strong><\/p>\n\n\n\n<figure class=\"wp-block-image size-large is-resized\"><img loading=\"lazy\" decoding=\"async\" src=\"https:\/\/diariotribuna.com.br\/wp-content\/uploads\/2020\/12\/real_moeda_50_reais020120a84t47165203.jpg\" alt=\"\" class=\"wp-image-6973\" width=\"503\" height=\"300\" srcset=\"https:\/\/diariotribuna.com.br\/wp-content\/uploads\/2020\/12\/real_moeda_50_reais020120a84t47165203.jpg 700w, https:\/\/diariotribuna.com.br\/wp-content\/uploads\/2020\/12\/real_moeda_50_reais020120a84t47165203-300x179.jpg 300w, https:\/\/diariotribuna.com.br\/wp-content\/uploads\/2020\/12\/real_moeda_50_reais020120a84t47165203-696x416.jpg 696w\" sizes=\"(max-width: 503px) 100vw, 503px\" \/><\/figure>\n\n\n\n<p>O presidente Jair Bolsonaro anunciou nesta quarta-feira (30\/12), em redes sociais, a assinatura de uma medida provis\u00f3ria (MP) que elevar\u00e1 o sal\u00e1rio m\u00ednimo para R$ 1.100, com vig\u00eancia a partir de 1\u00ba de janeiro. O valor atual \u00e9 de R$ 1.045.<img decoding=\"async\" src=\"https:\/\/agenciabrasil.ebc.com.br\/ebc.png?id=1397639&amp;o=node\"><\/p>\n\n\n\n<p>\u201cO valor de R$ 1.100,00 se refere ao sal\u00e1rio m\u00ednimo nacional. O valor \u00e9 aplic\u00e1vel a todos os trabalhadores, do setor p\u00fablico e privado, e tamb\u00e9m para as aposentadorias e pens\u00f5es\u201d, afirmou o presidente.<\/p>\n\n\n\n<figure class=\"wp-block-image size-large\"><img loading=\"lazy\" decoding=\"async\" width=\"600\" height=\"273\" src=\"https:\/\/diariotribuna.com.br\/wp-content\/uploads\/2020\/12\/Sem-titulo-1.png\" alt=\"\" class=\"wp-image-6974\" srcset=\"https:\/\/diariotribuna.com.br\/wp-content\/uploads\/2020\/12\/Sem-titulo-1.png 600w, https:\/\/diariotribuna.com.br\/wp-content\/uploads\/2020\/12\/Sem-titulo-1-300x137.png 300w\" sizes=\"(max-width: 600px) 100vw, 600px\" \/><\/figure>\n\n\n\n<p>Em meados de dezembro, o Congresso havia aprovado a Lei de Diretrizes Or\u00e7ament\u00e1rias (LDO) para 2021, fixando o sal\u00e1rio-m\u00ednimo em R$ 1.088. Na proposta aprovada pelos parlamentares, n\u00e3o houve aumento real no sal\u00e1rio, tendo sido feita apenas a corre\u00e7\u00e3o com base na previs\u00e3o da infla\u00e7\u00e3o acumulada no ano, de acordo com o \u00cdndice Nacional de Pre\u00e7os ao Consumidor (INPC). (Ag\u00eancia Brasil),<\/p>\n","protected":false},"excerpt":{"rendered":"<p>Valor representa reajuste de 5,26% em rela\u00e7\u00e3o ao valor atual O presidente Jair Bolsonaro anunciou nesta quarta-feira (30\/12), em redes sociais, a assinatura de uma medida provis\u00f3ria (MP) que elevar\u00e1 o sal\u00e1rio m\u00ednimo para R$ 1.100, com vig\u00eancia a partir de 1\u00ba de janeiro. O valor atual \u00e9 de R$ 1.045. \u201cO valor de R$ [&hellip;]<\/p>\n","protected":false},"author":1,"featured_media":6973,"comment_status":"open","ping_status":"open","sticky":false,"template":"","format":"standard","meta":{"rop_custom_images_group":[],"rop_custom_messages_group":[],"rop_publish_now":"initial","rop_publish_now_accounts":[],"rop_publish_now_history":[],"rop_publish_now_status":"pending","footnotes":""},"categories":[19],"tags":[396,2383,2382],"class_list":["post-6972","post","type-post","status-publish","format-standard","has-post-thumbnail","hentry","category-gerais","tag-bolsonaro","tag-r-1-100","tag-salario-minimo"],"_links":{"self":[{"href":"https:\/\/diariotribuna.com.br\/index.php?rest_route=\/wp\/v2\/posts\/6972"}],"collection":[{"href":"https:\/\/diariotribuna.com.br\/index.php?rest_route=\/wp\/v2\/posts"}],"about":[{"href":"https:\/\/diariotribuna.com.br\/index.php?rest_route=\/wp\/v2\/types\/post"}],"author":[{"embeddable":true,"href":"https:\/\/diariotribuna.com.br\/index.php?rest_route=\/wp\/v2\/users\/1"}],"replies":[{"embeddable":true,"href":"https:\/\/diariotribuna.com.br\/index.php?rest_route=%2Fwp%2Fv2%2Fcomments&post=6972"}],"version-history":[{"count":2,"href":"https:\/\/diariotribuna.com.br\/index.php?rest_route=\/wp\/v2\/posts\/6972\/revisions"}],"predecessor-version":[{"id":6976,"href":"https:\/\/diariotribuna.com.br\/index.php?rest_route=\/wp\/v2\/posts\/6972\/revisions\/6976"}],"wp:featuredmedia":[{"embeddable":true,"href":"https:\/\/diariotribuna.com.br\/index.php?rest_route=\/wp\/v2\/media\/6973"}],"wp:attachment":[{"href":"https:\/\/diariotribuna.com.br\/index.php?rest_route=%2Fwp%2Fv2%2Fmedia&parent=6972"}],"wp:term":[{"taxonomy":"category","embeddable":true,"href":"https:\/\/diariotribuna.com.br\/index.php?rest_route=%2Fwp%2Fv2%2Fcategories&post=6972"},{"taxonomy":"post_tag","embeddable":true,"href":"https:\/\/diariotribuna.com.br\/index.php?rest_route=%2Fwp%2Fv2%2Ftags&post=6972"}],"curies":[{"name":"wp","href":"https:\/\/api.w.org\/{rel}","templated":true}]}}