{"id":6977,"date":"2020-12-31T01:12:34","date_gmt":"2020-12-31T04:12:34","guid":{"rendered":"https:\/\/diariotribuna.com.br\/?p=6977"},"modified":"2020-12-31T01:14:53","modified_gmt":"2020-12-31T04:14:53","slug":"donos-de-veiculos-nao-vao-pagar-seguro-dpvat-em-2021","status":"publish","type":"post","link":"https:\/\/diariotribuna.com.br\/?p=6977","title":{"rendered":"Donos de ve\u00edculos n\u00e3o v\u00e3o pagar Seguro DPVAT em 2021"},"content":{"rendered":"\n<p><strong><strong>Decis\u00e3o \u00e9 do Conselho Nacional de Seguros Privados<\/strong><\/strong><\/p>\n\n\n\n<figure class=\"wp-block-image size-large is-resized\"><img loading=\"lazy\" decoding=\"async\" src=\"https:\/\/diariotribuna.com.br\/wp-content\/uploads\/2020\/12\/dpvat_3012203642.jpg\" alt=\"\" class=\"wp-image-6978\" width=\"528\" height=\"315\" srcset=\"https:\/\/diariotribuna.com.br\/wp-content\/uploads\/2020\/12\/dpvat_3012203642.jpg 700w, https:\/\/diariotribuna.com.br\/wp-content\/uploads\/2020\/12\/dpvat_3012203642-300x179.jpg 300w, https:\/\/diariotribuna.com.br\/wp-content\/uploads\/2020\/12\/dpvat_3012203642-696x416.jpg 696w\" sizes=\"(max-width: 528px) 100vw, 528px\" \/><\/figure>\n\n\n\n<p><em><strong>Propriet\u00e1rios de ve\u00edculos n\u00e3o\u00a0ter\u00e3o que pagar o Seguro<\/strong><\/em> <em><strong>Obrigat\u00f3rio de Danos Pessoais Causados por Ve\u00edculos Automotores (Seguro DPVAT), em 2021.<\/strong><\/em><\/p>\n\n\n\n<p>O Conselho Nacional de Seguros Privados (CNSP) aprovou, em reuni\u00e3o extraordin\u00e1ria realizada nessa\u00a0ter\u00e7a-feira (29), pr\u00eamio zero para o DPVAT em 2021 e autorizou a contrata\u00e7\u00e3o de novo operador pela Superintend\u00eancia de Seguros Privados (Susep), em car\u00e1ter\u00a0emergencial e tempor\u00e1rio. As resolu\u00e7\u00f5es do CNSP foram publicadas\u00a0nessa quarta-feira\u00a0(30) no\u00a0<a rel=\"noreferrer noopener\" href=\"https:\/\/www.in.gov.br\/web\/dou\/-\/resolucao-cnsp-n-398-de-29-de-dezembro-de-2020-296884187\" target=\"_blank\"><em>Di\u00e1rio Oficial da Uni\u00e3o<\/em><\/a>.<\/p>\n\n\n\n<p>Segundo a Susep, h\u00e1 excedentes de recursos cobrados em anos anteriores que s\u00e3o suficientes para pagar indeniza\u00e7\u00f5es em 2021.<\/p>\n\n\n\n<p>No final&nbsp;de novembro, foi anunciada a dissolu\u00e7\u00e3o da Cons\u00f3rcio do Seguro DPVAT a partir de 1\u00b0 de janeiro de 2021, ap\u00f3s decis\u00e3o de assembleia de seguradoras consorciadas. A partir desta data, a Seguradora L\u00edder n\u00e3o poder\u00e1 operar o Seguro DPVAT em nome das consorciadas, mas t\u00e3o somente administrar os ativos, passivos e neg\u00f3cios do Cons\u00f3rcio realizados at\u00e9&nbsp;31 de dezembro&nbsp;de 2020.<\/p>\n\n\n\n<p>No m\u00eas passado, a Susep notificou a Seguradora L\u00edder a recolher ao caixa dos recursos do Seguro DPVAT a quantia de R$ 2,257 bilh\u00f5es, referente a 2.119 despesas consideradas irregulares pela fiscaliza\u00e7\u00e3o da superintend\u00eancia, que foram executadas com recursos p\u00fablicos do seguro DPVAT entre os anos de 2008 e 2020.<\/p>\n\n\n\n<p>\u201cA Susep est\u00e1 envidando os melhores esfor\u00e7os para viabilizar a contrata\u00e7\u00e3o de pessoa jur\u00eddica, j\u00e1 na primeira semana&nbsp;de janeiro&nbsp;de 2021, com capacidade t\u00e9cnica e operacional para assumir o DPVAT, garantindo as indeniza\u00e7\u00f5es previstas em lei para a popula\u00e7\u00e3o brasileira\u201d, diz a superintend\u00eancia em nota.<\/p>\n\n\n\n<p>Nessa&nbsp;ter\u00e7a-feira, o Tribunal de Contas da Uni\u00e3o (TCU) emitiu decis\u00e3o cautelar determinando que CNSP e Susep adotem as provid\u00eancias necess\u00e1rias para assegurar a continuidade da operacionaliza\u00e7\u00e3o do seguro DPVAT.<\/p>\n\n\n\n<p>O Seguro DPVAT foi criado pela Lei n\u00b0 6.194 de 1974 e tem como finalidade o amparo \u00e0s v\u00edtimas de acidentes de tr\u00e2nsito em todo o pa\u00eds, n\u00e3o importando de quem seja a culpa dos acidentes. <em>*Mat\u00e9ria alterada \u00e0s 19h02 para acr\u00e9scimo de informa\u00e7\u00f5es.<\/em> (Ag\u00eancia Brasil)<\/p>\n","protected":false},"excerpt":{"rendered":"<p>Decis\u00e3o \u00e9 do Conselho Nacional de Seguros Privados Propriet\u00e1rios de ve\u00edculos n\u00e3o\u00a0ter\u00e3o que pagar o Seguro Obrigat\u00f3rio de Danos Pessoais Causados por Ve\u00edculos Automotores (Seguro DPVAT), em 2021. O Conselho Nacional de Seguros Privados (CNSP) aprovou, em reuni\u00e3o extraordin\u00e1ria realizada nessa\u00a0ter\u00e7a-feira (29), pr\u00eamio zero para o DPVAT em 2021 e autorizou a contrata\u00e7\u00e3o de novo [&hellip;]<\/p>\n","protected":false},"author":1,"featured_media":6978,"comment_status":"open","ping_status":"open","sticky":false,"template":"","format":"standard","meta":{"rop_custom_images_group":[],"rop_custom_messages_group":[],"rop_publish_now":"initial","rop_publish_now_accounts":[],"rop_publish_now_history":[],"rop_publish_now_status":"pending","footnotes":""},"categories":[19],"tags":[1281,2384],"class_list":["post-6977","post","type-post","status-publish","format-standard","has-post-thumbnail","hentry","category-gerais","tag-1281","tag-seguro-dpvat"],"_links":{"self":[{"href":"https:\/\/diariotribuna.com.br\/index.php?rest_route=\/wp\/v2\/posts\/6977"}],"collection":[{"href":"https:\/\/diariotribuna.com.br\/index.php?rest_route=\/wp\/v2\/posts"}],"about":[{"href":"https:\/\/diariotribuna.com.br\/index.php?rest_route=\/wp\/v2\/types\/post"}],"author":[{"embeddable":true,"href":"https:\/\/diariotribuna.com.br\/index.php?rest_route=\/wp\/v2\/users\/1"}],"replies":[{"embeddable":true,"href":"https:\/\/diariotribuna.com.br\/index.php?rest_route=%2Fwp%2Fv2%2Fcomments&post=6977"}],"version-history":[{"count":5,"href":"https:\/\/diariotribuna.com.br\/index.php?rest_route=\/wp\/v2\/posts\/6977\/revisions"}],"predecessor-version":[{"id":6984,"href":"https:\/\/diariotribuna.com.br\/index.php?rest_route=\/wp\/v2\/posts\/6977\/revisions\/6984"}],"wp:featuredmedia":[{"embeddable":true,"href":"https:\/\/diariotribuna.com.br\/index.php?rest_route=\/wp\/v2\/media\/6978"}],"wp:attachment":[{"href":"https:\/\/diariotribuna.com.br\/index.php?rest_route=%2Fwp%2Fv2%2Fmedia&parent=6977"}],"wp:term":[{"taxonomy":"category","embeddable":true,"href":"https:\/\/diariotribuna.com.br\/index.php?rest_route=%2Fwp%2Fv2%2Fcategories&post=6977"},{"taxonomy":"post_tag","embeddable":true,"href":"https:\/\/diariotribuna.com.br\/index.php?rest_route=%2Fwp%2Fv2%2Ftags&post=6977"}],"curies":[{"name":"wp","href":"https:\/\/api.w.org\/{rel}","templated":true}]}}