{"id":6985,"date":"2020-12-31T01:24:04","date_gmt":"2020-12-31T04:24:04","guid":{"rendered":"https:\/\/diariotribuna.com.br\/?p=6985"},"modified":"2020-12-31T01:24:04","modified_gmt":"2020-12-31T04:24:04","slug":"covid-19-brasil-tem-1938-mil-mortes-e-761-milhoes-de-casos","status":"publish","type":"post","link":"https:\/\/diariotribuna.com.br\/?p=6985","title":{"rendered":"Covid-19: Brasil tem 193,8 mil mortes e 7,61 milh\u00f5es de casos"},"content":{"rendered":"\n<p><strong><strong>Nas \u00faltimas 24 horas, autoridades registraram 1.194 novos \u00f3bitos<\/strong><\/strong><\/p>\n\n\n\n<figure class=\"wp-block-image size-large is-resized\"><img loading=\"lazy\" decoding=\"async\" src=\"https:\/\/diariotribuna.com.br\/wp-content\/uploads\/2020\/12\/2020-07-24t143211z_1391278467_rc2qzh93g22g_rtrmadp_3_health-coronavirus-brazil-1.jpg\" alt=\"\" class=\"wp-image-6987\" width=\"525\" height=\"313\" srcset=\"https:\/\/diariotribuna.com.br\/wp-content\/uploads\/2020\/12\/2020-07-24t143211z_1391278467_rc2qzh93g22g_rtrmadp_3_health-coronavirus-brazil-1.jpg 700w, https:\/\/diariotribuna.com.br\/wp-content\/uploads\/2020\/12\/2020-07-24t143211z_1391278467_rc2qzh93g22g_rtrmadp_3_health-coronavirus-brazil-1-300x179.jpg 300w, https:\/\/diariotribuna.com.br\/wp-content\/uploads\/2020\/12\/2020-07-24t143211z_1391278467_rc2qzh93g22g_rtrmadp_3_health-coronavirus-brazil-1-696x416.jpg 696w\" sizes=\"(max-width: 525px) 100vw, 525px\" \/><\/figure>\n\n\n\n<p>O total de mortes provocadas pela pandemia no novo coronav\u00edrus no Brasil chegou a 193.875. <strong>Nas \u00faltimas 24 horas, as autoridades sanit\u00e1rias registraram 1.194 novos \u00f3bitos<\/strong>. At\u00e9 ter\u00e7a-feira (29), o sistema do Minist\u00e9rio da Sa\u00fade contabilizava 192.681 mortes. H\u00e1 ainda 2.488 \u00f3bitos em investiga\u00e7\u00e3o.<\/p>\n\n\n\n<p><strong>Este foi o segundo dia consecutivo com o registro de novas mortes acima de mil v\u00edtimas<\/strong>. Na ter\u00e7a-feira, foram acrescidos 1.111 novos \u00f3bitos \u00e0s estat\u00edsticas. A \u00faltima vez que o n\u00famero de novos registros em 24 horas havia passado das 1.190 mortes foi em 1\u00ba de setembro, quando foram confirmados 1.215 novos \u00f3bitos.<\/p>\n\n\n\n<p>O total de pessoas infectadas desde o in\u00edcio da pandemia atingiu 7.619.200. Entre ontem e hoje (30), foram registrados 55.649 novos diagn\u00f3sticos da doen\u00e7a. At\u00e9 ontem, o painel de dados do minist\u00e9rio trazia 7.563.551 casos acumulados.<\/p>\n\n\n\n<p>As informa\u00e7\u00f5es est\u00e3o no balan\u00e7o di\u00e1rio sobre a pandemia do Minist\u00e9rio da Sa\u00fade, divulgado na noite desta\u00a0quarta-feira. A atualiza\u00e7\u00e3o re\u00fane as informa\u00e7\u00f5es levantadas pelas secretarias estaduais de sa\u00fade de todo o pa\u00eds. Segundo o painel, h\u00e1 ainda 717.544 casos ativos de covid-19 em acompanhamento. O n\u00famero de pessoas que j\u00e1 se recuperaram chegou a 6.707.781.<\/p>\n\n\n\n<figure class=\"wp-block-image size-large is-resized\"><img loading=\"lazy\" decoding=\"async\" src=\"https:\/\/diariotribuna.com.br\/wp-content\/uploads\/2020\/12\/dados_covid_30dez-1.jpeg\" alt=\"\" class=\"wp-image-6990\" width=\"564\" height=\"315\" srcset=\"https:\/\/diariotribuna.com.br\/wp-content\/uploads\/2020\/12\/dados_covid_30dez-1.jpeg 700w, https:\/\/diariotribuna.com.br\/wp-content\/uploads\/2020\/12\/dados_covid_30dez-1-300x168.jpeg 300w, https:\/\/diariotribuna.com.br\/wp-content\/uploads\/2020\/12\/dados_covid_30dez-1-696x390.jpeg 696w\" sizes=\"(max-width: 564px) 100vw, 564px\" \/><\/figure>\n\n\n\n<h2 class=\"wp-block-heading\">Estados<\/h2>\n\n\n\n<p>No topo da lista de mortes por covid-19 est\u00e3o os seguintes estados: S\u00e3o Paulo (46.477), Rio de Janeiro\u00a0(25.303), Minas Gerais (11.784), Cear\u00e1 (9.984) e Pernambuco (9.612). J\u00e1 entre os \u00faltimos no ranking est\u00e3o Roraima (773), Acre (793), Amap\u00e1 (919), Tocantins (1.232) e Rond\u00f4nia (1.805). (Ag\u00eancia Brasil)<\/p>\n","protected":false},"excerpt":{"rendered":"<p>Nas \u00faltimas 24 horas, autoridades registraram 1.194 novos \u00f3bitos O total de mortes provocadas pela pandemia no novo coronav\u00edrus no Brasil chegou a 193.875. Nas \u00faltimas 24 horas, as autoridades sanit\u00e1rias registraram 1.194 novos \u00f3bitos. At\u00e9 ter\u00e7a-feira (29), o sistema do Minist\u00e9rio da Sa\u00fade contabilizava 192.681 mortes. H\u00e1 ainda 2.488 \u00f3bitos em investiga\u00e7\u00e3o. Este foi [&hellip;]<\/p>\n","protected":false},"author":1,"featured_media":6987,"comment_status":"open","ping_status":"open","sticky":false,"template":"","format":"standard","meta":{"rop_custom_images_group":[],"rop_custom_messages_group":[],"rop_publish_now":"initial","rop_publish_now_accounts":[],"rop_publish_now_history":[],"rop_publish_now_status":"pending","footnotes":""},"categories":[192],"tags":[2385,489,393,84],"class_list":["post-6985","post","type-post","status-publish","format-standard","has-post-thumbnail","hentry","category-covid19","tag-30-12-2020","tag-boletim-epidemiologico","tag-brasil","tag-covid-19"],"_links":{"self":[{"href":"https:\/\/diariotribuna.com.br\/index.php?rest_route=\/wp\/v2\/posts\/6985"}],"collection":[{"href":"https:\/\/diariotribuna.com.br\/index.php?rest_route=\/wp\/v2\/posts"}],"about":[{"href":"https:\/\/diariotribuna.com.br\/index.php?rest_route=\/wp\/v2\/types\/post"}],"author":[{"embeddable":true,"href":"https:\/\/diariotribuna.com.br\/index.php?rest_route=\/wp\/v2\/users\/1"}],"replies":[{"embeddable":true,"href":"https:\/\/diariotribuna.com.br\/index.php?rest_route=%2Fwp%2Fv2%2Fcomments&post=6985"}],"version-history":[{"count":2,"href":"https:\/\/diariotribuna.com.br\/index.php?rest_route=\/wp\/v2\/posts\/6985\/revisions"}],"predecessor-version":[{"id":6991,"href":"https:\/\/diariotribuna.com.br\/index.php?rest_route=\/wp\/v2\/posts\/6985\/revisions\/6991"}],"wp:featuredmedia":[{"embeddable":true,"href":"https:\/\/diariotribuna.com.br\/index.php?rest_route=\/wp\/v2\/media\/6987"}],"wp:attachment":[{"href":"https:\/\/diariotribuna.com.br\/index.php?rest_route=%2Fwp%2Fv2%2Fmedia&parent=6985"}],"wp:term":[{"taxonomy":"category","embeddable":true,"href":"https:\/\/diariotribuna.com.br\/index.php?rest_route=%2Fwp%2Fv2%2Fcategories&post=6985"},{"taxonomy":"post_tag","embeddable":true,"href":"https:\/\/diariotribuna.com.br\/index.php?rest_route=%2Fwp%2Fv2%2Ftags&post=6985"}],"curies":[{"name":"wp","href":"https:\/\/api.w.org\/{rel}","templated":true}]}}