{"id":6992,"date":"2020-12-31T01:32:28","date_gmt":"2020-12-31T04:32:28","guid":{"rendered":"https:\/\/diariotribuna.com.br\/?p=6992"},"modified":"2021-01-06T15:33:09","modified_gmt":"2021-01-06T18:33:09","slug":"15a-regiao-de-policia-militar-intensifica-operacoes-em-teofilo-otoni-e-regiao","status":"publish","type":"post","link":"https:\/\/diariotribuna.com.br\/?p=6992","title":{"rendered":"15\u00aa Regi\u00e3o de Pol\u00edcia Militar intensifica opera\u00e7\u00f5es em Te\u00f3filo Otoni e regi\u00e3o"},"content":{"rendered":"\n<figure class=\"wp-block-image size-large is-resized\"><img loading=\"lazy\" decoding=\"async\" src=\"https:\/\/diariotribuna.com.br\/wp-content\/uploads\/2020\/12\/2570dbed-d2fb-46c5-ae1b-b72ed898e590.jpg\" alt=\"\" class=\"wp-image-6993\" width=\"540\" height=\"432\" srcset=\"https:\/\/diariotribuna.com.br\/wp-content\/uploads\/2020\/12\/2570dbed-d2fb-46c5-ae1b-b72ed898e590.jpg 700w, https:\/\/diariotribuna.com.br\/wp-content\/uploads\/2020\/12\/2570dbed-d2fb-46c5-ae1b-b72ed898e590-300x240.jpg 300w, https:\/\/diariotribuna.com.br\/wp-content\/uploads\/2020\/12\/2570dbed-d2fb-46c5-ae1b-b72ed898e590-696x557.jpg 696w, https:\/\/diariotribuna.com.br\/wp-content\/uploads\/2020\/12\/2570dbed-d2fb-46c5-ae1b-b72ed898e590-525x420.jpg 525w\" sizes=\"(max-width: 540px) 100vw, 540px\" \/><\/figure>\n\n\n\n<p>A cidade de Te\u00f3filo Otoni recebeu na noite de s\u00e1bado (26\/12), o refor\u00e7o do Comando de Policiamento Especializado (CPE), por meio do Batalh\u00e3o de Rondas T\u00e1ticas Metropolitanas (ROTAM), e apoio do Batalh\u00e3o de Patrulhamento A\u00e9reo (BPAer).<\/p>\n\n\n\n<p>Esse refor\u00e7o \u00e9 uma continuidade da opera\u00e7\u00e3o que est\u00e1 sendo desencadeada durante todo o m\u00eas de dezembro em Minas Gerais visando o enfrentamento \u00e0 criminalidade organizada, principalmente as a\u00e7\u00f5es de grupos que promovem ataques \u00e0s ag\u00eancias banc\u00e1rias no interior do Estado, crime conhecido como \u201cNovo Canga\u00e7o&#8221;.<\/p>\n\n\n\n<p>A iniciativa busca potencializar as interven\u00e7\u00f5es desenvolvidas pelo policiamento ostensivo, subsidiando a\u00e7\u00f5es preventivas antes do cometimento do delito, com foco em inibir furto e roubo a bens, valores de estabelecimentos, bem como outros tipos de delitos que porventura as equipes policiais possam prevenir. As a\u00e7\u00f5es consistiram em patrulhamento motorizado com apoio da aeronave P\u00e9gasus 11 da PMMG.<\/p>\n\n\n\n<p>O comando da 15\u00aa Regi\u00e3o de Pol\u00edcia Militar vem desenvolvendo a\u00e7\u00f5es junto aos comandos de policiamentos especializados, Rotam, Batalh\u00e3o de Choque, Comando A\u00e9reo, Rodovi\u00e1rio e de Meio Ambiente, desencadeando uma s\u00e9rie de opera\u00e7\u00f5es em toda regi\u00e3o de sua abrang\u00eancia, durante o dia e tamb\u00e9m \u00e0 noite, com patrulhamentos terrestre e a\u00e9reo. (Ag\u00eancia Regional de Comunica\u00e7\u00e3o Organizacional da 15\u00aa RPM).<\/p>\n\n\n\n<figure class=\"wp-block-image size-large is-resized\"><img loading=\"lazy\" decoding=\"async\" src=\"https:\/\/diariotribuna.com.br\/wp-content\/uploads\/2020\/12\/1938d1c6-f8d9-4693-bc30-d87187ffc4fe.jpg\" alt=\"\" class=\"wp-image-6994\" width=\"536\" height=\"451\" srcset=\"https:\/\/diariotribuna.com.br\/wp-content\/uploads\/2020\/12\/1938d1c6-f8d9-4693-bc30-d87187ffc4fe.jpg 700w, https:\/\/diariotribuna.com.br\/wp-content\/uploads\/2020\/12\/1938d1c6-f8d9-4693-bc30-d87187ffc4fe-300x252.jpg 300w, https:\/\/diariotribuna.com.br\/wp-content\/uploads\/2020\/12\/1938d1c6-f8d9-4693-bc30-d87187ffc4fe-696x586.jpg 696w, https:\/\/diariotribuna.com.br\/wp-content\/uploads\/2020\/12\/1938d1c6-f8d9-4693-bc30-d87187ffc4fe-499x420.jpg 499w\" sizes=\"(max-width: 536px) 100vw, 536px\" \/><\/figure>\n","protected":false},"excerpt":{"rendered":"<p>A cidade de Te\u00f3filo Otoni recebeu na noite de s\u00e1bado (26\/12), o refor\u00e7o do Comando de Policiamento Especializado (CPE), por meio do Batalh\u00e3o de Rondas T\u00e1ticas Metropolitanas (ROTAM), e apoio do Batalh\u00e3o de Patrulhamento A\u00e9reo (BPAer). Esse refor\u00e7o \u00e9 uma continuidade da opera\u00e7\u00e3o que est\u00e1 sendo desencadeada durante todo o m\u00eas de dezembro em Minas [&hellip;]<\/p>\n","protected":false},"author":1,"featured_media":6993,"comment_status":"open","ping_status":"open","sticky":false,"template":"","format":"standard","meta":{"rop_custom_images_group":[],"rop_custom_messages_group":[],"rop_publish_now":"initial","rop_publish_now_accounts":[],"rop_publish_now_history":[],"rop_publish_now_status":"pending","footnotes":""},"categories":[17],"tags":[129,70,1081,2386,76],"class_list":["post-6992","post","type-post","status-publish","format-standard","has-post-thumbnail","hentry","category-teofilootoni","tag-15a-rpm","tag-minas-gerais","tag-operacoes","tag-pegasus","tag-policia-militar"],"_links":{"self":[{"href":"https:\/\/diariotribuna.com.br\/index.php?rest_route=\/wp\/v2\/posts\/6992"}],"collection":[{"href":"https:\/\/diariotribuna.com.br\/index.php?rest_route=\/wp\/v2\/posts"}],"about":[{"href":"https:\/\/diariotribuna.com.br\/index.php?rest_route=\/wp\/v2\/types\/post"}],"author":[{"embeddable":true,"href":"https:\/\/diariotribuna.com.br\/index.php?rest_route=\/wp\/v2\/users\/1"}],"replies":[{"embeddable":true,"href":"https:\/\/diariotribuna.com.br\/index.php?rest_route=%2Fwp%2Fv2%2Fcomments&post=6992"}],"version-history":[{"count":4,"href":"https:\/\/diariotribuna.com.br\/index.php?rest_route=\/wp\/v2\/posts\/6992\/revisions"}],"predecessor-version":[{"id":6998,"href":"https:\/\/diariotribuna.com.br\/index.php?rest_route=\/wp\/v2\/posts\/6992\/revisions\/6998"}],"wp:featuredmedia":[{"embeddable":true,"href":"https:\/\/diariotribuna.com.br\/index.php?rest_route=\/wp\/v2\/media\/6993"}],"wp:attachment":[{"href":"https:\/\/diariotribuna.com.br\/index.php?rest_route=%2Fwp%2Fv2%2Fmedia&parent=6992"}],"wp:term":[{"taxonomy":"category","embeddable":true,"href":"https:\/\/diariotribuna.com.br\/index.php?rest_route=%2Fwp%2Fv2%2Fcategories&post=6992"},{"taxonomy":"post_tag","embeddable":true,"href":"https:\/\/diariotribuna.com.br\/index.php?rest_route=%2Fwp%2Fv2%2Ftags&post=6992"}],"curies":[{"name":"wp","href":"https:\/\/api.w.org\/{rel}","templated":true}]}}