{"id":7002,"date":"2021-01-02T17:52:25","date_gmt":"2021-01-02T20:52:25","guid":{"rendered":"https:\/\/diariotribuna.com.br\/?p=7002"},"modified":"2021-01-02T17:52:26","modified_gmt":"2021-01-02T20:52:26","slug":"papa-francisco-diz-que-mundo-precisa-de-vacina-para-o-coracao-em-2021","status":"publish","type":"post","link":"https:\/\/diariotribuna.com.br\/?p=7002","title":{"rendered":"Papa Francisco diz que mundo precisa de vacina para o cora\u00e7\u00e3o em 2021"},"content":{"rendered":"\n<p><strong><strong>Ser\u00e1 um bom ano se cuidarmos dos outros, disse o pont\u00edfice<\/strong><\/strong><\/p>\n\n\n\n<figure class=\"wp-block-image size-large is-resized\"><img loading=\"lazy\" decoding=\"async\" src=\"https:\/\/diariotribuna.com.br\/wp-content\/uploads\/2021\/01\/2020-10-20t142741z_1093187081_rc2emj9pj0i3_rtrmadp_3_health-coronavirus-pope-mask.jpg\" alt=\"\" class=\"wp-image-7003\" width=\"525\" height=\"313\" srcset=\"https:\/\/diariotribuna.com.br\/wp-content\/uploads\/2021\/01\/2020-10-20t142741z_1093187081_rc2emj9pj0i3_rtrmadp_3_health-coronavirus-pope-mask.jpg 700w, https:\/\/diariotribuna.com.br\/wp-content\/uploads\/2021\/01\/2020-10-20t142741z_1093187081_rc2emj9pj0i3_rtrmadp_3_health-coronavirus-pope-mask-300x179.jpg 300w, https:\/\/diariotribuna.com.br\/wp-content\/uploads\/2021\/01\/2020-10-20t142741z_1093187081_rc2emj9pj0i3_rtrmadp_3_health-coronavirus-pope-mask-696x416.jpg 696w\" sizes=\"(max-width: 525px) 100vw, 525px\" \/><\/figure>\n\n\n\n<p>O Papa Francisco disse na sexta-feira (1\u00ba\/01) que 2021 ser\u00e1 &#8220;um bom ano&#8221; se as pessoas cuidarem umas das outras e salientou que, al\u00e9m de uma vacina contra o coronav\u00edrus, o mundo precisa de uma &#8220;vacina para o cora\u00e7\u00e3o&#8221;.<\/p>\n\n\n\n<p>&#8220;N\u00e3o \u00e9 bom conhecer muitas pessoas e muitas coisas se n\u00e3o tomarmos conta delas. Este ano, enquanto esperamos pela recupera\u00e7\u00e3o e novos tratamentos, n\u00e3o negligenciemos os cuidados. Porque, al\u00e9m da vacina para o corpo, precisamos da vacina para o cora\u00e7\u00e3o, que \u00e9 o cuidado. Ser\u00e1 um bom ano se cuidarmos dos outros&#8221;, disse.<\/p>\n\n\n\n<p>As palavras do Papa foram lidas numa homilia pelo secret\u00e1rio de Estado do Vaticano, cardeal Pietro Parolin, durante a Missa de Ano Novo, dedicada \u00e0 &#8220;solenidade de Maria Sant\u00edssima M\u00e3e de Deus&#8221;, que foi celebrada no Vaticano.<\/p>\n\n\n\n<p>O Papa Francisco foi impedido de presidir a esta missa e tamb\u00e9m \u00e0s v\u00e9speras de 31 de dezembro de 2020, por causa de uma dor ci\u00e1tica, segundo o porta-voz da Santa S\u00e9, Matteo Bruni.<\/p>\n\n\n\n<p>Jorge Bergoglio deixou, no entanto, a homilia escrita para que o Cardeal Parolin pudesse ler as suas palavras aos poucos participantes e meios de comunica\u00e7\u00e3o social que puderam estar na Bas\u00edlica de S\u00e3o Pedro, no Vaticano, devido \u00e0s medidas preventivas para evitar a propaga\u00e7\u00e3o do coronav\u00edrus. A missa foi celebrada sem os fi\u00e9is e numa bas\u00edlica vazia.<\/p>\n\n\n\n<p><strong>O Papa enfatizou tr\u00eas palavras &#8211; b\u00ean\u00e7\u00e3o, nascimento e encontro &#8211; , e salientou o papel da Virgem Maria, neste dia em que a Igreja Cat\u00f3lica tamb\u00e9m celebra o 54\u00ba Dia Mundial da Paz, este ano sob o lema &#8220;A cultura do cuidado como caminho para a paz&#8221;<\/strong>.<\/p>\n\n\n\n<p>&#8220;N\u00e3o estamos no mundo para morrer, mas para gerar vida&#8221;, disse o Papa, acrescentando: &#8220;O primeiro passo para dar vida ao que nos rodeia \u00e9 am\u00e1-la dentro de n\u00f3s pr\u00f3prios. Sublinhou a import\u00e2ncia de &#8220;educar o cora\u00e7\u00e3o para cuidar, para valorizar as pessoas e as coisas&#8221;, para que as sociedades cuidem dos outros e do mundo.<\/p>\n\n\n\n<p>Considerou que &#8220;o mundo est\u00e1 seriamente contaminado por dizer coisas m\u00e1s e por pensar mal dos outros, da sociedade, de si pr\u00f3prios&#8221;, e assegurou que &#8220;a maldi\u00e7\u00e3o corrompe, faz tudo degenerar&#8221; e que &#8220;a b\u00ean\u00e7\u00e3o regenera, d\u00e1 for\u00e7a para recome\u00e7ar&#8221;.<\/p>\n\n\n\n<p>No final da homilia, Francisco perguntou-se a si pr\u00f3prio o que as pessoas deveriam encontrar no in\u00edcio de 2021 e respondeu: &#8220;Seria bonito encontrar tempo para algu\u00e9m. O tempo \u00e9 uma riqueza que todos temos, mas da qual temos inveja, pois queremos us\u00e1-lo apenas para n\u00f3s pr\u00f3prios&#8221;.<\/p>\n\n\n\n<p>Assim, encorajou as pessoas a dedicarem momentos aos outros, especialmente aos &#8220;que est\u00e3o s\u00f3s, aos que sofrem, aos que precisam de ser ouvidos e cuidados&#8221;. O calend\u00e1rio das celebra\u00e7\u00f5es do Natal do Vaticano continua at\u00e9 6 de janeiro com a Missa da Epifania do Senhor. (Ag\u00eancia Brasil)<\/p>\n","protected":false},"excerpt":{"rendered":"<p>Ser\u00e1 um bom ano se cuidarmos dos outros, disse o pont\u00edfice O Papa Francisco disse na sexta-feira (1\u00ba\/01) que 2021 ser\u00e1 &#8220;um bom ano&#8221; se as pessoas cuidarem umas das outras e salientou que, al\u00e9m de uma vacina contra o coronav\u00edrus, o mundo precisa de uma &#8220;vacina para o cora\u00e7\u00e3o&#8221;. &#8220;N\u00e3o \u00e9 bom conhecer muitas [&hellip;]<\/p>\n","protected":false},"author":1,"featured_media":7003,"comment_status":"open","ping_status":"open","sticky":false,"template":"","format":"standard","meta":{"rop_custom_images_group":[],"rop_custom_messages_group":[],"rop_publish_now":"initial","rop_publish_now_accounts":[],"rop_publish_now_history":[],"rop_publish_now_status":"pending","footnotes":""},"categories":[25,19],"tags":[2388,2389],"class_list":["post-7002","post","type-post","status-publish","format-standard","has-post-thumbnail","hentry","category-destaque","category-gerais","tag-papa-francisco","tag-vacina-para-o-coracao-em-2021"],"_links":{"self":[{"href":"https:\/\/diariotribuna.com.br\/index.php?rest_route=\/wp\/v2\/posts\/7002"}],"collection":[{"href":"https:\/\/diariotribuna.com.br\/index.php?rest_route=\/wp\/v2\/posts"}],"about":[{"href":"https:\/\/diariotribuna.com.br\/index.php?rest_route=\/wp\/v2\/types\/post"}],"author":[{"embeddable":true,"href":"https:\/\/diariotribuna.com.br\/index.php?rest_route=\/wp\/v2\/users\/1"}],"replies":[{"embeddable":true,"href":"https:\/\/diariotribuna.com.br\/index.php?rest_route=%2Fwp%2Fv2%2Fcomments&post=7002"}],"version-history":[{"count":1,"href":"https:\/\/diariotribuna.com.br\/index.php?rest_route=\/wp\/v2\/posts\/7002\/revisions"}],"predecessor-version":[{"id":7004,"href":"https:\/\/diariotribuna.com.br\/index.php?rest_route=\/wp\/v2\/posts\/7002\/revisions\/7004"}],"wp:featuredmedia":[{"embeddable":true,"href":"https:\/\/diariotribuna.com.br\/index.php?rest_route=\/wp\/v2\/media\/7003"}],"wp:attachment":[{"href":"https:\/\/diariotribuna.com.br\/index.php?rest_route=%2Fwp%2Fv2%2Fmedia&parent=7002"}],"wp:term":[{"taxonomy":"category","embeddable":true,"href":"https:\/\/diariotribuna.com.br\/index.php?rest_route=%2Fwp%2Fv2%2Fcategories&post=7002"},{"taxonomy":"post_tag","embeddable":true,"href":"https:\/\/diariotribuna.com.br\/index.php?rest_route=%2Fwp%2Fv2%2Ftags&post=7002"}],"curies":[{"name":"wp","href":"https:\/\/api.w.org\/{rel}","templated":true}]}}