{"id":7010,"date":"2021-01-03T01:53:20","date_gmt":"2021-01-03T04:53:20","guid":{"rendered":"https:\/\/diariotribuna.com.br\/?p=7010"},"modified":"2021-01-03T01:57:29","modified_gmt":"2021-01-03T04:57:29","slug":"covid-19-teofilo-otoni-registra-4-518-casos-positivos-e-137-obitos-02-01","status":"publish","type":"post","link":"https:\/\/diariotribuna.com.br\/?p=7010","title":{"rendered":"COVID-19: Te\u00f3filo Otoni registra 4.518 casos positivos e 137 \u00f3bitos (02\/01)"},"content":{"rendered":"\n<figure class=\"wp-block-image size-large is-resized\"><img loading=\"lazy\" decoding=\"async\" src=\"https:\/\/diariotribuna.com.br\/wp-content\/uploads\/2021\/01\/90127239_2607949282827065_4095575144385216512_n.jpg\" alt=\"\" class=\"wp-image-7011\" width=\"524\" height=\"293\" srcset=\"https:\/\/diariotribuna.com.br\/wp-content\/uploads\/2021\/01\/90127239_2607949282827065_4095575144385216512_n.jpg 600w, https:\/\/diariotribuna.com.br\/wp-content\/uploads\/2021\/01\/90127239_2607949282827065_4095575144385216512_n-300x168.jpg 300w\" sizes=\"(max-width: 524px) 100vw, 524px\" \/><\/figure>\n\n\n\n<p>A Secretaria Municipal de Sa\u00fade divulgou um novo boletim epidemiol\u00f3gico na noite de s\u00e1bado (02\/01\/2021), confirmando 4.518 casos positivos de covid-19 em Te\u00f3filo Otoni, e o registro de <strong>mais 01 \u00f3bito<\/strong>, completando 137 at\u00e9 esta data.<\/p>\n\n\n\n<p>O boletim confirma ainda que tem <strong>958 casos ativos<\/strong> de covid-19 na cidade, <strong>3.423 pessoas infectadas j\u00e1 est\u00e3o recuperadas<\/strong> e 14.646 casos suspeitos foram descartados.<\/p>\n\n\n\n<p><strong>Das Interna\u00e7\u00f5es:<\/strong> Pelo <strong>SUS, Conv\u00eanio e Particular<\/strong> tem 40 leitos de UTI Covid e 33 est\u00e3o ocupados, sendo 20 pacientes de Te\u00f3filo Otoni e 13 de outros munic\u00edpios <strong>(82,50% de ocupa\u00e7\u00e3o<\/strong>). Tem <strong>58 Leitos de Enfermaria Covid<\/strong> e 37 est\u00e3o ocupados, sendo 30 pacientes de Te\u00f3filo Otoni e 07 de outros munic\u00edpios <strong>(64,00% de ocupa\u00e7\u00e3o)<\/strong>.<\/p>\n\n\n\n<p>O <strong>137\u00ba \u00f3bito<\/strong> ocorreu neste s\u00e1bado (02) e trata-se de um idoso de 69 anos, que estava internado no Hospital Santa Ros\u00e1lia. De acordo com a secretaria o paciente era portador de comorbidades, recebeu assist\u00eancia e tratamento necess\u00e1rios e teve o resultado confirmado por RT-PCR.<\/p>\n","protected":false},"excerpt":{"rendered":"<p>A Secretaria Municipal de Sa\u00fade divulgou um novo boletim epidemiol\u00f3gico na noite de s\u00e1bado (02\/01\/2021), confirmando 4.518 casos positivos de covid-19 em Te\u00f3filo Otoni, e o registro de mais 01 \u00f3bito, completando 137 at\u00e9 esta data. O boletim confirma ainda que tem 958 casos ativos de covid-19 na cidade, 3.423 pessoas infectadas j\u00e1 est\u00e3o recuperadas [&hellip;]<\/p>\n","protected":false},"author":1,"featured_media":7011,"comment_status":"open","ping_status":"open","sticky":false,"template":"","format":"standard","meta":{"rop_custom_images_group":[],"rop_custom_messages_group":[],"rop_publish_now":"initial","rop_publish_now_accounts":[],"rop_publish_now_history":[],"rop_publish_now_status":"pending","footnotes":""},"categories":[192],"tags":[2391,489,84,75],"class_list":["post-7010","post","type-post","status-publish","format-standard","has-post-thumbnail","hentry","category-covid19","tag-02-01-2021","tag-boletim-epidemiologico","tag-covid-19","tag-teofilo-otoni"],"_links":{"self":[{"href":"https:\/\/diariotribuna.com.br\/index.php?rest_route=\/wp\/v2\/posts\/7010"}],"collection":[{"href":"https:\/\/diariotribuna.com.br\/index.php?rest_route=\/wp\/v2\/posts"}],"about":[{"href":"https:\/\/diariotribuna.com.br\/index.php?rest_route=\/wp\/v2\/types\/post"}],"author":[{"embeddable":true,"href":"https:\/\/diariotribuna.com.br\/index.php?rest_route=\/wp\/v2\/users\/1"}],"replies":[{"embeddable":true,"href":"https:\/\/diariotribuna.com.br\/index.php?rest_route=%2Fwp%2Fv2%2Fcomments&post=7010"}],"version-history":[{"count":2,"href":"https:\/\/diariotribuna.com.br\/index.php?rest_route=\/wp\/v2\/posts\/7010\/revisions"}],"predecessor-version":[{"id":7014,"href":"https:\/\/diariotribuna.com.br\/index.php?rest_route=\/wp\/v2\/posts\/7010\/revisions\/7014"}],"wp:featuredmedia":[{"embeddable":true,"href":"https:\/\/diariotribuna.com.br\/index.php?rest_route=\/wp\/v2\/media\/7011"}],"wp:attachment":[{"href":"https:\/\/diariotribuna.com.br\/index.php?rest_route=%2Fwp%2Fv2%2Fmedia&parent=7010"}],"wp:term":[{"taxonomy":"category","embeddable":true,"href":"https:\/\/diariotribuna.com.br\/index.php?rest_route=%2Fwp%2Fv2%2Fcategories&post=7010"},{"taxonomy":"post_tag","embeddable":true,"href":"https:\/\/diariotribuna.com.br\/index.php?rest_route=%2Fwp%2Fv2%2Ftags&post=7010"}],"curies":[{"name":"wp","href":"https:\/\/api.w.org\/{rel}","templated":true}]}}