{"id":7015,"date":"2021-01-03T20:38:44","date_gmt":"2021-01-03T23:38:44","guid":{"rendered":"https:\/\/diariotribuna.com.br\/?p=7015"},"modified":"2021-01-03T20:41:07","modified_gmt":"2021-01-03T23:41:07","slug":"camara-de-dirigentes-lojistas-de-teofilo-otoni-realiza-sorteios-da-campanha-compra-premiada-cdl-2020","status":"publish","type":"post","link":"https:\/\/diariotribuna.com.br\/?p=7015","title":{"rendered":"C\u00e2mara de Dirigentes Lojistas de Te\u00f3filo Otoni realiza sorteios da campanha \u201cCompra Premiada CDL 2020\u201d"},"content":{"rendered":"\n<figure class=\"wp-block-image size-large is-resized\"><img loading=\"lazy\" decoding=\"async\" src=\"https:\/\/diariotribuna.com.br\/wp-content\/uploads\/2021\/01\/9.jpg\" alt=\"\" class=\"wp-image-7016\" width=\"521\" height=\"344\" srcset=\"https:\/\/diariotribuna.com.br\/wp-content\/uploads\/2021\/01\/9.jpg 700w, https:\/\/diariotribuna.com.br\/wp-content\/uploads\/2021\/01\/9-300x198.jpg 300w, https:\/\/diariotribuna.com.br\/wp-content\/uploads\/2021\/01\/9-696x460.jpg 696w, https:\/\/diariotribuna.com.br\/wp-content\/uploads\/2021\/01\/9-635x420.jpg 635w\" sizes=\"(max-width: 521px) 100vw, 521px\" \/><figcaption><strong>Os sorteios foram realizados no audit\u00f3rio da CDL-TO<\/strong><\/figcaption><\/figure>\n\n\n\n<figure class=\"wp-block-image size-large is-resized\"><img loading=\"lazy\" decoding=\"async\" src=\"https:\/\/diariotribuna.com.br\/wp-content\/uploads\/2021\/01\/2-2.jpg\" alt=\"\" class=\"wp-image-7019\" width=\"524\" height=\"327\" srcset=\"https:\/\/diariotribuna.com.br\/wp-content\/uploads\/2021\/01\/2-2.jpg 700w, https:\/\/diariotribuna.com.br\/wp-content\/uploads\/2021\/01\/2-2-300x187.jpg 300w, https:\/\/diariotribuna.com.br\/wp-content\/uploads\/2021\/01\/2-2-696x435.jpg 696w, https:\/\/diariotribuna.com.br\/wp-content\/uploads\/2021\/01\/2-2-673x420.jpg 673w\" sizes=\"(max-width: 524px) 100vw, 524px\" \/><figcaption><strong>Presidente da C\u00e2mara de Dirigentes Lojistas de Te\u00f3filo Otoni<\/strong><br><strong>(CDL-TO), Frank Alves com os colaboradores da CDL<\/strong><br><strong>e apoiadores da campanha Compra Premiada CDL-TO 2020<\/strong><\/figcaption><\/figure>\n\n\n\n<p>A C\u00e2mara de Dirigentes Lojistas de Te\u00f3filo Otoni (CDL- -TO) realizou sorteios na manh\u00e3 desta segunda-feira (28\/12\/2020), da campanha \u201cCompra Premiada CDL 2020\u201d. O evento foi realizado no audit\u00f3rio da CDL-TO, \u00e0s 10h, com transmiss\u00e3o ao vivo pelo instagram @cdlteofilootoni, e com presen\u00e7a da imprensa, diretores e colaboradores da CDL-TO, empres\u00e1rios, seguindo todos os cuidados como distanciamento, uso de \u00e1lcool em gel, restri\u00e7\u00f5es impostas pela pandemia da Covid-19.<\/p>\n\n\n\n<p>O presidente da CDL- -TO, Frank Alves destaca que finalizou a campanha com chave de ouro, foi um sucesso. Mesmo diante da situa\u00e7\u00e3o vivida durante esse ano de 2020 com a pandemia do coronav\u00edrus, disse que s\u00f3 tem que agradecer por realizar mais essa campanha, realizar esses sorteios, com sucesso, com transpar\u00eancia. \u201cAgradecemos \u00e0quelas pessoas que acreditaram em n\u00f3s, acreditaram na CDL. Aos parceiros da CDL que contribu\u00edram com a campanha, todos os lojistas que participaram, todos que acreditaram no com\u00e9rcio de Te\u00f3filo Otoni\u201d, destacou Frank Alves.<\/p>\n\n\n\n<p>Ele afirma que ficou satisfeito e agradecido por mais essa conquista, por mais essa vit\u00f3ria. Foram 29 pr\u00eamios, a maioria saiu para o com\u00e9rcio de Te\u00f3filo Otoni, uma campanha que aquece consideravelmente o com\u00e9rcio local e regional. Frank informa que a CDL j\u00e1 est\u00e1 pensando na campanha para o pr\u00f3ximo ano e espera que seja bem melhor, mais robusta.<\/p>\n\n\n\n<p>\u201cSe Deus quiser n\u00f3s vamos apostar mais no com\u00e9rcio de Te\u00f3filo Otoni\u201d, frisou. Frank agradeceu mais uma vez aos associados que adquiriram os kits da campanha e ajudaram a fortalecer as vendas de fi m de ano. \u201cQuero agradecer a Deus por nos conceder esse momento de alegria, um momento de poder compartilhar com toda sociedade de Te\u00f3filo Otoni, esses momentos bons na nossa vida\u201d.<\/p>\n\n\n\n<h3 class=\"wp-block-heading\"><strong><span style=\"color:#106799\" class=\"has-inline-color\">Momentos que marcaram o sorteio da  Campanha Compra Premiada CDL 2020<\/span><\/strong><\/h3>\n\n\n\n<figure class=\"wp-block-gallery columns-2 is-cropped wp-block-gallery-1 is-layout-flex wp-block-gallery-is-layout-flex\"><ul class=\"blocks-gallery-grid\"><li class=\"blocks-gallery-item\"><figure><img loading=\"lazy\" decoding=\"async\" width=\"700\" height=\"463\" src=\"https:\/\/diariotribuna.com.br\/wp-content\/uploads\/2021\/01\/6.jpg\" alt=\"\" data-id=\"7028\" data-full-url=\"https:\/\/diariotribuna.com.br\/wp-content\/uploads\/2021\/01\/6.jpg\" data-link=\"https:\/\/diariotribuna.com.br\/?attachment_id=7028\" class=\"wp-image-7028\" srcset=\"https:\/\/diariotribuna.com.br\/wp-content\/uploads\/2021\/01\/6.jpg 700w, https:\/\/diariotribuna.com.br\/wp-content\/uploads\/2021\/01\/6-300x198.jpg 300w, https:\/\/diariotribuna.com.br\/wp-content\/uploads\/2021\/01\/6-696x460.jpg 696w, https:\/\/diariotribuna.com.br\/wp-content\/uploads\/2021\/01\/6-635x420.jpg 635w\" sizes=\"(max-width: 700px) 100vw, 700px\" \/><figcaption class=\"blocks-gallery-item__caption\"><strong>Sorteio transmitido pelo instagram da CDL-TO<\/strong><\/figcaption><\/figure><\/li><li class=\"blocks-gallery-item\"><figure><img loading=\"lazy\" decoding=\"async\" width=\"700\" height=\"463\" src=\"https:\/\/diariotribuna.com.br\/wp-content\/uploads\/2021\/01\/3.jpg\" alt=\"\" data-id=\"7025\" data-full-url=\"https:\/\/diariotribuna.com.br\/wp-content\/uploads\/2021\/01\/3.jpg\" data-link=\"https:\/\/diariotribuna.com.br\/?attachment_id=7025\" class=\"wp-image-7025\" srcset=\"https:\/\/diariotribuna.com.br\/wp-content\/uploads\/2021\/01\/3.jpg 700w, https:\/\/diariotribuna.com.br\/wp-content\/uploads\/2021\/01\/3-300x198.jpg 300w, https:\/\/diariotribuna.com.br\/wp-content\/uploads\/2021\/01\/3-696x460.jpg 696w, https:\/\/diariotribuna.com.br\/wp-content\/uploads\/2021\/01\/3-635x420.jpg 635w\" sizes=\"(max-width: 700px) 100vw, 700px\" \/><figcaption class=\"blocks-gallery-item__caption\"><strong>Auditores: Elizabete Lima, Daniele Souza e Rafael Gusm\u00e3o<\/strong><\/figcaption><\/figure><\/li><li class=\"blocks-gallery-item\"><figure><img loading=\"lazy\" decoding=\"async\" width=\"700\" height=\"442\" src=\"https:\/\/diariotribuna.com.br\/wp-content\/uploads\/2021\/01\/5.jpg\" alt=\"\" data-id=\"7027\" data-full-url=\"https:\/\/diariotribuna.com.br\/wp-content\/uploads\/2021\/01\/5.jpg\" data-link=\"https:\/\/diariotribuna.com.br\/?attachment_id=7027\" class=\"wp-image-7027\" srcset=\"https:\/\/diariotribuna.com.br\/wp-content\/uploads\/2021\/01\/5.jpg 700w, https:\/\/diariotribuna.com.br\/wp-content\/uploads\/2021\/01\/5-300x189.jpg 300w, https:\/\/diariotribuna.com.br\/wp-content\/uploads\/2021\/01\/5-696x439.jpg 696w, https:\/\/diariotribuna.com.br\/wp-content\/uploads\/2021\/01\/5-665x420.jpg 665w\" sizes=\"(max-width: 700px) 100vw, 700px\" \/><\/figure><\/li><li class=\"blocks-gallery-item\"><figure><img loading=\"lazy\" decoding=\"async\" width=\"700\" height=\"463\" src=\"https:\/\/diariotribuna.com.br\/wp-content\/uploads\/2021\/01\/1.jpg\" alt=\"\" data-id=\"7023\" data-full-url=\"https:\/\/diariotribuna.com.br\/wp-content\/uploads\/2021\/01\/1.jpg\" data-link=\"https:\/\/diariotribuna.com.br\/?attachment_id=7023\" class=\"wp-image-7023\" srcset=\"https:\/\/diariotribuna.com.br\/wp-content\/uploads\/2021\/01\/1.jpg 700w, https:\/\/diariotribuna.com.br\/wp-content\/uploads\/2021\/01\/1-300x198.jpg 300w, https:\/\/diariotribuna.com.br\/wp-content\/uploads\/2021\/01\/1-696x460.jpg 696w, https:\/\/diariotribuna.com.br\/wp-content\/uploads\/2021\/01\/1-635x420.jpg 635w\" sizes=\"(max-width: 700px) 100vw, 700px\" \/><\/figure><\/li><li class=\"blocks-gallery-item\"><figure><img loading=\"lazy\" decoding=\"async\" width=\"700\" height=\"508\" src=\"https:\/\/diariotribuna.com.br\/wp-content\/uploads\/2021\/01\/4.jpg\" alt=\"\" data-id=\"7026\" data-full-url=\"https:\/\/diariotribuna.com.br\/wp-content\/uploads\/2021\/01\/4.jpg\" data-link=\"https:\/\/diariotribuna.com.br\/?attachment_id=7026\" class=\"wp-image-7026\" srcset=\"https:\/\/diariotribuna.com.br\/wp-content\/uploads\/2021\/01\/4.jpg 700w, https:\/\/diariotribuna.com.br\/wp-content\/uploads\/2021\/01\/4-300x218.jpg 300w, https:\/\/diariotribuna.com.br\/wp-content\/uploads\/2021\/01\/4-324x235.jpg 324w, https:\/\/diariotribuna.com.br\/wp-content\/uploads\/2021\/01\/4-696x505.jpg 696w, https:\/\/diariotribuna.com.br\/wp-content\/uploads\/2021\/01\/4-579x420.jpg 579w\" sizes=\"(max-width: 700px) 100vw, 700px\" \/><\/figure><\/li><li class=\"blocks-gallery-item\"><figure><img loading=\"lazy\" decoding=\"async\" width=\"700\" height=\"456\" src=\"https:\/\/diariotribuna.com.br\/wp-content\/uploads\/2021\/01\/7.jpg\" alt=\"\" data-id=\"7029\" data-full-url=\"https:\/\/diariotribuna.com.br\/wp-content\/uploads\/2021\/01\/7.jpg\" data-link=\"https:\/\/diariotribuna.com.br\/?attachment_id=7029\" class=\"wp-image-7029\" srcset=\"https:\/\/diariotribuna.com.br\/wp-content\/uploads\/2021\/01\/7.jpg 700w, https:\/\/diariotribuna.com.br\/wp-content\/uploads\/2021\/01\/7-300x195.jpg 300w, https:\/\/diariotribuna.com.br\/wp-content\/uploads\/2021\/01\/7-696x453.jpg 696w, https:\/\/diariotribuna.com.br\/wp-content\/uploads\/2021\/01\/7-645x420.jpg 645w\" sizes=\"(max-width: 700px) 100vw, 700px\" \/><\/figure><\/li><\/ul><\/figure>\n\n\n\n<h3 class=\"wp-block-heading\"><strong><span style=\"color:#0d547c\" class=\"has-inline-color\">Veja abaixo a lista oficial com os nomes de todos os ganhadores e os respectivos pr\u00eamios da Campanha Compra Premiada CDL 2020<\/span><\/strong><\/h3>\n\n\n\n<figure class=\"wp-block-image size-large is-resized\"><img loading=\"lazy\" decoding=\"async\" src=\"https:\/\/diariotribuna.com.br\/wp-content\/uploads\/2021\/01\/10-QUADRO-1-1.jpg\" alt=\"\" class=\"wp-image-7021\" width=\"541\" height=\"541\" srcset=\"https:\/\/diariotribuna.com.br\/wp-content\/uploads\/2021\/01\/10-QUADRO-1-1.jpg 700w, https:\/\/diariotribuna.com.br\/wp-content\/uploads\/2021\/01\/10-QUADRO-1-1-300x300.jpg 300w, https:\/\/diariotribuna.com.br\/wp-content\/uploads\/2021\/01\/10-QUADRO-1-1-150x150.jpg 150w, https:\/\/diariotribuna.com.br\/wp-content\/uploads\/2021\/01\/10-QUADRO-1-1-696x696.jpg 696w, https:\/\/diariotribuna.com.br\/wp-content\/uploads\/2021\/01\/10-QUADRO-1-1-420x420.jpg 420w\" sizes=\"(max-width: 541px) 100vw, 541px\" \/><\/figure>\n\n\n\n<figure class=\"wp-block-image size-large is-resized\"><img loading=\"lazy\" decoding=\"async\" src=\"https:\/\/diariotribuna.com.br\/wp-content\/uploads\/2021\/01\/11-QUADDRO-2.jpg\" alt=\"\" class=\"wp-image-7022\" width=\"546\" height=\"546\" srcset=\"https:\/\/diariotribuna.com.br\/wp-content\/uploads\/2021\/01\/11-QUADDRO-2.jpg 700w, https:\/\/diariotribuna.com.br\/wp-content\/uploads\/2021\/01\/11-QUADDRO-2-300x300.jpg 300w, https:\/\/diariotribuna.com.br\/wp-content\/uploads\/2021\/01\/11-QUADDRO-2-150x150.jpg 150w, https:\/\/diariotribuna.com.br\/wp-content\/uploads\/2021\/01\/11-QUADDRO-2-696x696.jpg 696w, https:\/\/diariotribuna.com.br\/wp-content\/uploads\/2021\/01\/11-QUADDRO-2-420x420.jpg 420w\" sizes=\"(max-width: 546px) 100vw, 546px\" \/><\/figure>\n\n\n\n<p><strong>Campanha Compra Premiada CDL-TO:<\/strong> <strong>Realiza\u00e7\u00e3o:<\/strong> CDL-TO. <strong>Apresenta\u00e7\u00e3o:<\/strong> Sicoob AC Credi. <strong>Patrocinadores:<\/strong> Farm\u00e1cias Indiana, Honda Motol\u00edder, Gr\u00e1fica Carvalho. <strong>Apoio:<\/strong> Prefeitura. <strong>Premia\u00e7\u00e3o:<\/strong> 04 Motos zero Km, 06 Smartphones, 02 Bicicletas, 04 Smart Tvs Led de 32\u00b4, 06 Vales Compras do valor de R$ 300,00. <strong>Premia\u00e7\u00e3o para o vendedor:<\/strong> 06 Vales Compras no valor de R$300,00. <strong>Premia\u00e7\u00e3o para o Lojista aderente:<\/strong> 01 Vale viagem, no valor de R$ 5.000,00. <strong>Total de pr\u00eamios:<\/strong> 29<\/p>\n\n\n\n<h4 class=\"wp-block-heading\"><strong>FOTOS: Jornal Di\u00e1rio Tribuna<\/strong><\/h4>\n\n\n\n<p><\/p>\n","protected":false},"excerpt":{"rendered":"<p>A C\u00e2mara de Dirigentes Lojistas de Te\u00f3filo Otoni (CDL- -TO) realizou sorteios na manh\u00e3 desta segunda-feira (28\/12\/2020), da campanha \u201cCompra Premiada CDL 2020\u201d. O evento foi realizado no audit\u00f3rio da CDL-TO, \u00e0s 10h, com transmiss\u00e3o ao vivo pelo instagram @cdlteofilootoni, e com presen\u00e7a da imprensa, diretores e colaboradores da CDL-TO, empres\u00e1rios, seguindo todos os cuidados [&hellip;]<\/p>\n","protected":false},"author":1,"featured_media":7016,"comment_status":"open","ping_status":"open","sticky":false,"template":"","format":"standard","meta":{"rop_custom_images_group":[],"rop_custom_messages_group":[],"rop_publish_now":"initial","rop_publish_now_accounts":[],"rop_publish_now_history":[],"rop_publish_now_status":"pending","footnotes":""},"categories":[25,17],"tags":[39,1089,2393,2392,75],"class_list":["post-7015","post","type-post","status-publish","format-standard","has-post-thumbnail","hentry","category-destaque","category-teofilootoni","tag-campanha","tag-cdl-to","tag-compra-premiada-cdl-2020","tag-sorteios","tag-teofilo-otoni"],"_links":{"self":[{"href":"https:\/\/diariotribuna.com.br\/index.php?rest_route=\/wp\/v2\/posts\/7015"}],"collection":[{"href":"https:\/\/diariotribuna.com.br\/index.php?rest_route=\/wp\/v2\/posts"}],"about":[{"href":"https:\/\/diariotribuna.com.br\/index.php?rest_route=\/wp\/v2\/types\/post"}],"author":[{"embeddable":true,"href":"https:\/\/diariotribuna.com.br\/index.php?rest_route=\/wp\/v2\/users\/1"}],"replies":[{"embeddable":true,"href":"https:\/\/diariotribuna.com.br\/index.php?rest_route=%2Fwp%2Fv2%2Fcomments&post=7015"}],"version-history":[{"count":3,"href":"https:\/\/diariotribuna.com.br\/index.php?rest_route=\/wp\/v2\/posts\/7015\/revisions"}],"predecessor-version":[{"id":7032,"href":"https:\/\/diariotribuna.com.br\/index.php?rest_route=\/wp\/v2\/posts\/7015\/revisions\/7032"}],"wp:featuredmedia":[{"embeddable":true,"href":"https:\/\/diariotribuna.com.br\/index.php?rest_route=\/wp\/v2\/media\/7016"}],"wp:attachment":[{"href":"https:\/\/diariotribuna.com.br\/index.php?rest_route=%2Fwp%2Fv2%2Fmedia&parent=7015"}],"wp:term":[{"taxonomy":"category","embeddable":true,"href":"https:\/\/diariotribuna.com.br\/index.php?rest_route=%2Fwp%2Fv2%2Fcategories&post=7015"},{"taxonomy":"post_tag","embeddable":true,"href":"https:\/\/diariotribuna.com.br\/index.php?rest_route=%2Fwp%2Fv2%2Ftags&post=7015"}],"curies":[{"name":"wp","href":"https:\/\/api.w.org\/{rel}","templated":true}]}}