{"id":7033,"date":"2021-01-04T00:33:05","date_gmt":"2021-01-04T03:33:05","guid":{"rendered":"https:\/\/diariotribuna.com.br\/?p=7033"},"modified":"2021-01-07T02:46:52","modified_gmt":"2021-01-07T05:46:52","slug":"tenente-coronel-nelio-e-transferido-para-a-reserva-da-policia-militar","status":"publish","type":"post","link":"https:\/\/diariotribuna.com.br\/?p=7033","title":{"rendered":"Tenente Coronel N\u00e9lio \u00e9 transferido para a Reserva da Pol\u00edcia Militar"},"content":{"rendered":"\n<figure class=\"wp-block-image size-large is-resized\"><img loading=\"lazy\" decoding=\"async\" src=\"https:\/\/diariotribuna.com.br\/wp-content\/uploads\/2021\/01\/Ten-Cel-Nelio-e-transferido-para-a-Reserva-da-PMMG.png\" alt=\"\" class=\"wp-image-7035\" width=\"476\" height=\"407\" srcset=\"https:\/\/diariotribuna.com.br\/wp-content\/uploads\/2021\/01\/Ten-Cel-Nelio-e-transferido-para-a-Reserva-da-PMMG.png 700w, https:\/\/diariotribuna.com.br\/wp-content\/uploads\/2021\/01\/Ten-Cel-Nelio-e-transferido-para-a-Reserva-da-PMMG-300x256.png 300w, https:\/\/diariotribuna.com.br\/wp-content\/uploads\/2021\/01\/Ten-Cel-Nelio-e-transferido-para-a-Reserva-da-PMMG-696x595.png 696w, https:\/\/diariotribuna.com.br\/wp-content\/uploads\/2021\/01\/Ten-Cel-Nelio-e-transferido-para-a-Reserva-da-PMMG-492x420.png 492w\" sizes=\"(max-width: 476px) 100vw, 476px\" \/><\/figure>\n\n\n\n<p>O tenente coronel da Pol\u00edcia Militar de Minas Gerais, N\u00e9lio Bertolino Cond\u00e9, assumiu o comando da 14\u00aa Companhia de Pol\u00edcia Militar Independente, sediada em Ara\u00e7ua\u00ed, em 21 de janeiro 2020. Quando assumiu o comando da unidade, ele implementou estrat\u00e9gias arrojadas e conseguiu motivar os militares no enfrentamento \u00e0 criminalidade.<\/p>\n\n\n\n<p>Como resultado desse trabalho a 14\u00aa Cia PM Ind. est\u00e1 entre as primeiras do Estado de Minas Gerais em \u00edndice de redu\u00e7\u00e3o criminal. Esse fato demonstra a habilidade de gest\u00e3o do oficial que na segunda-feira (28\/12\/2020), foi transferido para a reserva da Pol\u00edcia Militar.<\/p>\n\n\n\n<p>Durante seu comando, a interven\u00e7\u00e3o do tenente coronel N\u00e9lio junto aos chefes do executivo e legislativo resultou na reforma do destacamento da cidade de Itinga, propiciando melhores condi\u00e7\u00f5es de trabalho e melhor qualidade de atendimento aos cidad\u00e3os.<\/p>\n\n\n\n<p>Tamb\u00e9m, a a\u00e7\u00e3o proativa do oficial intermediou a implanta\u00e7\u00e3o da Delegacia Virtual, que est\u00e1 prevista para ser concretizada e proporcionar\u00e1 melhoria no desempenho do policiamento tanto em Ara\u00e7ua\u00ed quanto nos munic\u00edpios circunvizinhos, uma vez que reduzir\u00e1 consideravelmente os deslocamentos at\u00e9 a cidade de Pedra Azul.<\/p>\n\n\n\n<figure class=\"wp-block-image size-large is-resized\"><img loading=\"lazy\" decoding=\"async\" src=\"https:\/\/diariotribuna.com.br\/wp-content\/uploads\/2021\/01\/Ten-Cel-Nelio-com-o-comandante-da-15a-RPM-Coronel-Menezes-3.jpg\" alt=\"\" class=\"wp-image-7040\" width=\"519\" height=\"349\" srcset=\"https:\/\/diariotribuna.com.br\/wp-content\/uploads\/2021\/01\/Ten-Cel-Nelio-com-o-comandante-da-15a-RPM-Coronel-Menezes-3.jpg 700w, https:\/\/diariotribuna.com.br\/wp-content\/uploads\/2021\/01\/Ten-Cel-Nelio-com-o-comandante-da-15a-RPM-Coronel-Menezes-3-300x202.jpg 300w, https:\/\/diariotribuna.com.br\/wp-content\/uploads\/2021\/01\/Ten-Cel-Nelio-com-o-comandante-da-15a-RPM-Coronel-Menezes-3-696x468.jpg 696w, https:\/\/diariotribuna.com.br\/wp-content\/uploads\/2021\/01\/Ten-Cel-Nelio-com-o-comandante-da-15a-RPM-Coronel-Menezes-3-624x420.jpg 624w\" sizes=\"(max-width: 519px) 100vw, 519px\" \/><figcaption><strong>T<strong>enente coronel N\u00e9lio com o comandante da 15\u00aa Regi\u00e3o de<\/strong><\/strong><br><strong><strong>Pol\u00edcia Militar coronel Menezes<\/strong><\/strong><\/figcaption><\/figure>\n\n\n\n<p>O Comando da 15\u00aa Regi\u00e3o de Pol\u00edcia Militar parabeniza o tenente coronel N\u00e9lio pela sua vitoriosa carreira na Pol\u00edcia Militar de Minas Gerais e deseja muito sucesso nessa nova etapa da sua vida. Informa\u00e7\u00f5es\/Fotos: Ag\u00eancia Regional de Comunica\u00e7\u00e3o Organizacional\/ 15\u00aa RPM).<\/p>\n\n\n\n<figure class=\"wp-block-image size-large is-resized\"><img loading=\"lazy\" decoding=\"async\" src=\"https:\/\/diariotribuna.com.br\/wp-content\/uploads\/2021\/01\/1-2.jpg\" alt=\"\" class=\"wp-image-7039\" width=\"505\" height=\"335\" srcset=\"https:\/\/diariotribuna.com.br\/wp-content\/uploads\/2021\/01\/1-2.jpg 450w, https:\/\/diariotribuna.com.br\/wp-content\/uploads\/2021\/01\/1-2-300x199.jpg 300w\" sizes=\"(max-width: 505px) 100vw, 505px\" \/><\/figure>\n\n\n\n<p><\/p>\n","protected":false},"excerpt":{"rendered":"<p>O tenente coronel da Pol\u00edcia Militar de Minas Gerais, N\u00e9lio Bertolino Cond\u00e9, assumiu o comando da 14\u00aa Companhia de Pol\u00edcia Militar Independente, sediada em Ara\u00e7ua\u00ed, em 21 de janeiro 2020. Quando assumiu o comando da unidade, ele implementou estrat\u00e9gias arrojadas e conseguiu motivar os militares no enfrentamento \u00e0 criminalidade. Como resultado desse trabalho a 14\u00aa [&hellip;]<\/p>\n","protected":false},"author":1,"featured_media":7035,"comment_status":"open","ping_status":"open","sticky":false,"template":"","format":"standard","meta":{"rop_custom_images_group":[],"rop_custom_messages_group":[],"rop_publish_now":"initial","rop_publish_now_accounts":[],"rop_publish_now_history":[],"rop_publish_now_status":"pending","footnotes":""},"categories":[18],"tags":[2395,380,2396,2394],"class_list":["post-7033","post","type-post","status-publish","format-standard","has-post-thumbnail","hentry","category-regiao","tag-14a-cia-pm-ind","tag-aracuai","tag-reserva","tag-tenente-coronel-nelio"],"_links":{"self":[{"href":"https:\/\/diariotribuna.com.br\/index.php?rest_route=\/wp\/v2\/posts\/7033"}],"collection":[{"href":"https:\/\/diariotribuna.com.br\/index.php?rest_route=\/wp\/v2\/posts"}],"about":[{"href":"https:\/\/diariotribuna.com.br\/index.php?rest_route=\/wp\/v2\/types\/post"}],"author":[{"embeddable":true,"href":"https:\/\/diariotribuna.com.br\/index.php?rest_route=\/wp\/v2\/users\/1"}],"replies":[{"embeddable":true,"href":"https:\/\/diariotribuna.com.br\/index.php?rest_route=%2Fwp%2Fv2%2Fcomments&post=7033"}],"version-history":[{"count":2,"href":"https:\/\/diariotribuna.com.br\/index.php?rest_route=\/wp\/v2\/posts\/7033\/revisions"}],"predecessor-version":[{"id":7043,"href":"https:\/\/diariotribuna.com.br\/index.php?rest_route=\/wp\/v2\/posts\/7033\/revisions\/7043"}],"wp:featuredmedia":[{"embeddable":true,"href":"https:\/\/diariotribuna.com.br\/index.php?rest_route=\/wp\/v2\/media\/7035"}],"wp:attachment":[{"href":"https:\/\/diariotribuna.com.br\/index.php?rest_route=%2Fwp%2Fv2%2Fmedia&parent=7033"}],"wp:term":[{"taxonomy":"category","embeddable":true,"href":"https:\/\/diariotribuna.com.br\/index.php?rest_route=%2Fwp%2Fv2%2Fcategories&post=7033"},{"taxonomy":"post_tag","embeddable":true,"href":"https:\/\/diariotribuna.com.br\/index.php?rest_route=%2Fwp%2Fv2%2Ftags&post=7033"}],"curies":[{"name":"wp","href":"https:\/\/api.w.org\/{rel}","templated":true}]}}