{"id":7044,"date":"2021-01-04T00:37:54","date_gmt":"2021-01-04T03:37:54","guid":{"rendered":"https:\/\/diariotribuna.com.br\/?p=7044"},"modified":"2021-01-04T00:37:55","modified_gmt":"2021-01-04T03:37:55","slug":"covid-19-teofilo-otoni-registra-4-539-casos-positivos-e-137-obitos-03-01","status":"publish","type":"post","link":"https:\/\/diariotribuna.com.br\/?p=7044","title":{"rendered":"COVID-19: Te\u00f3filo Otoni registra 4.539 casos positivos e 137 \u00f3bitos (03\/01)"},"content":{"rendered":"\n<p><\/p>\n\n\n\n<figure class=\"wp-block-image size-large is-resized\"><img loading=\"lazy\" decoding=\"async\" src=\"https:\/\/diariotribuna.com.br\/wp-content\/uploads\/2021\/01\/Pote.jpg\" alt=\"\" class=\"wp-image-7045\" width=\"503\" height=\"257\" srcset=\"https:\/\/diariotribuna.com.br\/wp-content\/uploads\/2021\/01\/Pote.jpg 600w, https:\/\/diariotribuna.com.br\/wp-content\/uploads\/2021\/01\/Pote-300x154.jpg 300w\" sizes=\"(max-width: 503px) 100vw, 503px\" \/><\/figure>\n\n\n\n<p>A Secretaria Municipal de Sa\u00fade divulgou o boletim epidemiol\u00f3gico na noite deste domingo (03\/01\/2021), confirmando 4.539 casos positivos de covid-19 em Te\u00f3filo Otoni, 21 a mais nas \u00faltimas 24 horas. At\u00e9 esta data o munic\u00edpio computa 137 \u00f3bitos por complica\u00e7\u00f5es causadas pela covid-19. O boletim registra ainda que tem 979 casos ativos, 3.423 pessoas infectadas j\u00e1 est\u00e3o recuperadas e 14.682 casos suspeitos foram descartados.<\/p>\n\n\n\n<p>O <strong>137\u00ba \u00f3bito<\/strong> ocorreu no s\u00e1bado (02\/01\/2021) e trata-se de um idoso de 69 anos, que estava internado no Hospital Santa Ros\u00e1lia. De acordo com a secretaria o paciente era portador de comorbidades, recebeu assist\u00eancia e tratamento necess\u00e1rios e teve o resultado confirmado por RT-PCR.<\/p>\n\n\n\n<p><strong>Das Interna\u00e7\u00f5es:<\/strong> Pelo <strong>SUS, Conv\u00eanio e Particular<\/strong> tem 40 leitos de UTI Covid e 34 est\u00e3o ocupados, sendo 21 pacientes de Te\u00f3filo Otoni e 13 de outros munic\u00edpios <strong>(85,00% de ocupa\u00e7\u00e3o<\/strong>). Tem <strong>58 Leitos de Enfermaria Covid<\/strong> e 36 est\u00e3o ocupados, sendo 29 pacientes de Te\u00f3filo Otoni e 07 de outros munic\u00edpios <strong>(62,00% de ocupa\u00e7\u00e3o)<\/strong>.<\/p>\n","protected":false},"excerpt":{"rendered":"<p>A Secretaria Municipal de Sa\u00fade divulgou o boletim epidemiol\u00f3gico na noite deste domingo (03\/01\/2021), confirmando 4.539 casos positivos de covid-19 em Te\u00f3filo Otoni, 21 a mais nas \u00faltimas 24 horas. At\u00e9 esta data o munic\u00edpio computa 137 \u00f3bitos por complica\u00e7\u00f5es causadas pela covid-19. O boletim registra ainda que tem 979 casos ativos, 3.423 pessoas infectadas [&hellip;]<\/p>\n","protected":false},"author":1,"featured_media":7045,"comment_status":"open","ping_status":"open","sticky":false,"template":"","format":"standard","meta":{"rop_custom_images_group":[],"rop_custom_messages_group":[],"rop_publish_now":"initial","rop_publish_now_accounts":[],"rop_publish_now_history":[],"rop_publish_now_status":"pending","footnotes":""},"categories":[192],"tags":[2397,489,84,75],"class_list":["post-7044","post","type-post","status-publish","format-standard","has-post-thumbnail","hentry","category-covid19","tag-03-01-2021","tag-boletim-epidemiologico","tag-covid-19","tag-teofilo-otoni"],"_links":{"self":[{"href":"https:\/\/diariotribuna.com.br\/index.php?rest_route=\/wp\/v2\/posts\/7044"}],"collection":[{"href":"https:\/\/diariotribuna.com.br\/index.php?rest_route=\/wp\/v2\/posts"}],"about":[{"href":"https:\/\/diariotribuna.com.br\/index.php?rest_route=\/wp\/v2\/types\/post"}],"author":[{"embeddable":true,"href":"https:\/\/diariotribuna.com.br\/index.php?rest_route=\/wp\/v2\/users\/1"}],"replies":[{"embeddable":true,"href":"https:\/\/diariotribuna.com.br\/index.php?rest_route=%2Fwp%2Fv2%2Fcomments&post=7044"}],"version-history":[{"count":1,"href":"https:\/\/diariotribuna.com.br\/index.php?rest_route=\/wp\/v2\/posts\/7044\/revisions"}],"predecessor-version":[{"id":7046,"href":"https:\/\/diariotribuna.com.br\/index.php?rest_route=\/wp\/v2\/posts\/7044\/revisions\/7046"}],"wp:featuredmedia":[{"embeddable":true,"href":"https:\/\/diariotribuna.com.br\/index.php?rest_route=\/wp\/v2\/media\/7045"}],"wp:attachment":[{"href":"https:\/\/diariotribuna.com.br\/index.php?rest_route=%2Fwp%2Fv2%2Fmedia&parent=7044"}],"wp:term":[{"taxonomy":"category","embeddable":true,"href":"https:\/\/diariotribuna.com.br\/index.php?rest_route=%2Fwp%2Fv2%2Fcategories&post=7044"},{"taxonomy":"post_tag","embeddable":true,"href":"https:\/\/diariotribuna.com.br\/index.php?rest_route=%2Fwp%2Fv2%2Ftags&post=7044"}],"curies":[{"name":"wp","href":"https:\/\/api.w.org\/{rel}","templated":true}]}}