{"id":7047,"date":"2021-01-04T00:46:01","date_gmt":"2021-01-04T03:46:01","guid":{"rendered":"https:\/\/diariotribuna.com.br\/?p=7047"},"modified":"2021-01-04T00:46:02","modified_gmt":"2021-01-04T03:46:02","slug":"covid-19-fiocruz-quer-contribuir-com-inicio-da-vacinacao-neste-mes","status":"publish","type":"post","link":"https:\/\/diariotribuna.com.br\/?p=7047","title":{"rendered":"Covid-19: Fiocruz quer contribuir com in\u00edcio da vacina\u00e7\u00e3o neste m\u00eas"},"content":{"rendered":"\n<p><strong>Funda\u00e7\u00e3o diz que far\u00e1 pedido de uso emergencial da vacina nesta semana<\/strong><\/p>\n\n\n\n<figure class=\"wp-block-image size-large is-resized\"><img loading=\"lazy\" decoding=\"async\" src=\"https:\/\/diariotribuna.com.br\/wp-content\/uploads\/2021\/01\/2020-03-30t000000z_67088125_mt1imgost000oj2rdc_rtrmadp_3_imago-images_0.jpg\" alt=\"\" class=\"wp-image-7048\" width=\"530\" height=\"316\" srcset=\"https:\/\/diariotribuna.com.br\/wp-content\/uploads\/2021\/01\/2020-03-30t000000z_67088125_mt1imgost000oj2rdc_rtrmadp_3_imago-images_0.jpg 700w, https:\/\/diariotribuna.com.br\/wp-content\/uploads\/2021\/01\/2020-03-30t000000z_67088125_mt1imgost000oj2rdc_rtrmadp_3_imago-images_0-300x179.jpg 300w, https:\/\/diariotribuna.com.br\/wp-content\/uploads\/2021\/01\/2020-03-30t000000z_67088125_mt1imgost000oj2rdc_rtrmadp_3_imago-images_0-696x416.jpg 696w\" sizes=\"(max-width: 530px) 100vw, 530px\" \/><\/figure>\n\n\n\n<p>A Funda\u00e7\u00e3o Oswaldo Cruz (Fiocruz) informou, em nota, que quer contribuir com o in\u00edcio da vacina\u00e7\u00e3o contra covid-19 ainda neste m\u00eas. Para isso, \u00e9 necess\u00e1ria a realiza\u00e7\u00e3o do pedido para uso emergencial da vacina, o que deve ser feito nesta semana.<\/p>\n\n\n\n<p>As primeiras vacinas ser\u00e3o importadas da \u00cdndia, um dos locais de produ\u00e7\u00e3o da AstraZeneca, laborat\u00f3rio que tem parceria com a Fiocruz no Brasil. Ser\u00e3o&nbsp;<a href=\"https:\/\/agenciabrasil.ebc.com.br\/saude\/noticia\/2021-01\/covid-19-anvisa-aprova-importacao-de-2-milhoes-de-doses-de-vacina\">2 milh\u00f5es de dose<\/a>s. As demais ser\u00e3o produzidas pela pr\u00f3pria funda\u00e7\u00e3o brasileira ap\u00f3s a chegada do Ingrediente Farmac\u00eautico Ativo (IFA), tamb\u00e9m prevista para janeiro.<\/p>\n\n\n\n<p>\u201cA estrat\u00e9gia \u00e9 contribuir com o in\u00edcio da vacina\u00e7\u00e3o, ainda em janeiro, com as doses importadas, de acordo com o Plano Nacional de Operacionaliza\u00e7\u00e3o da Vacina\u00e7\u00e3o contra a Covid-19, e, ao mesmo tempo, dar in\u00edcio \u00e0 produ\u00e7\u00e3o, conforme cronograma j\u00e1 amplamente divulgado\u201d, informou a Fiocruz. O pedido de registro definitivo da vacina est\u00e1 previsto para ocorrer em 15 de janeiro.<\/p>\n\n\n\n<p>De acordo com a funda\u00e7\u00e3o, em uma reuni\u00e3o ocorrida recentemente entre o Minist\u00e9rio da Sa\u00fade, a Fiocruz e a AstraZeneca, o laborat\u00f3rio mostrou a viabilidade de entregar ao governo brasileiro doses prontas da vacina para agilizar o processo de vacina\u00e7\u00e3o da popula\u00e7\u00e3o.<\/p>\n\n\n\n<p>Al\u00e9m disso, o registro da vacina em pa\u00edses como Argentina e \u00cdndia, al\u00e9m do Reino Unido, teria aberto caminho para o pedido de importa\u00e7\u00e3o das primeiras vacinas, j\u00e1 autorizado pela Ag\u00eancia Nacional de Vigil\u00e2ncia Sanit\u00e1ria (Anvisa).<\/p>\n\n\n\n<p>A Fiocruz entregar\u00e1 110,4 milh\u00f5es de doses at\u00e9 julho deste ano. A primeira entrega ocorrer\u00e1 na semana de 8 a 12 de fevereiro. \u201cCom a incorpora\u00e7\u00e3o da tecnologia conclu\u00edda, a Fiocruz ter\u00e1 a capacidade de produzir mais 110 milh\u00f5es ao longo do segundo semestre de 2021\u201d, acrescentou a funda\u00e7\u00e3o.<\/p>\n\n\n\n<h2 class=\"wp-block-heading\">Insumos<\/h2>\n\n\n\n<p>A Secretaria de Com\u00e9rcio Exterior publicou&nbsp;uma portaria proibindo a exporta\u00e7\u00e3o de seringas, mesmo com agulhas, de 3ml, e outras agulhas que possuam as seguintes dimens\u00f5es: 22G x 1\u201d, 23G x 1\u201d e 24G x \u00be ap\u00f3s o dia 1\u00ba de janeiro deste ano. A exporta\u00e7\u00e3o s\u00f3 poder\u00e1 ser feita mediante uma licen\u00e7a especial.<\/p>\n\n\n\n<p>Recentemente, o governo federal questionou empresas sobre o risco de desabastecimento de seringas. A Secretaria Nacional do Consumidor (Senacon) quer analisar se haver\u00e1 risco de desabastecimento e consequente falta de acesso aos produtos, bem como a possibilidade de reajuste nos pre\u00e7os pelo aumento na procura.<\/p>\n\n\n\n<p>O Minist\u00e9rio da Sa\u00fade informou em nota que realizou preg\u00e3o para compra de seringas e agulhas dentro do tr\u00e2mite legal. Ap\u00f3s a fase de recursos, a previs\u00e3o \u00e9 que os contratos sejam assinados ainda em janeiro. <em>Mat\u00e9ria atualizada \u00e0s 19h25 para acr\u00e9scimo de informa\u00e7\u00f5es<\/em>. (Ag\u00eancia Brasil)<\/p>\n","protected":false},"excerpt":{"rendered":"<p>Funda\u00e7\u00e3o diz que far\u00e1 pedido de uso emergencial da vacina nesta semana A Funda\u00e7\u00e3o Oswaldo Cruz (Fiocruz) informou, em nota, que quer contribuir com o in\u00edcio da vacina\u00e7\u00e3o contra covid-19 ainda neste m\u00eas. Para isso, \u00e9 necess\u00e1ria a realiza\u00e7\u00e3o do pedido para uso emergencial da vacina, o que deve ser feito nesta semana. As primeiras [&hellip;]<\/p>\n","protected":false},"author":1,"featured_media":7048,"comment_status":"open","ping_status":"open","sticky":false,"template":"","format":"standard","meta":{"rop_custom_images_group":[],"rop_custom_messages_group":[],"rop_publish_now":"initial","rop_publish_now_accounts":[],"rop_publish_now_history":[],"rop_publish_now_status":"pending","footnotes":""},"categories":[192],"tags":[1134,849,242],"class_list":["post-7047","post","type-post","status-publish","format-standard","has-post-thumbnail","hentry","category-covid19","tag-coviid-19","tag-fiocruz","tag-vacinacao"],"_links":{"self":[{"href":"https:\/\/diariotribuna.com.br\/index.php?rest_route=\/wp\/v2\/posts\/7047"}],"collection":[{"href":"https:\/\/diariotribuna.com.br\/index.php?rest_route=\/wp\/v2\/posts"}],"about":[{"href":"https:\/\/diariotribuna.com.br\/index.php?rest_route=\/wp\/v2\/types\/post"}],"author":[{"embeddable":true,"href":"https:\/\/diariotribuna.com.br\/index.php?rest_route=\/wp\/v2\/users\/1"}],"replies":[{"embeddable":true,"href":"https:\/\/diariotribuna.com.br\/index.php?rest_route=%2Fwp%2Fv2%2Fcomments&post=7047"}],"version-history":[{"count":1,"href":"https:\/\/diariotribuna.com.br\/index.php?rest_route=\/wp\/v2\/posts\/7047\/revisions"}],"predecessor-version":[{"id":7049,"href":"https:\/\/diariotribuna.com.br\/index.php?rest_route=\/wp\/v2\/posts\/7047\/revisions\/7049"}],"wp:featuredmedia":[{"embeddable":true,"href":"https:\/\/diariotribuna.com.br\/index.php?rest_route=\/wp\/v2\/media\/7048"}],"wp:attachment":[{"href":"https:\/\/diariotribuna.com.br\/index.php?rest_route=%2Fwp%2Fv2%2Fmedia&parent=7047"}],"wp:term":[{"taxonomy":"category","embeddable":true,"href":"https:\/\/diariotribuna.com.br\/index.php?rest_route=%2Fwp%2Fv2%2Fcategories&post=7047"},{"taxonomy":"post_tag","embeddable":true,"href":"https:\/\/diariotribuna.com.br\/index.php?rest_route=%2Fwp%2Fv2%2Ftags&post=7047"}],"curies":[{"name":"wp","href":"https:\/\/api.w.org\/{rel}","templated":true}]}}