{"id":7050,"date":"2021-01-04T00:56:46","date_gmt":"2021-01-04T03:56:46","guid":{"rendered":"https:\/\/diariotribuna.com.br\/?p=7050"},"modified":"2021-01-04T00:56:47","modified_gmt":"2021-01-04T03:56:47","slug":"covid-19-brasil-registra-196-mil-mortes-e-773-mi-de-casos","status":"publish","type":"post","link":"https:\/\/diariotribuna.com.br\/?p=7050","title":{"rendered":"Covid-19: Brasil registra 196 mil mortes e 7,73 mi de casos"},"content":{"rendered":"\n<p><strong>No total, 6.813.008 pessoas j\u00e1 se recuperaram da covid-19<\/strong><\/p>\n\n\n\n<figure class=\"wp-block-image size-large is-resized\"><img loading=\"lazy\" decoding=\"async\" src=\"https:\/\/diariotribuna.com.br\/wp-content\/uploads\/2021\/01\/unnamed-file.jpg\" alt=\"\" class=\"wp-image-7051\" width=\"526\" height=\"313\" srcset=\"https:\/\/diariotribuna.com.br\/wp-content\/uploads\/2021\/01\/unnamed-file.jpg 700w, https:\/\/diariotribuna.com.br\/wp-content\/uploads\/2021\/01\/unnamed-file-300x179.jpg 300w, https:\/\/diariotribuna.com.br\/wp-content\/uploads\/2021\/01\/unnamed-file-696x416.jpg 696w\" sizes=\"(max-width: 526px) 100vw, 526px\" \/><\/figure>\n\n\n\n<p>As mortes por causa da pandemia do novo coronav\u00edrus chegaram a 196.018. Nas \u00faltimas 24 horas, foram registradas 293 mortes. A soma de pessoas infectadas desde o in\u00edcio da pandemia atingiu 7.733.746. Entre ontem e hoje (2), foram registrados 17.341 novos diagn\u00f3sticos positivos. No total, 6.813.008 pessoas j\u00e1 se recuperaram da covid-19.<\/p>\n\n\n\n<p>O balan\u00e7o foi divulgado nesse domingo (3) pelo Minist\u00e9rio da Sa\u00fade. O levantamento re\u00fane as informa\u00e7\u00f5es das secretarias estaduais de Sa\u00fade de todo o pa\u00eds.<\/p>\n\n\n\n<p>Em geral, os registros de casos e mortes s\u00e3o menores aos domingos e segundas-feiras em raz\u00e3o da dificuldade de alimenta\u00e7\u00e3o dos dados pelas secretarias de Sa\u00fade aos fins de semana. J\u00e1 \u00e0s ter\u00e7as-feiras, os totais tendem a ser maiores pelo ac\u00famulo das informa\u00e7\u00f5es de fim de semana que s\u00e3o enviadas ao minist\u00e9rio.<\/p>\n\n\n\n<figure class=\"wp-block-image size-large is-resized\"><img loading=\"lazy\" decoding=\"async\" src=\"https:\/\/diariotribuna.com.br\/wp-content\/uploads\/2021\/01\/whatsapp_image_2021-01-03_at_18.31.07.jpeg\" alt=\"\" class=\"wp-image-7053\" width=\"525\" height=\"293\" srcset=\"https:\/\/diariotribuna.com.br\/wp-content\/uploads\/2021\/01\/whatsapp_image_2021-01-03_at_18.31.07.jpeg 700w, https:\/\/diariotribuna.com.br\/wp-content\/uploads\/2021\/01\/whatsapp_image_2021-01-03_at_18.31.07-300x168.jpeg 300w, https:\/\/diariotribuna.com.br\/wp-content\/uploads\/2021\/01\/whatsapp_image_2021-01-03_at_18.31.07-696x390.jpeg 696w\" sizes=\"(max-width: 525px) 100vw, 525px\" \/><\/figure>\n\n\n\n<h2 class=\"wp-block-heading\">Covid nos estados<\/h2>\n\n\n\n<p>S\u00e3o Paulo registrou 1.471.422 casos de pessoas contaminadas. Os outros estados com maior n\u00famero de casos no pa\u00eds s\u00e3o Minas Gerais (550.672) e Santa Catarina (497.345). J\u00e1 o Acre\u00a0tem o menor n\u00famero de casos (42.046), seguido de Amap\u00e1 (68.568) e Roraima (68.875).<\/p>\n\n\n\n<p>S\u00e3o Paulo tamb\u00e9m lidera o n\u00famero de mortes, com 46.865. Rio de Janeiro (25.616) e Minas Gerais (12.037) aparecem na sequ\u00eancia. Os estados com menos mortes s\u00e3o Roraima (787), Acre (802) e Amap\u00e1 (927). (Ag\u00eancia Brasil).<\/p>\n","protected":false},"excerpt":{"rendered":"<p>No total, 6.813.008 pessoas j\u00e1 se recuperaram da covid-19 As mortes por causa da pandemia do novo coronav\u00edrus chegaram a 196.018. Nas \u00faltimas 24 horas, foram registradas 293 mortes. A soma de pessoas infectadas desde o in\u00edcio da pandemia atingiu 7.733.746. Entre ontem e hoje (2), foram registrados 17.341 novos diagn\u00f3sticos positivos. No total, 6.813.008 [&hellip;]<\/p>\n","protected":false},"author":1,"featured_media":7052,"comment_status":"open","ping_status":"open","sticky":false,"template":"","format":"standard","meta":{"rop_custom_images_group":[],"rop_custom_messages_group":[],"rop_publish_now":"initial","rop_publish_now_accounts":[],"rop_publish_now_history":[],"rop_publish_now_status":"pending","footnotes":""},"categories":[192],"tags":[2397,489,393,84],"class_list":["post-7050","post","type-post","status-publish","format-standard","has-post-thumbnail","hentry","category-covid19","tag-03-01-2021","tag-boletim-epidemiologico","tag-brasil","tag-covid-19"],"_links":{"self":[{"href":"https:\/\/diariotribuna.com.br\/index.php?rest_route=\/wp\/v2\/posts\/7050"}],"collection":[{"href":"https:\/\/diariotribuna.com.br\/index.php?rest_route=\/wp\/v2\/posts"}],"about":[{"href":"https:\/\/diariotribuna.com.br\/index.php?rest_route=\/wp\/v2\/types\/post"}],"author":[{"embeddable":true,"href":"https:\/\/diariotribuna.com.br\/index.php?rest_route=\/wp\/v2\/users\/1"}],"replies":[{"embeddable":true,"href":"https:\/\/diariotribuna.com.br\/index.php?rest_route=%2Fwp%2Fv2%2Fcomments&post=7050"}],"version-history":[{"count":1,"href":"https:\/\/diariotribuna.com.br\/index.php?rest_route=\/wp\/v2\/posts\/7050\/revisions"}],"predecessor-version":[{"id":7054,"href":"https:\/\/diariotribuna.com.br\/index.php?rest_route=\/wp\/v2\/posts\/7050\/revisions\/7054"}],"wp:featuredmedia":[{"embeddable":true,"href":"https:\/\/diariotribuna.com.br\/index.php?rest_route=\/wp\/v2\/media\/7052"}],"wp:attachment":[{"href":"https:\/\/diariotribuna.com.br\/index.php?rest_route=%2Fwp%2Fv2%2Fmedia&parent=7050"}],"wp:term":[{"taxonomy":"category","embeddable":true,"href":"https:\/\/diariotribuna.com.br\/index.php?rest_route=%2Fwp%2Fv2%2Fcategories&post=7050"},{"taxonomy":"post_tag","embeddable":true,"href":"https:\/\/diariotribuna.com.br\/index.php?rest_route=%2Fwp%2Fv2%2Ftags&post=7050"}],"curies":[{"name":"wp","href":"https:\/\/api.w.org\/{rel}","templated":true}]}}