{"id":7061,"date":"2021-01-05T23:34:49","date_gmt":"2021-01-06T02:34:49","guid":{"rendered":"https:\/\/diariotribuna.com.br\/?p=7061"},"modified":"2021-01-05T23:36:42","modified_gmt":"2021-01-06T02:36:42","slug":"teofilo-otoni-registra-140-obitos-por-complicacoes-causadas-pela-covid-19","status":"publish","type":"post","link":"https:\/\/diariotribuna.com.br\/?p=7061","title":{"rendered":"Te\u00f3filo Otoni registra 140 \u00f3bitos por complica\u00e7\u00f5es causadas pela covid-19"},"content":{"rendered":"\n<p><\/p>\n\n\n\n<figure class=\"wp-block-image size-large is-resized\"><img loading=\"lazy\" decoding=\"async\" src=\"https:\/\/diariotribuna.com.br\/wp-content\/uploads\/2021\/01\/90127239_2607949282827065_4095575144385216512_n-1.jpg\" alt=\"\" class=\"wp-image-7062\" width=\"499\" height=\"279\" srcset=\"https:\/\/diariotribuna.com.br\/wp-content\/uploads\/2021\/01\/90127239_2607949282827065_4095575144385216512_n-1.jpg 600w, https:\/\/diariotribuna.com.br\/wp-content\/uploads\/2021\/01\/90127239_2607949282827065_4095575144385216512_n-1-300x168.jpg 300w\" sizes=\"(max-width: 499px) 100vw, 499px\" \/><\/figure>\n\n\n\n<p>A Secretaria Municipal de Sa\u00fade divulgou o boletim epidemiol\u00f3gico na noite desta ter\u00e7a-feira (05\/01\/2021), confirmando 4.633 casos positivos de covid-19 em Te\u00f3filo Otoni, 94 a mais nas \u00faltimas 24 horas. Foi inserido mais 02 \u00f3bitos por complica\u00e7\u00f5es causadas pela covid-19 totalizando 140. Segundo o boletim tem 914 casos ativos, 3.524 infectados j\u00e1 est\u00e3o recuperados e 15.120 casos suspeitos foram descartados.<\/p>\n\n\n\n<p>Os dois \u00faltimos \u00f3bitos ocorreram nos dias 04 e 05 de janeiro\/2021 (segunda e ter\u00e7a-feira). O primeiro trata-se de uma idosa de 75 anos, que estava internada no Hospital Philadelfia, teve o resultado confirmado por PCR detect\u00e1vel.<\/p>\n\n\n\n<p>O segundo trata-se de um idoso de 88 anos, que estava internado na UPA 24 Horas (Avenida Get\u00falio Vargas), teve o resultado confirmado por RT-PCR. Os dois receberam assist\u00eancia e tratamento necess\u00e1rios, mas infelizmente evolu\u00edram a \u00f3bito. Os dois eram portadores de comorbidades.<\/p>\n\n\n\n<p>No boletim de segunda-feira (04), tamb\u00e9m foi inserido mais 01 \u00f3bito, que ocorreu no domingo (03\/01), tratando-se de uma mulher de 51 anos que estava internada no Hospital Santa Ros\u00e1lia, A paciente era portadora de comorbidades e teve o resultado confirmado por RT-PCR.<\/p>\n\n\n\n<p><strong>Das Interna\u00e7\u00f5es:<\/strong> Pelo <strong>SUS, Conv\u00eanio e Particular<\/strong> tem 40 leitos de UTI Covid e 31 est\u00e3o ocupados, sendo 19 pacientes de Te\u00f3filo Otoni e 12 de outros munic\u00edpios <strong>(77,50% de ocupa\u00e7\u00e3o<\/strong>). Tem <strong>58 Leitos de Enfermaria Covid<\/strong> e 38 est\u00e3o ocupados, sendo 32 pacientes de Te\u00f3filo Otoni e 06 de outros munic\u00edpios <strong>(65,00% de ocupa\u00e7\u00e3o)<\/strong>.<\/p>\n","protected":false},"excerpt":{"rendered":"<p>A Secretaria Municipal de Sa\u00fade divulgou o boletim epidemiol\u00f3gico na noite desta ter\u00e7a-feira (05\/01\/2021), confirmando 4.633 casos positivos de covid-19 em Te\u00f3filo Otoni, 94 a mais nas \u00faltimas 24 horas. Foi inserido mais 02 \u00f3bitos por complica\u00e7\u00f5es causadas pela covid-19 totalizando 140. Segundo o boletim tem 914 casos ativos, 3.524 infectados j\u00e1 est\u00e3o recuperados e [&hellip;]<\/p>\n","protected":false},"author":1,"featured_media":7062,"comment_status":"open","ping_status":"open","sticky":false,"template":"","format":"standard","meta":{"rop_custom_images_group":[],"rop_custom_messages_group":[],"rop_publish_now":"initial","rop_publish_now_accounts":[],"rop_publish_now_history":[],"rop_publish_now_status":"pending","footnotes":""},"categories":[192],"tags":[2399,489,84,75],"class_list":["post-7061","post","type-post","status-publish","format-standard","has-post-thumbnail","hentry","category-covid19","tag-05-01-2021","tag-boletim-epidemiologico","tag-covid-19","tag-teofilo-otoni"],"_links":{"self":[{"href":"https:\/\/diariotribuna.com.br\/index.php?rest_route=\/wp\/v2\/posts\/7061"}],"collection":[{"href":"https:\/\/diariotribuna.com.br\/index.php?rest_route=\/wp\/v2\/posts"}],"about":[{"href":"https:\/\/diariotribuna.com.br\/index.php?rest_route=\/wp\/v2\/types\/post"}],"author":[{"embeddable":true,"href":"https:\/\/diariotribuna.com.br\/index.php?rest_route=\/wp\/v2\/users\/1"}],"replies":[{"embeddable":true,"href":"https:\/\/diariotribuna.com.br\/index.php?rest_route=%2Fwp%2Fv2%2Fcomments&post=7061"}],"version-history":[{"count":2,"href":"https:\/\/diariotribuna.com.br\/index.php?rest_route=\/wp\/v2\/posts\/7061\/revisions"}],"predecessor-version":[{"id":7064,"href":"https:\/\/diariotribuna.com.br\/index.php?rest_route=\/wp\/v2\/posts\/7061\/revisions\/7064"}],"wp:featuredmedia":[{"embeddable":true,"href":"https:\/\/diariotribuna.com.br\/index.php?rest_route=\/wp\/v2\/media\/7062"}],"wp:attachment":[{"href":"https:\/\/diariotribuna.com.br\/index.php?rest_route=%2Fwp%2Fv2%2Fmedia&parent=7061"}],"wp:term":[{"taxonomy":"category","embeddable":true,"href":"https:\/\/diariotribuna.com.br\/index.php?rest_route=%2Fwp%2Fv2%2Fcategories&post=7061"},{"taxonomy":"post_tag","embeddable":true,"href":"https:\/\/diariotribuna.com.br\/index.php?rest_route=%2Fwp%2Fv2%2Ftags&post=7061"}],"curies":[{"name":"wp","href":"https:\/\/api.w.org\/{rel}","templated":true}]}}