{"id":7065,"date":"2021-01-05T23:51:52","date_gmt":"2021-01-06T02:51:52","guid":{"rendered":"https:\/\/diariotribuna.com.br\/?p=7065"},"modified":"2021-01-05T23:51:54","modified_gmt":"2021-01-06T02:51:54","slug":"covid-19-pais-registra-566-mil-casos-e-11-mortes-em-24-horas","status":"publish","type":"post","link":"https:\/\/diariotribuna.com.br\/?p=7065","title":{"rendered":"Covid-19: pa\u00eds registra 56,6 mil casos e 1,1 mortes em 24 horas"},"content":{"rendered":"\n<p><strong>Foi o segundo maior registro de \u00f3bitos desde setembro<\/strong><\/p>\n\n\n\n<figure class=\"wp-block-image size-large is-resized\"><img loading=\"lazy\" decoding=\"async\" src=\"https:\/\/diariotribuna.com.br\/wp-content\/uploads\/2021\/01\/17_07_2020_covid_testes_exame-2.jpg\" alt=\"\" class=\"wp-image-7067\" width=\"506\" height=\"302\" srcset=\"https:\/\/diariotribuna.com.br\/wp-content\/uploads\/2021\/01\/17_07_2020_covid_testes_exame-2.jpg 700w, https:\/\/diariotribuna.com.br\/wp-content\/uploads\/2021\/01\/17_07_2020_covid_testes_exame-2-300x179.jpg 300w, https:\/\/diariotribuna.com.br\/wp-content\/uploads\/2021\/01\/17_07_2020_covid_testes_exame-2-696x416.jpg 696w\" sizes=\"(max-width: 506px) 100vw, 506px\" \/><\/figure>\n\n\n\n<p>O Brasil registrou 56.648 novos casos de covid-19 e 1.171 novas mortes pela doen\u00e7a em 24 horas. Os dados est\u00e3o na atualiza\u00e7\u00e3o di\u00e1ria do Minist\u00e9rio da Sa\u00fade, divulgada na noite desta ter\u00e7a-feira (5) e se referem aos registros feitos desde o boletim de<a rel=\"noreferrer noopener\" href=\"https:\/\/agenciabrasil.ebc.com.br\/saude\/noticia\/2021-01\/brasil-tem-20-mil-novos-casos-de-covid-19-em-24-horas\" target=\"_blank\">\u00a0ontem<\/a>.<\/p>\n\n\n\n<p>O n\u00famero de novos \u00f3bitos foi o segundo maior desde o in\u00edcio de setembro, perdendo apenas para o dia 30 de dezembro, quando foram registradas 1.194 novos falecimentos em decorr\u00eancia do novo coronav\u00edrus.<\/p>\n\n\n\n<figure class=\"wp-block-image size-large is-resized\"><img loading=\"lazy\" decoding=\"async\" src=\"https:\/\/diariotribuna.com.br\/wp-content\/uploads\/2021\/01\/tabela_covid_05jan2021.jpeg\" alt=\"\" class=\"wp-image-7066\" width=\"544\" height=\"304\" srcset=\"https:\/\/diariotribuna.com.br\/wp-content\/uploads\/2021\/01\/tabela_covid_05jan2021.jpeg 700w, https:\/\/diariotribuna.com.br\/wp-content\/uploads\/2021\/01\/tabela_covid_05jan2021-300x168.jpeg 300w, https:\/\/diariotribuna.com.br\/wp-content\/uploads\/2021\/01\/tabela_covid_05jan2021-696x390.jpeg 696w\" sizes=\"(max-width: 544px) 100vw, 544px\" \/><\/figure>\n\n\n\n<p>Com as novas mortes, as vidas perdidas para a pandemia subiram para 197.732. Ontem, os dados do Minist\u00e9rio da Sa\u00fade sobre a doen\u00e7a traziam 196.561 \u00f3bitos. Ainda h\u00e1 2.550 falecimentos em investiga\u00e7\u00e3o.<\/p>\n\n\n\n<p>Com os novos casos acrescidos \u00e0s estat\u00edsticas, o total de pessoas infectadas desde o in\u00edcio da pandemia foi para 7.810.400. At\u00e9 ontem, o sistema do Minist\u00e9rio da Sa\u00fade com dados sobre a pandemia marcava 7.753.752 diagn\u00f3sticos de covid-19 ao longo da pandemia.<\/p>\n\n\n\n<p>Conforme o painel do Minist\u00e9rio da Sa\u00fade, h\u00e1 ainda 649.261 casos ativos em acompanhamento. O n\u00famero de pessoas que se recuperaram da covid-19 chegou a 6.963.407.<\/p>\n\n\n\n<p>Em geral, os registros de casos e mortes s\u00e3o menores aos domingos e segundas-feiras em raz\u00e3o da dificuldade de alimenta\u00e7\u00e3o dos dados pelas secretarias de sa\u00fade aos fins de semana. J\u00e1 \u00e0s ter\u00e7as-feiras, os totais tendem a ser maiores pelo ac\u00famulo das informa\u00e7\u00f5es de fim de semana que s\u00e3o enviadas ao Minist\u00e9rio da Sa\u00fade. No caso desta semana, pode ser acrescido o feriado do dia 1\u00ba, que caiu na sexta-feira.<\/p>\n\n\n\n<h2 class=\"wp-block-heading\">Estados<\/h2>\n\n\n\n<p>No topo da lista dos estados com mais mortes por covid-19 est\u00e3o S\u00e3o Paulo (47.222), Rio de Janeiro (25.837), Minas Gerais (12.083), Cear\u00e1 (10.042) e Pernambuco (9.709). J\u00e1 entre os \u00faltimos no ranking est\u00e3o Roraima (798), Acre (808), Amap\u00e1 (943), Tocantins (1.248) e Rond\u00f4nia (1.852). (Ag\u00eancia Brasil)<\/p>\n","protected":false},"excerpt":{"rendered":"<p>Foi o segundo maior registro de \u00f3bitos desde setembro O Brasil registrou 56.648 novos casos de covid-19 e 1.171 novas mortes pela doen\u00e7a em 24 horas. Os dados est\u00e3o na atualiza\u00e7\u00e3o di\u00e1ria do Minist\u00e9rio da Sa\u00fade, divulgada na noite desta ter\u00e7a-feira (5) e se referem aos registros feitos desde o boletim de\u00a0ontem. O n\u00famero de [&hellip;]<\/p>\n","protected":false},"author":1,"featured_media":7067,"comment_status":"open","ping_status":"open","sticky":false,"template":"","format":"standard","meta":{"rop_custom_images_group":[],"rop_custom_messages_group":[],"rop_publish_now":"initial","rop_publish_now_accounts":[],"rop_publish_now_history":[],"rop_publish_now_status":"pending","footnotes":""},"categories":[192],"tags":[2399,489,393,84],"class_list":["post-7065","post","type-post","status-publish","format-standard","has-post-thumbnail","hentry","category-covid19","tag-05-01-2021","tag-boletim-epidemiologico","tag-brasil","tag-covid-19"],"_links":{"self":[{"href":"https:\/\/diariotribuna.com.br\/index.php?rest_route=\/wp\/v2\/posts\/7065"}],"collection":[{"href":"https:\/\/diariotribuna.com.br\/index.php?rest_route=\/wp\/v2\/posts"}],"about":[{"href":"https:\/\/diariotribuna.com.br\/index.php?rest_route=\/wp\/v2\/types\/post"}],"author":[{"embeddable":true,"href":"https:\/\/diariotribuna.com.br\/index.php?rest_route=\/wp\/v2\/users\/1"}],"replies":[{"embeddable":true,"href":"https:\/\/diariotribuna.com.br\/index.php?rest_route=%2Fwp%2Fv2%2Fcomments&post=7065"}],"version-history":[{"count":1,"href":"https:\/\/diariotribuna.com.br\/index.php?rest_route=\/wp\/v2\/posts\/7065\/revisions"}],"predecessor-version":[{"id":7068,"href":"https:\/\/diariotribuna.com.br\/index.php?rest_route=\/wp\/v2\/posts\/7065\/revisions\/7068"}],"wp:featuredmedia":[{"embeddable":true,"href":"https:\/\/diariotribuna.com.br\/index.php?rest_route=\/wp\/v2\/media\/7067"}],"wp:attachment":[{"href":"https:\/\/diariotribuna.com.br\/index.php?rest_route=%2Fwp%2Fv2%2Fmedia&parent=7065"}],"wp:term":[{"taxonomy":"category","embeddable":true,"href":"https:\/\/diariotribuna.com.br\/index.php?rest_route=%2Fwp%2Fv2%2Fcategories&post=7065"},{"taxonomy":"post_tag","embeddable":true,"href":"https:\/\/diariotribuna.com.br\/index.php?rest_route=%2Fwp%2Fv2%2Ftags&post=7065"}],"curies":[{"name":"wp","href":"https:\/\/api.w.org\/{rel}","templated":true}]}}