{"id":7069,"date":"2021-01-06T00:04:43","date_gmt":"2021-01-06T03:04:43","guid":{"rendered":"https:\/\/diariotribuna.com.br\/?p=7069"},"modified":"2021-01-06T00:04:44","modified_gmt":"2021-01-06T03:04:44","slug":"morre-o-ex-deputado-federal-bonifacio-andrada","status":"publish","type":"post","link":"https:\/\/diariotribuna.com.br\/?p=7069","title":{"rendered":"Morre o ex-deputado federal Bonif\u00e1cio Andrada"},"content":{"rendered":"\n<p><strong>Natural de Barbacena (MG), ele tinha 90 anos e lidava com complica\u00e7\u00f5es da COVID-19<\/strong><\/p>\n\n\n\n<figure class=\"wp-block-image size-large is-resized\"><img loading=\"lazy\" decoding=\"async\" src=\"https:\/\/diariotribuna.com.br\/wp-content\/uploads\/2021\/01\/20210105210804125629e.jpg\" alt=\"\" class=\"wp-image-7070\" width=\"525\" height=\"354\" srcset=\"https:\/\/diariotribuna.com.br\/wp-content\/uploads\/2021\/01\/20210105210804125629e.jpg 600w, https:\/\/diariotribuna.com.br\/wp-content\/uploads\/2021\/01\/20210105210804125629e-300x203.jpg 300w\" sizes=\"(max-width: 525px) 100vw, 525px\" \/><figcaption><strong><strong>Bonif\u00e1cio Andrada permaneceu na C\u00e2mara dos Deputados<\/strong><\/strong><br><strong><strong>por 10 mandatos consecutivos<small> (foto: Jos\u00e9 Cruz\/Ag\u00eancia Brasil &#8211; 25\/10\/2017)<\/small><\/strong><\/strong><\/figcaption><\/figure>\n\n\n\n<p>Morreu, na noite desta ter\u00e7a-feira (5), o ex-deputado federal Bonif\u00e1cio Andrada, aos 90 anos. Ele estava internado no Hospital Mater Dei, em Belo Horizonte, ap\u00f3s sofrer complica\u00e7\u00f5es da\u00a0<strong>COVID-19.<\/strong><\/p>\n\n\n\n<p>Pelo Instagram, o\u00a0<strong>deputado federal Lafayette Andrada\u00a0<\/strong>(Republicanos), filho de Bonif\u00e1cio e candidato a prefeito de BH no ano passado, lamentou a perda.<\/p>\n\n\n\n<p><\/p>\n\n\n\n<figure class=\"wp-block-image size-large is-resized\"><img loading=\"lazy\" decoding=\"async\" src=\"https:\/\/diariotribuna.com.br\/wp-content\/uploads\/2021\/01\/Sem-titulo.png\" alt=\"\" class=\"wp-image-7071\" width=\"528\" height=\"229\" srcset=\"https:\/\/diariotribuna.com.br\/wp-content\/uploads\/2021\/01\/Sem-titulo.png 600w, https:\/\/diariotribuna.com.br\/wp-content\/uploads\/2021\/01\/Sem-titulo-300x131.png 300w\" sizes=\"(max-width: 528px) 100vw, 528px\" \/><\/figure>\n\n\n\n<p>&#8220;Com imensa dor, comunico o\u00a0<strong>falecimento\u00a0<\/strong>de meu pai, o ex-deputado Bonif\u00e1cio de Andrada, ocorrido hoje (ter\u00e7a) no Hospital Mater Dei, em Belo Horizonte&#8221;, escreveu o pol\u00edtico.\u00a0\u00a0Tamb\u00e9m pelas redes sociais, o governador Romeu Zema (Novo) prestou sua solidariedade. &#8220;Homem p\u00fablico com longa trajet\u00f3ria em favor de Minas Gerais, em especial na C\u00e2mara dos Deputados&#8221;, escreveu.<\/p>\n\n\n\n<h3 class=\"wp-block-heading\">Biografia&nbsp;<\/h3>\n\n\n\n<p>Bonif\u00e1cio Jos\u00e9 Tamm de Andrada nasceu em Barbacena (MG) e iniciou sua carreira na C\u00e2mara dos Deputados em 1979, pela Alian\u00e7a Renovadora Nacional (Arena). Ele permaneceu na Casa at\u00e9 2019, quando representava o Partido da Social Democracia Brasileira (PSDB). Foram 10\u00a0<strong>legislaturas\u00a0<\/strong>na C\u00e2mara.<\/p>\n\n\n\n<p>Nesses 40 anos, ele representou o Partido Democr\u00e1tico Social (PDS) at\u00e9 1995. Depois, rumou para o Partido Trabalhista Brasileiro (PTB), no qual permaneceu at\u00e9 1999, quando passou a representar o PSDB. Tamb\u00e9m concorreu a vice-presid\u00eancia do Brasil em 1989, quando comp\u00f4s chapa com Paulo Maluf. Juntos, eles somaram 5.986.575 votos, cerca de 9% das prefer\u00eancias v\u00e1lidas, e ficaram em quinto lugar no primeiro turno do pleito, atr\u00e1s de M\u00e1rio Covas, Leonel Brizola, Lula e Collor, que sairia vencedor.<\/p>\n\n\n\n<p>Bonif\u00e1cio era professor e advogado. Tamb\u00e9m exerceu os cargos de vereador em Barbacena, entre 1954 e 1958, e deputado estadual por Minas Gerais por quatro mandatos, entre 1959 e 1975. Tamb\u00e9m trabalhou como reitor da\u00a0Universidade Presidente Ant\u00f4nio Carlos (Unipac) entre 1998 e 2002, al\u00e9m de professor de direito em diversas institui\u00e7\u00f5es de ensino superior, como a\u00a0Universidade de Bras\u00edlia (UnB) e a Pontif\u00edcia Universidade Cat\u00f3lica de Minas Gerais (PUC Minas).<\/p>\n\n\n\n<p>Bonif\u00e1cio Andrada \u00e9 membro da Academia Brasileira de Ci\u00eancias Morais e Pol\u00edticas, da Academia Mineira de Letras e do Instituto Hist\u00f3rico e Geogr\u00e1fico de Minas Gerais (IHGMG).\u00a0(Estado de Minas).<\/p>\n","protected":false},"excerpt":{"rendered":"<p>Natural de Barbacena (MG), ele tinha 90 anos e lidava com complica\u00e7\u00f5es da COVID-19 Morreu, na noite desta ter\u00e7a-feira (5), o ex-deputado federal Bonif\u00e1cio Andrada, aos 90 anos. Ele estava internado no Hospital Mater Dei, em Belo Horizonte, ap\u00f3s sofrer complica\u00e7\u00f5es da\u00a0COVID-19. Pelo Instagram, o\u00a0deputado federal Lafayette Andrada\u00a0(Republicanos), filho de Bonif\u00e1cio e candidato a prefeito [&hellip;]<\/p>\n","protected":false},"author":1,"featured_media":7070,"comment_status":"open","ping_status":"open","sticky":false,"template":"","format":"standard","meta":{"rop_custom_images_group":[],"rop_custom_messages_group":[],"rop_publish_now":"initial","rop_publish_now_accounts":[],"rop_publish_now_history":[],"rop_publish_now_status":"pending","footnotes":""},"categories":[21],"tags":[676,2401,2400],"class_list":["post-7069","post","type-post","status-publish","format-standard","has-post-thumbnail","hentry","category-politica","tag-barbacena","tag-ex-deputado-federal","tag-morre-bonifacio-andrada"],"_links":{"self":[{"href":"https:\/\/diariotribuna.com.br\/index.php?rest_route=\/wp\/v2\/posts\/7069"}],"collection":[{"href":"https:\/\/diariotribuna.com.br\/index.php?rest_route=\/wp\/v2\/posts"}],"about":[{"href":"https:\/\/diariotribuna.com.br\/index.php?rest_route=\/wp\/v2\/types\/post"}],"author":[{"embeddable":true,"href":"https:\/\/diariotribuna.com.br\/index.php?rest_route=\/wp\/v2\/users\/1"}],"replies":[{"embeddable":true,"href":"https:\/\/diariotribuna.com.br\/index.php?rest_route=%2Fwp%2Fv2%2Fcomments&post=7069"}],"version-history":[{"count":1,"href":"https:\/\/diariotribuna.com.br\/index.php?rest_route=\/wp\/v2\/posts\/7069\/revisions"}],"predecessor-version":[{"id":7072,"href":"https:\/\/diariotribuna.com.br\/index.php?rest_route=\/wp\/v2\/posts\/7069\/revisions\/7072"}],"wp:featuredmedia":[{"embeddable":true,"href":"https:\/\/diariotribuna.com.br\/index.php?rest_route=\/wp\/v2\/media\/7070"}],"wp:attachment":[{"href":"https:\/\/diariotribuna.com.br\/index.php?rest_route=%2Fwp%2Fv2%2Fmedia&parent=7069"}],"wp:term":[{"taxonomy":"category","embeddable":true,"href":"https:\/\/diariotribuna.com.br\/index.php?rest_route=%2Fwp%2Fv2%2Fcategories&post=7069"},{"taxonomy":"post_tag","embeddable":true,"href":"https:\/\/diariotribuna.com.br\/index.php?rest_route=%2Fwp%2Fv2%2Ftags&post=7069"}],"curies":[{"name":"wp","href":"https:\/\/api.w.org\/{rel}","templated":true}]}}