{"id":7083,"date":"2021-01-06T15:34:06","date_gmt":"2021-01-06T18:34:06","guid":{"rendered":"https:\/\/diariotribuna.com.br\/?p=7083"},"modified":"2021-01-08T01:25:51","modified_gmt":"2021-01-08T04:25:51","slug":"15a-regiao-de-policia-militar-realiza-operacao-ferias-seguras-2021","status":"publish","type":"post","link":"https:\/\/diariotribuna.com.br\/?p=7083","title":{"rendered":"15\u00aa Regi\u00e3o de Pol\u00edcia Militar realiza opera\u00e7\u00e3o F\u00e9rias Seguras 2021"},"content":{"rendered":"\n<figure class=\"wp-block-image size-large is-resized\"><img loading=\"lazy\" decoding=\"async\" src=\"https:\/\/diariotribuna.com.br\/wp-content\/uploads\/2021\/01\/IMG-20210105-WA0029.jpg\" alt=\"\" class=\"wp-image-7084\" width=\"527\" height=\"296\" srcset=\"https:\/\/diariotribuna.com.br\/wp-content\/uploads\/2021\/01\/IMG-20210105-WA0029.jpg 700w, https:\/\/diariotribuna.com.br\/wp-content\/uploads\/2021\/01\/IMG-20210105-WA0029-300x169.jpg 300w, https:\/\/diariotribuna.com.br\/wp-content\/uploads\/2021\/01\/IMG-20210105-WA0029-696x392.jpg 696w\" sizes=\"(max-width: 527px) 100vw, 527px\" \/><\/figure>\n\n\n\n<p>A 15\u00aa Regi\u00e3o de Pol\u00edcia Militar est\u00e1 realizando a opera\u00e7\u00e3o F\u00e9rias Seguras, nos 60 munic\u00edpios que comp\u00f5em a sua circunscri\u00e7\u00e3o, estabelecendo planos de a\u00e7\u00e3o, que objetivam inibir e coibir a a\u00e7\u00e3o de infratores que de maneira oportuna, praticam crimes variados, principalmente contra o patrim\u00f4nio.<\/p>\n\n\n\n<p>Os meses de dezembro e janeiro s\u00e3o utilizados por grande parte da popula\u00e7\u00e3o para o gozo de f\u00e9rias, com tend\u00eancias ao aumento do turismo em algumas \u00e1reas, bem como maior n\u00famero de resid\u00eancias com aus\u00eancia de moradores e consequente falta de efetiva vigil\u00e2ncia.<\/p>\n\n\n\n<p>A opera\u00e7\u00e3o F\u00e9rias Seguras est\u00e1 em andamento em todo o Estado de Minas Gerais, com o objetivo de oferecer maior prote\u00e7\u00e3o e seguran\u00e7a \u00e0 popula\u00e7\u00e3o e ao patrim\u00f4nio, por meio de a\u00e7\u00f5es preventivas e de fiscaliza\u00e7\u00e3o de tr\u00e2nsito rodovi\u00e1rio, haja vista o aumento consider\u00e1vel no fluxo de ve\u00edculos no per\u00edodo.<\/p>\n\n\n\n<p>A Pol\u00edcia Militar est\u00e1 atenta e procura a todo momento promover a paz social, proporcionando seguran\u00e7a a todos. (Ag\u00eancia Regional de Comunica\u00e7\u00e3o Organizacional\/ 15\u00aa RPM).<\/p>\n\n\n\n<figure class=\"wp-block-image size-large is-resized\"><img loading=\"lazy\" decoding=\"async\" src=\"https:\/\/diariotribuna.com.br\/wp-content\/uploads\/2021\/01\/FERIAS-SEGURAS-.jpg\" alt=\"\" class=\"wp-image-7085\" width=\"491\" height=\"692\" srcset=\"https:\/\/diariotribuna.com.br\/wp-content\/uploads\/2021\/01\/FERIAS-SEGURAS-.jpg 700w, https:\/\/diariotribuna.com.br\/wp-content\/uploads\/2021\/01\/FERIAS-SEGURAS--213x300.jpg 213w, https:\/\/diariotribuna.com.br\/wp-content\/uploads\/2021\/01\/FERIAS-SEGURAS--696x982.jpg 696w, https:\/\/diariotribuna.com.br\/wp-content\/uploads\/2021\/01\/FERIAS-SEGURAS--298x420.jpg 298w\" sizes=\"(max-width: 491px) 100vw, 491px\" \/><\/figure>\n","protected":false},"excerpt":{"rendered":"<p>A 15\u00aa Regi\u00e3o de Pol\u00edcia Militar est\u00e1 realizando a opera\u00e7\u00e3o F\u00e9rias Seguras, nos 60 munic\u00edpios que comp\u00f5em a sua circunscri\u00e7\u00e3o, estabelecendo planos de a\u00e7\u00e3o, que objetivam inibir e coibir a a\u00e7\u00e3o de infratores que de maneira oportuna, praticam crimes variados, principalmente contra o patrim\u00f4nio. Os meses de dezembro e janeiro s\u00e3o utilizados por grande parte [&hellip;]<\/p>\n","protected":false},"author":1,"featured_media":7084,"comment_status":"open","ping_status":"open","sticky":false,"template":"","format":"standard","meta":{"rop_custom_images_group":[],"rop_custom_messages_group":[],"rop_publish_now":"initial","rop_publish_now_accounts":[],"rop_publish_now_history":[],"rop_publish_now_status":"pending","footnotes":""},"categories":[18],"tags":[129,2406,80],"class_list":["post-7083","post","type-post","status-publish","format-standard","has-post-thumbnail","hentry","category-regiao","tag-15a-rpm","tag-ferias-seguras","tag-operacao"],"_links":{"self":[{"href":"https:\/\/diariotribuna.com.br\/index.php?rest_route=\/wp\/v2\/posts\/7083"}],"collection":[{"href":"https:\/\/diariotribuna.com.br\/index.php?rest_route=\/wp\/v2\/posts"}],"about":[{"href":"https:\/\/diariotribuna.com.br\/index.php?rest_route=\/wp\/v2\/types\/post"}],"author":[{"embeddable":true,"href":"https:\/\/diariotribuna.com.br\/index.php?rest_route=\/wp\/v2\/users\/1"}],"replies":[{"embeddable":true,"href":"https:\/\/diariotribuna.com.br\/index.php?rest_route=%2Fwp%2Fv2%2Fcomments&post=7083"}],"version-history":[{"count":1,"href":"https:\/\/diariotribuna.com.br\/index.php?rest_route=\/wp\/v2\/posts\/7083\/revisions"}],"predecessor-version":[{"id":7086,"href":"https:\/\/diariotribuna.com.br\/index.php?rest_route=\/wp\/v2\/posts\/7083\/revisions\/7086"}],"wp:featuredmedia":[{"embeddable":true,"href":"https:\/\/diariotribuna.com.br\/index.php?rest_route=\/wp\/v2\/media\/7084"}],"wp:attachment":[{"href":"https:\/\/diariotribuna.com.br\/index.php?rest_route=%2Fwp%2Fv2%2Fmedia&parent=7083"}],"wp:term":[{"taxonomy":"category","embeddable":true,"href":"https:\/\/diariotribuna.com.br\/index.php?rest_route=%2Fwp%2Fv2%2Fcategories&post=7083"},{"taxonomy":"post_tag","embeddable":true,"href":"https:\/\/diariotribuna.com.br\/index.php?rest_route=%2Fwp%2Fv2%2Ftags&post=7083"}],"curies":[{"name":"wp","href":"https:\/\/api.w.org\/{rel}","templated":true}]}}