{"id":7087,"date":"2021-01-07T02:46:23","date_gmt":"2021-01-07T05:46:23","guid":{"rendered":"https:\/\/diariotribuna.com.br\/?p=7087"},"modified":"2021-01-07T02:51:05","modified_gmt":"2021-01-07T05:51:05","slug":"onibus-da-viacao-rio-doce-pega-fogo-na-mg-217-estrada-de-pote","status":"publish","type":"post","link":"https:\/\/diariotribuna.com.br\/?p=7087","title":{"rendered":"\u00d4nibus da Via\u00e7\u00e3o Rio Doce pega fogo na MG 217, estrada de Pot\u00e9"},"content":{"rendered":"\n<figure class=\"wp-block-image size-large is-resized\"><img loading=\"lazy\" decoding=\"async\" src=\"https:\/\/diariotribuna.com.br\/wp-content\/uploads\/2021\/01\/49b28e41-75e7-462b-878b-1fb6a5667fbb-1.jpg\" alt=\"\" class=\"wp-image-7089\" width=\"499\" height=\"494\" srcset=\"https:\/\/diariotribuna.com.br\/wp-content\/uploads\/2021\/01\/49b28e41-75e7-462b-878b-1fb6a5667fbb-1.jpg 700w, https:\/\/diariotribuna.com.br\/wp-content\/uploads\/2021\/01\/49b28e41-75e7-462b-878b-1fb6a5667fbb-1-300x298.jpg 300w, https:\/\/diariotribuna.com.br\/wp-content\/uploads\/2021\/01\/49b28e41-75e7-462b-878b-1fb6a5667fbb-1-696x691.jpg 696w, https:\/\/diariotribuna.com.br\/wp-content\/uploads\/2021\/01\/49b28e41-75e7-462b-878b-1fb6a5667fbb-1-423x420.jpg 423w\" sizes=\"(max-width: 499px) 100vw, 499px\" \/><\/figure>\n\n\n\n<p>O fato aconteceu na tarde desta quarta-feira (06\/01), no Km 35 da rodovia MG 217, munic\u00edpio de Pot\u00e9. A pol\u00edcia Militar Rodovi\u00e1ria compareceu no local onde deparou com um \u00f4nibus, marca Scania, Modelo M.Polo, placa de Caratinga\/MG, pertencente \u00e0 via\u00e7\u00e3o Rio Doce, estacionado sobre a pista de rolamento, em chamas. O motorista I.S.B., de 38 anos, j\u00e1 havia retirado os passageiros de dentro do \u00f4nibus, e felizmente n\u00e3o houve v\u00edtimas que necessitassem de socorro.<\/p>\n\n\n\n<p>A PM interditou a via nos dois sentidos, sinalizou e isolou o local, de imediato compareceu uma equipe do Corpo de Bombeiros, que debelou as chamas e fez o resfriamento do ve\u00edculo. Ap\u00f3s contornado o inc\u00eandio e liberado o fluxo do tr\u00e2nsito em meia pista, o condutor do \u00f4nibus e tr\u00eas testemunhas foram ouvidos e disseram que o ve\u00edculo havia sa\u00eddo da cidade de Malacacheta com destino a Te\u00f3filo Otoni, com a lota\u00e7\u00e3o de oito passageiros, um trocador e um motorista.<\/p>\n\n\n\n<p>Eles disseram que, ap\u00f3s passarem pela cidade de Pot\u00e9, foi observado uma fuma\u00e7a vindo da parte traseira do ve\u00edculo, fato que motivou o condutor a parar. Que neste momento o motorista, confirmou a presen\u00e7a de fuma\u00e7a dentro do ve\u00edculo, e ao acionar o mecanismo de abertura da porta, o mecanismo entrou em pane e n\u00e3o abriu. O motorista e o trocador arrombaram a porta e iniciaram a retirada dos passageiros.<\/p>\n\n\n\n<figure class=\"wp-block-image size-large is-resized\"><img loading=\"lazy\" decoding=\"async\" src=\"https:\/\/diariotribuna.com.br\/wp-content\/uploads\/2021\/01\/7e133d51-48d4-4bf0-8ce3-786cb051138c.jpg\" alt=\"\" class=\"wp-image-7091\" width=\"428\" height=\"350\" srcset=\"https:\/\/diariotribuna.com.br\/wp-content\/uploads\/2021\/01\/7e133d51-48d4-4bf0-8ce3-786cb051138c.jpg 700w, https:\/\/diariotribuna.com.br\/wp-content\/uploads\/2021\/01\/7e133d51-48d4-4bf0-8ce3-786cb051138c-300x246.jpg 300w, https:\/\/diariotribuna.com.br\/wp-content\/uploads\/2021\/01\/7e133d51-48d4-4bf0-8ce3-786cb051138c-696x571.jpg 696w, https:\/\/diariotribuna.com.br\/wp-content\/uploads\/2021\/01\/7e133d51-48d4-4bf0-8ce3-786cb051138c-512x420.jpg 512w\" sizes=\"(max-width: 428px) 100vw, 428px\" \/><\/figure>\n\n\n\n<p>Com o ve\u00edculo j\u00e1 em chamas o motorista retirou nos bra\u00e7os um passageiro de 45 anos, com dificuldades de locomo\u00e7\u00e3o. \u00c0s 14h40 chegou ao local outro \u00f4nibus da mesma empresa e fez o transbordo dos passageiros. O encarregado de mec\u00e2nica da empresa, de 51 anos, esteve no local e assumiu a guarda da carca\u00e7a do ve\u00edculo incendiado, aguardando o resfriamento para proceder a retirada do mesmo do leito da via. N\u00e3o foi poss\u00edvel retirar pertences dos passageiros de dentro do \u00f4nibus. (Informa\u00e7\u00f5es: Ocorr\u00eancia PMMG\/ Foto: Divulga\u00e7\u00e3o).<\/p>\n","protected":false},"excerpt":{"rendered":"<p>O fato aconteceu na tarde desta quarta-feira (06\/01), no Km 35 da rodovia MG 217, munic\u00edpio de Pot\u00e9. A pol\u00edcia Militar Rodovi\u00e1ria compareceu no local onde deparou com um \u00f4nibus, marca Scania, Modelo M.Polo, placa de Caratinga\/MG, pertencente \u00e0 via\u00e7\u00e3o Rio Doce, estacionado sobre a pista de rolamento, em chamas. O motorista I.S.B., de 38 [&hellip;]<\/p>\n","protected":false},"author":1,"featured_media":7089,"comment_status":"open","ping_status":"open","sticky":false,"template":"","format":"standard","meta":{"rop_custom_images_group":[],"rop_custom_messages_group":[],"rop_publish_now":"initial","rop_publish_now_accounts":[],"rop_publish_now_history":[],"rop_publish_now_status":"pending","footnotes":""},"categories":[25,18],"tags":[1343,1559,2407,119,2408],"class_list":["post-7087","post","type-post","status-publish","format-standard","has-post-thumbnail","hentry","category-destaque","category-regiao","tag-incendio","tag-mg-217","tag-onibus","tag-pote","tag-viacao-rio-doce"],"_links":{"self":[{"href":"https:\/\/diariotribuna.com.br\/index.php?rest_route=\/wp\/v2\/posts\/7087"}],"collection":[{"href":"https:\/\/diariotribuna.com.br\/index.php?rest_route=\/wp\/v2\/posts"}],"about":[{"href":"https:\/\/diariotribuna.com.br\/index.php?rest_route=\/wp\/v2\/types\/post"}],"author":[{"embeddable":true,"href":"https:\/\/diariotribuna.com.br\/index.php?rest_route=\/wp\/v2\/users\/1"}],"replies":[{"embeddable":true,"href":"https:\/\/diariotribuna.com.br\/index.php?rest_route=%2Fwp%2Fv2%2Fcomments&post=7087"}],"version-history":[{"count":2,"href":"https:\/\/diariotribuna.com.br\/index.php?rest_route=\/wp\/v2\/posts\/7087\/revisions"}],"predecessor-version":[{"id":7093,"href":"https:\/\/diariotribuna.com.br\/index.php?rest_route=\/wp\/v2\/posts\/7087\/revisions\/7093"}],"wp:featuredmedia":[{"embeddable":true,"href":"https:\/\/diariotribuna.com.br\/index.php?rest_route=\/wp\/v2\/media\/7089"}],"wp:attachment":[{"href":"https:\/\/diariotribuna.com.br\/index.php?rest_route=%2Fwp%2Fv2%2Fmedia&parent=7087"}],"wp:term":[{"taxonomy":"category","embeddable":true,"href":"https:\/\/diariotribuna.com.br\/index.php?rest_route=%2Fwp%2Fv2%2Fcategories&post=7087"},{"taxonomy":"post_tag","embeddable":true,"href":"https:\/\/diariotribuna.com.br\/index.php?rest_route=%2Fwp%2Fv2%2Ftags&post=7087"}],"curies":[{"name":"wp","href":"https:\/\/api.w.org\/{rel}","templated":true}]}}