{"id":7100,"date":"2021-01-08T01:07:02","date_gmt":"2021-01-08T04:07:02","guid":{"rendered":"https:\/\/diariotribuna.com.br\/?p=7100"},"modified":"2021-01-08T01:12:35","modified_gmt":"2021-01-08T04:12:35","slug":"rede-de-atencao-psicossocial-de-teofilo-otoni-realiza-acoes-na-campanha-janeiro-branco","status":"publish","type":"post","link":"https:\/\/diariotribuna.com.br\/?p=7100","title":{"rendered":"Rede de Aten\u00e7\u00e3o Psicossocial de Te\u00f3filo Otoni realiza a\u00e7\u00f5es na campanha Janeiro Branco"},"content":{"rendered":"\n<figure class=\"wp-block-image size-large is-resized\"><img loading=\"lazy\" decoding=\"async\" src=\"https:\/\/diariotribuna.com.br\/wp-content\/uploads\/2021\/01\/46032_ext_arquivo.jpg\" alt=\"\" class=\"wp-image-7102\" width=\"492\" height=\"282\" srcset=\"https:\/\/diariotribuna.com.br\/wp-content\/uploads\/2021\/01\/46032_ext_arquivo.jpg 700w, https:\/\/diariotribuna.com.br\/wp-content\/uploads\/2021\/01\/46032_ext_arquivo-300x172.jpg 300w, https:\/\/diariotribuna.com.br\/wp-content\/uploads\/2021\/01\/46032_ext_arquivo-696x399.jpg 696w\" sizes=\"(max-width: 492px) 100vw, 492px\" \/><\/figure>\n\n\n\n<p>A Rede de Aten\u00e7\u00e3o Psicossocial de Te\u00f3filo Otoni (RAPS), CAPS II, CAPS AD III e CAPS infanto-juvenil, vinculada \u00e0 Secretaria Municipal de Sa\u00fade est\u00e1 realizando uma vasta programa\u00e7\u00e3o neste m\u00eas de janeiro alusiva \u00e0 campanha Janeiro Branco. As equipes dos CAPS est\u00e3o orientando e incentivando as pessoas a se cuidarem, a terem uma aten\u00e7\u00e3o maior para a sa\u00fade mental, antes mesmo de identificar algum transtorno em rela\u00e7\u00e3o a esse cuidado di\u00e1rio que precisa ser feito, tanto da mente quanto do corpo.<\/p>\n\n\n\n<figure class=\"wp-block-image size-large is-resized\"><img loading=\"lazy\" decoding=\"async\" src=\"https:\/\/diariotribuna.com.br\/wp-content\/uploads\/2021\/01\/2d0a518c-c42f-4bc7-8638-e51688c3bbce.jpg\" alt=\"\" class=\"wp-image-7101\" width=\"287\" height=\"333\" srcset=\"https:\/\/diariotribuna.com.br\/wp-content\/uploads\/2021\/01\/2d0a518c-c42f-4bc7-8638-e51688c3bbce.jpg 572w, https:\/\/diariotribuna.com.br\/wp-content\/uploads\/2021\/01\/2d0a518c-c42f-4bc7-8638-e51688c3bbce-259x300.jpg 259w, https:\/\/diariotribuna.com.br\/wp-content\/uploads\/2021\/01\/2d0a518c-c42f-4bc7-8638-e51688c3bbce-362x420.jpg 362w\" sizes=\"(max-width: 287px) 100vw, 287px\" \/><figcaption><strong>Assistente social do CAPS AD, <\/strong><br><strong>Dayane Soares passa informa\u00e7\u00f5es<\/strong><br><strong>relevantes sobre o Janeiro Branco<\/strong><\/figcaption><\/figure>\n\n\n\n<p>A assistente social Dayane Soares do CAPS-AD, explica que janeiro foi escolhido como o m\u00eas para a campanha Janeiro Branco por entender que \u00e9 o primeiro m\u00eas do ano, um m\u00eas em que as pessoas se planejam para realizar as a\u00e7\u00f5es no decorrer do ano. \u201cA gente costuma at\u00e9 dizer que \u00e9 uma p\u00e1gina em branco. O janeiro por ser o primeiro m\u00eas, as pessoas recebem essa p\u00e1gina em branco pra preencher com aquilo que melhor vai trazer prazer, conforto, organiza\u00e7\u00e3o, tudo que se realiza primeiro se organiza na mente. Essa campanha tamb\u00e9m trata disso, as pessoas precisam se organizar, e organizar a mente para poder realizar as suas fun\u00e7\u00f5es, executar as suas a\u00e7\u00f5es\u201d, disse.<\/p>\n\n\n\n<p>Dayane destaca que a pandemia trouxe v\u00e1rios agravantes, especialmente em rela\u00e7\u00e3o \u00e0 sa\u00fade mental. Aumentaram muito os casos de transtornos graves relacionados ao uso de \u00e1lcool e droga, que s\u00e3o os casos de atendimentos realizados no CAPS- -AD III. \u201cE n\u00f3s estamos lidando com toda essa situa\u00e7\u00e3o, al\u00e9m de que os profissionais da sa\u00fade n\u00e3o pararam o trabalho. A gente tamb\u00e9m identifica em alguns momentos profissionais que est\u00e3o sofrendo com essa quest\u00e3o da pandemia, devido ao medo, a press\u00e3o, e isso tamb\u00e9m \u00e9 um problema de sa\u00fade mental que precisa ser cuidado para que n\u00e3o leve a uma depress\u00e3o ou transtornos maiores\u201d, disse.<\/p>\n\n\n\n<p>Ela ressalta ainda que, \u201ca pandemia para todos n\u00f3s trouxe essa grande preocupa\u00e7\u00e3o e estamos n\u00f3s funcion\u00e1rios da sa\u00fade aprendendo a dan\u00e7ar na chuva, aprendendo a lidar com isso e atender esse p\u00fablico que chega tamb\u00e9m com v\u00e1rias quest\u00f5es para serem resolvidos, para serem orientados\u201d.<\/p>\n","protected":false},"excerpt":{"rendered":"<p>A Rede de Aten\u00e7\u00e3o Psicossocial de Te\u00f3filo Otoni (RAPS), CAPS II, CAPS AD III e CAPS infanto-juvenil, vinculada \u00e0 Secretaria Municipal de Sa\u00fade est\u00e1 realizando uma vasta programa\u00e7\u00e3o neste m\u00eas de janeiro alusiva \u00e0 campanha Janeiro Branco. As equipes dos CAPS est\u00e3o orientando e incentivando as pessoas a se cuidarem, a terem uma aten\u00e7\u00e3o maior [&hellip;]<\/p>\n","protected":false},"author":1,"featured_media":7102,"comment_status":"open","ping_status":"open","sticky":false,"template":"","format":"standard","meta":{"rop_custom_images_group":[],"rop_custom_messages_group":[],"rop_publish_now":"initial","rop_publish_now_accounts":[],"rop_publish_now_history":[],"rop_publish_now_status":"pending","footnotes":""},"categories":[25,17],"tags":[2411,2413,2412,75],"class_list":["post-7100","post","type-post","status-publish","format-standard","has-post-thumbnail","hentry","category-destaque","category-teofilootoni","tag-caps-ad","tag-dayane-soares","tag-janeiro-branco","tag-teofilo-otoni"],"_links":{"self":[{"href":"https:\/\/diariotribuna.com.br\/index.php?rest_route=\/wp\/v2\/posts\/7100"}],"collection":[{"href":"https:\/\/diariotribuna.com.br\/index.php?rest_route=\/wp\/v2\/posts"}],"about":[{"href":"https:\/\/diariotribuna.com.br\/index.php?rest_route=\/wp\/v2\/types\/post"}],"author":[{"embeddable":true,"href":"https:\/\/diariotribuna.com.br\/index.php?rest_route=\/wp\/v2\/users\/1"}],"replies":[{"embeddable":true,"href":"https:\/\/diariotribuna.com.br\/index.php?rest_route=%2Fwp%2Fv2%2Fcomments&post=7100"}],"version-history":[{"count":4,"href":"https:\/\/diariotribuna.com.br\/index.php?rest_route=\/wp\/v2\/posts\/7100\/revisions"}],"predecessor-version":[{"id":7106,"href":"https:\/\/diariotribuna.com.br\/index.php?rest_route=\/wp\/v2\/posts\/7100\/revisions\/7106"}],"wp:featuredmedia":[{"embeddable":true,"href":"https:\/\/diariotribuna.com.br\/index.php?rest_route=\/wp\/v2\/media\/7102"}],"wp:attachment":[{"href":"https:\/\/diariotribuna.com.br\/index.php?rest_route=%2Fwp%2Fv2%2Fmedia&parent=7100"}],"wp:term":[{"taxonomy":"category","embeddable":true,"href":"https:\/\/diariotribuna.com.br\/index.php?rest_route=%2Fwp%2Fv2%2Fcategories&post=7100"},{"taxonomy":"post_tag","embeddable":true,"href":"https:\/\/diariotribuna.com.br\/index.php?rest_route=%2Fwp%2Fv2%2Ftags&post=7100"}],"curies":[{"name":"wp","href":"https:\/\/api.w.org\/{rel}","templated":true}]}}