{"id":7107,"date":"2021-01-08T01:25:24","date_gmt":"2021-01-08T04:25:24","guid":{"rendered":"https:\/\/diariotribuna.com.br\/?p=7107"},"modified":"2021-01-14T00:59:08","modified_gmt":"2021-01-14T03:59:08","slug":"policia-investiga-morte-de-recem-nascido-na-cidade-de-jordania","status":"publish","type":"post","link":"https:\/\/diariotribuna.com.br\/?p=7107","title":{"rendered":"Pol\u00edcia investiga morte de rec\u00e9m-nascido na cidade de Jord\u00e2nia"},"content":{"rendered":"\n<figure class=\"wp-block-image size-large is-resized\"><img loading=\"lazy\" decoding=\"async\" src=\"https:\/\/diariotribuna.com.br\/wp-content\/uploads\/2021\/01\/unnamed-file-3.jpg\" alt=\"\" class=\"wp-image-7108\" width=\"462\" height=\"307\" srcset=\"https:\/\/diariotribuna.com.br\/wp-content\/uploads\/2021\/01\/unnamed-file-3.jpg 700w, https:\/\/diariotribuna.com.br\/wp-content\/uploads\/2021\/01\/unnamed-file-3-300x200.jpg 300w, https:\/\/diariotribuna.com.br\/wp-content\/uploads\/2021\/01\/unnamed-file-3-696x463.jpg 696w, https:\/\/diariotribuna.com.br\/wp-content\/uploads\/2021\/01\/unnamed-file-3-631x420.jpg 631w\" sizes=\"(max-width: 462px) 100vw, 462px\" \/><\/figure>\n\n\n\n<p>Na tarde de quarta-feira (06\/01), a Pol\u00edcia Militar recebeu liga\u00e7\u00e3o an\u00f4nima, informando que uma moradora do Distrito de Ribeira do Capim A\u00e7\u00fa, munic\u00edpio de Jord\u00e2nia\/ MG, de iniciais C.B.L. de 26 anos, teria tido um beb\u00ea em sua resid\u00eancia no domingo (03\/01\/2021), e que logo ap\u00f3s teria enterrado a crian\u00e7a no quintal da casa. De acordo com a PM, segundo relatos preliminares a gesta\u00e7\u00e3o seria indesejada e teria sido escondida da pr\u00f3pria fam\u00edlia.<\/p>\n\n\n\n<p>Os militares foram at\u00e9 o local da den\u00fancia, fizeram contato com a mulher que estava sozinha no im\u00f3vel, ap\u00f3s narrar a ela a den\u00fancia que chegou ao conhecimento da PM, ela confirmou que estava gestante aproximadamente 7 a 8 meses, que teria escondido a gesta\u00e7\u00e3o da fam\u00edlia, pois n\u00e3o queria que a fam\u00edlia soubesse do pai da crian\u00e7a. Que no dia do fato (03\/01\/2021), por volta das 6h30 da manh\u00e3 come\u00e7ou a passar mal, foi at\u00e9 o banheiro da casa, foi quando a crian\u00e7a nasceu.<\/p>\n\n\n\n<p>Disse que ali mesmo no ch\u00e3o do banheiro a crian\u00e7a permaneceu por algum tempo, que ela ficou com medo da sua m\u00e3e que estava no quintal do im\u00f3vel, que como n\u00e3o teve outra alternativa resolveu acionar a sua m\u00e3e A.D.L. de 56 anos. Disse que ficou nervosa e n\u00e3o viu se a crian\u00e7a estava viva, entrando em choque e saiu do banheiro. A m\u00e3e confirmou o fato apresentado pela filha, alegando que s\u00f3 tomou conhecimento da gravidez no dia do fato, mas que j\u00e1 suspeitava, devido a filha estar com a barriga muito grande.<\/p>\n\n\n\n<p>Disse que colocou a crian\u00e7a em um balde pl\u00e1stico, n\u00e3o soube informar se ela estava com vida, e chamou sua irm\u00e3 M.D.L. de 38 anos que mora em frente \u00e0 sua casa, para ajudar a solucionar o ocorrido. M.D.L. confirmou a vers\u00e3o, acrescentando que foi chamada pela irm\u00e3 por volta das 9 horas, depois de aproximadamente duas horas do nascimento da crian\u00e7a, que quando chegou no im\u00f3vel j\u00e1 deparou com a crian\u00e7a dentro de um balde, j\u00e1 sem sinais vitais, e que ent\u00e3o resolveu enterrar o beb\u00ea ali mesmo no quintal, pois j\u00e1 havia um buraco aberto.<\/p>\n\n\n\n<p>A tia disse que percebeu ter feito algo errado em n\u00e3o acionar as autoridades para dar conhecimento dos fatos, e que tamb\u00e9m n\u00e3o sabia da gesta\u00e7\u00e3o da sobrinha. O local onde a crian\u00e7a foi enterrada foi apontado pela pr\u00f3pria m\u00e3e. A per\u00edcia t\u00e9cnica de Almenara fez os trabalhou de praxe no local, mas n\u00e3o foi poss\u00edvel em um primeiro momento, estabelecer se tratar de crime de homic\u00eddio, aborto (espont\u00e2neo ou criminoso), ou infantic\u00eddio, pois vai depender de exames periciais e dilig\u00eancias complementares.<\/p>\n\n\n\n<p>Segundo informa\u00e7\u00f5es do IML de Te\u00f3filo Otoni, a necropsia foi realizada na manh\u00e3 desta quinta-feira (7). Em virtude do corpo se encontrar em estado de putrefa\u00e7\u00e3o n\u00e3o foi poss\u00edvel afirmar se o beb\u00ea nasceu morto ou se teve sua morte provocada. (Docim\u00e1cia Hidrost\u00e1tica de Galeno). O m\u00e9dico legista de plant\u00e3o colheu material biol\u00f3gico e encaminhou para o IML BH para exames complementares para conclus\u00e3o do laudo (previs\u00e3o de 45 dias). A causa da morte foi indeterminada. (Imagem: Ilustrativa)<\/p>\n","protected":false},"excerpt":{"rendered":"<p>Na tarde de quarta-feira (06\/01), a Pol\u00edcia Militar recebeu liga\u00e7\u00e3o an\u00f4nima, informando que uma moradora do Distrito de Ribeira do Capim A\u00e7\u00fa, munic\u00edpio de Jord\u00e2nia\/ MG, de iniciais C.B.L. de 26 anos, teria tido um beb\u00ea em sua resid\u00eancia no domingo (03\/01\/2021), e que logo ap\u00f3s teria enterrado a crian\u00e7a no quintal da casa. De [&hellip;]<\/p>\n","protected":false},"author":1,"featured_media":7108,"comment_status":"open","ping_status":"open","sticky":false,"template":"","format":"standard","meta":{"rop_custom_images_group":[],"rop_custom_messages_group":[],"rop_publish_now":"initial","rop_publish_now_accounts":[],"rop_publish_now_history":[],"rop_publish_now_status":"pending","footnotes":""},"categories":[18],"tags":[381,2414,2415,271],"class_list":["post-7107","post","type-post","status-publish","format-standard","has-post-thumbnail","hentry","category-regiao","tag-investigacao","tag-jordania","tag-morte-de-recem-nascido","tag-policia"],"_links":{"self":[{"href":"https:\/\/diariotribuna.com.br\/index.php?rest_route=\/wp\/v2\/posts\/7107"}],"collection":[{"href":"https:\/\/diariotribuna.com.br\/index.php?rest_route=\/wp\/v2\/posts"}],"about":[{"href":"https:\/\/diariotribuna.com.br\/index.php?rest_route=\/wp\/v2\/types\/post"}],"author":[{"embeddable":true,"href":"https:\/\/diariotribuna.com.br\/index.php?rest_route=\/wp\/v2\/users\/1"}],"replies":[{"embeddable":true,"href":"https:\/\/diariotribuna.com.br\/index.php?rest_route=%2Fwp%2Fv2%2Fcomments&post=7107"}],"version-history":[{"count":1,"href":"https:\/\/diariotribuna.com.br\/index.php?rest_route=\/wp\/v2\/posts\/7107\/revisions"}],"predecessor-version":[{"id":7109,"href":"https:\/\/diariotribuna.com.br\/index.php?rest_route=\/wp\/v2\/posts\/7107\/revisions\/7109"}],"wp:featuredmedia":[{"embeddable":true,"href":"https:\/\/diariotribuna.com.br\/index.php?rest_route=\/wp\/v2\/media\/7108"}],"wp:attachment":[{"href":"https:\/\/diariotribuna.com.br\/index.php?rest_route=%2Fwp%2Fv2%2Fmedia&parent=7107"}],"wp:term":[{"taxonomy":"category","embeddable":true,"href":"https:\/\/diariotribuna.com.br\/index.php?rest_route=%2Fwp%2Fv2%2Fcategories&post=7107"},{"taxonomy":"post_tag","embeddable":true,"href":"https:\/\/diariotribuna.com.br\/index.php?rest_route=%2Fwp%2Fv2%2Ftags&post=7107"}],"curies":[{"name":"wp","href":"https:\/\/api.w.org\/{rel}","templated":true}]}}