{"id":7114,"date":"2021-01-09T10:59:25","date_gmt":"2021-01-09T13:59:25","guid":{"rendered":"https:\/\/diariotribuna.com.br\/?p=7114"},"modified":"2021-01-09T10:59:27","modified_gmt":"2021-01-09T13:59:27","slug":"teofilo-otoni-registra-142-obitos-por-complicacoes-causadas-pela-covid-19","status":"publish","type":"post","link":"https:\/\/diariotribuna.com.br\/?p=7114","title":{"rendered":"Te\u00f3filo Otoni registra 142 \u00f3bitos por complica\u00e7\u00f5es causadas pela covid-19"},"content":{"rendered":"\n<figure class=\"wp-block-image size-large is-resized\"><img loading=\"lazy\" decoding=\"async\" src=\"https:\/\/diariotribuna.com.br\/wp-content\/uploads\/2021\/01\/Coronavirus_covid19_02.jpg\" alt=\"\" class=\"wp-image-7115\" width=\"478\" height=\"269\" srcset=\"https:\/\/diariotribuna.com.br\/wp-content\/uploads\/2021\/01\/Coronavirus_covid19_02.jpg 700w, https:\/\/diariotribuna.com.br\/wp-content\/uploads\/2021\/01\/Coronavirus_covid19_02-300x169.jpg 300w, https:\/\/diariotribuna.com.br\/wp-content\/uploads\/2021\/01\/Coronavirus_covid19_02-696x392.jpg 696w\" sizes=\"(max-width: 478px) 100vw, 478px\" \/><\/figure>\n\n\n\n<p>O Boletim epidemiol\u00f3gico divulgado pela Secretaria Municipal de Sa\u00fade na noite de sexta-feira (08\/01\/2021), confirma 4.773 casos positivos de covid-19 em Te\u00f3filo Otoni, 37 a mais nas \u00faltimas 24 horas. Foi inserido mais 01 \u00f3bito por complica\u00e7\u00f5es causadas pela covid-19 totalizando 142. Segundo o boletim tem 784 casos ativos, 3.777 infectados j\u00e1 est\u00e3o recuperados e 15.446 casos suspeitos foram descartados.<\/p>\n\n\n\n<p><strong>O 142\u00ba \u00f3bito <\/strong>ocorreu na quinta-feira (07\/01). Trata-se de uma idosa de 81 anos, segundo a secretaria de sa\u00fade, ela estava internada no Hospital Philadelfia, onde recebeu assist\u00eancia e tratamento necess\u00e1rios, era portadora de comorbidades e teve o resultado confirmado por RT-PCR.<\/p>\n\n\n\n<p>No boletim de quinta-feira (07), tamb\u00e9m foi inserido mais 01 \u00f3bito, ocorrido no domingo (03\/01), tratando-se de uma idosa de 91 anos que estava internada no Hospital Philadelfia. A paciente era portadora de comorbidades e teve o resultado confirmado por RT-PCR.<\/p>\n\n\n\n<p><strong>Das Interna\u00e7\u00f5es:<\/strong> Pelo <strong>SUS, Conv\u00eanio e Particular<\/strong> tem 40 leitos de UTI Covid e 30 est\u00e3o ocupados, sendo 18 pacientes de Te\u00f3filo Otoni e 12 de outros munic\u00edpios <strong>(75,00% de ocupa\u00e7\u00e3o<\/strong>). Tem <strong>58 Leitos de Enfermaria Covid<\/strong> e 44 est\u00e3o ocupados, sendo 31 pacientes de Te\u00f3filo Otoni e 13 de outros munic\u00edpios <strong>(76,00% de ocupa\u00e7\u00e3o)<\/strong>.<\/p>\n","protected":false},"excerpt":{"rendered":"<p>O Boletim epidemiol\u00f3gico divulgado pela Secretaria Municipal de Sa\u00fade na noite de sexta-feira (08\/01\/2021), confirma 4.773 casos positivos de covid-19 em Te\u00f3filo Otoni, 37 a mais nas \u00faltimas 24 horas. Foi inserido mais 01 \u00f3bito por complica\u00e7\u00f5es causadas pela covid-19 totalizando 142. Segundo o boletim tem 784 casos ativos, 3.777 infectados j\u00e1 est\u00e3o recuperados e [&hellip;]<\/p>\n","protected":false},"author":1,"featured_media":7115,"comment_status":"open","ping_status":"open","sticky":false,"template":"","format":"standard","meta":{"rop_custom_images_group":[],"rop_custom_messages_group":[],"rop_publish_now":"initial","rop_publish_now_accounts":[],"rop_publish_now_history":[],"rop_publish_now_status":"pending","footnotes":""},"categories":[192],"tags":[2417,489,84,75],"class_list":["post-7114","post","type-post","status-publish","format-standard","has-post-thumbnail","hentry","category-covid19","tag-08-01-2021","tag-boletim-epidemiologico","tag-covid-19","tag-teofilo-otoni"],"_links":{"self":[{"href":"https:\/\/diariotribuna.com.br\/index.php?rest_route=\/wp\/v2\/posts\/7114"}],"collection":[{"href":"https:\/\/diariotribuna.com.br\/index.php?rest_route=\/wp\/v2\/posts"}],"about":[{"href":"https:\/\/diariotribuna.com.br\/index.php?rest_route=\/wp\/v2\/types\/post"}],"author":[{"embeddable":true,"href":"https:\/\/diariotribuna.com.br\/index.php?rest_route=\/wp\/v2\/users\/1"}],"replies":[{"embeddable":true,"href":"https:\/\/diariotribuna.com.br\/index.php?rest_route=%2Fwp%2Fv2%2Fcomments&post=7114"}],"version-history":[{"count":1,"href":"https:\/\/diariotribuna.com.br\/index.php?rest_route=\/wp\/v2\/posts\/7114\/revisions"}],"predecessor-version":[{"id":7116,"href":"https:\/\/diariotribuna.com.br\/index.php?rest_route=\/wp\/v2\/posts\/7114\/revisions\/7116"}],"wp:featuredmedia":[{"embeddable":true,"href":"https:\/\/diariotribuna.com.br\/index.php?rest_route=\/wp\/v2\/media\/7115"}],"wp:attachment":[{"href":"https:\/\/diariotribuna.com.br\/index.php?rest_route=%2Fwp%2Fv2%2Fmedia&parent=7114"}],"wp:term":[{"taxonomy":"category","embeddable":true,"href":"https:\/\/diariotribuna.com.br\/index.php?rest_route=%2Fwp%2Fv2%2Fcategories&post=7114"},{"taxonomy":"post_tag","embeddable":true,"href":"https:\/\/diariotribuna.com.br\/index.php?rest_route=%2Fwp%2Fv2%2Ftags&post=7114"}],"curies":[{"name":"wp","href":"https:\/\/api.w.org\/{rel}","templated":true}]}}