{"id":7117,"date":"2021-01-09T11:29:59","date_gmt":"2021-01-09T14:29:59","guid":{"rendered":"https:\/\/diariotribuna.com.br\/?p=7117"},"modified":"2021-01-09T11:30:02","modified_gmt":"2021-01-09T14:30:02","slug":"registrada-reinfeccao-da-covid-com-variante-do-virus-em-paciente-na-ba","status":"publish","type":"post","link":"https:\/\/diariotribuna.com.br\/?p=7117","title":{"rendered":"Registrada reinfec\u00e7\u00e3o da covid com variante do v\u00edrus em paciente na BA"},"content":{"rendered":"\n<p><strong>\u00c9 o primeiro caso do mundo de algu\u00e9m infectado novamente com a muta\u00e7\u00e3o<\/strong><\/p>\n\n\n\n<figure class=\"wp-block-image size-large is-resized\"><img loading=\"lazy\" decoding=\"async\" src=\"https:\/\/diariotribuna.com.br\/wp-content\/uploads\/2021\/01\/unnamed-file-4.jpg\" alt=\"\" class=\"wp-image-7118\" width=\"512\" height=\"329\" srcset=\"https:\/\/diariotribuna.com.br\/wp-content\/uploads\/2021\/01\/unnamed-file-4.jpg 700w, https:\/\/diariotribuna.com.br\/wp-content\/uploads\/2021\/01\/unnamed-file-4-300x193.jpg 300w, https:\/\/diariotribuna.com.br\/wp-content\/uploads\/2021\/01\/unnamed-file-4-696x448.jpg 696w, https:\/\/diariotribuna.com.br\/wp-content\/uploads\/2021\/01\/unnamed-file-4-652x420.jpg 652w\" sizes=\"(max-width: 512px) 100vw, 512px\" \/><\/figure>\n\n\n\n<p>Pesquisadores do Instituto D\u00b4Or diagnosticaram uma paciente reinfectada com o novo coronav\u00edrus (covid-19) na Bahia. A diferen\u00e7a de outras reinfec\u00e7\u00f5es, est\u00e1 no fato de ter sido o primeiro caso do mundo de algu\u00e9m infectado novamente com a muta\u00e7\u00e3o denominada E484K.<\/p>\n\n\n\n<p>A paciente tem 45 anos, e foi infectada uma vez em maio e outra em outubro. Nos dois epis\u00f3dios, a paciente n\u00e3o apresentou evolu\u00e7\u00e3o para quadros mais graves. A reinfec\u00e7\u00e3o foi confirmada por meio de teste laboratorial RT-PCR.<\/p>\n\n\n\n<p>Essa variante do novo coronav\u00edrus foi encontrada originalmente na \u00c1frica do Sul. Ela j\u00e1 havia sido identificada em um paciente no Rio de Janeiro. Mas foi a primeira vez em que apareceu em uma reinfec\u00e7\u00e3o.<\/p>\n\n\n\n<p>Segundo os pesquisadores do Instituto D\u00b4Or, essa reinfec\u00e7\u00e3o tem sido vista com preocupa\u00e7\u00e3o, pois traz altera\u00e7\u00f5es que podem criar obst\u00e1culos \u00e0 a\u00e7\u00e3o dos anticorpos para o tratamento dos pacientes com o v\u00edrus.<\/p>\n\n\n\n<p>\u201cA descoberta serve de alerta e refor\u00e7a a necessidade de manuten\u00e7\u00e3o das medidas de controle da pandemia, com distanciamento social e a necessidade de acelerar o processo de vacina\u00e7\u00e3o, para reduzir a possibilidade de circula\u00e7\u00e3o desta e de poss\u00edveis futuras linhagens que, ao acumular muta\u00e7\u00f5es, podem vir a se tornar mais infectantes, inclusive para indiv\u00edduos que j\u00e1 tiveram a doen\u00e7a\u201d, alerta o pesquisador do instituto Bruno Solano.<\/p>\n\n\n\n<p>O epis\u00f3dio foi analisado pelo Instituto D\u00b4Or em parceria com pesquisadores da Universidade Federal de Minas Gerais (UFMG) e da Funda\u00e7\u00e3o Oswaldo Cruz (Fiocruz). O estudo foi registrado pelos pesquisadores do instituto em um artigo cient\u00edfico.<\/p>\n\n\n\n<p>O texto foi submetido \u00e0 revista cient\u00edfica\u00a0<em>Lancet Infectious Diseases<\/em>, peri\u00f3dico acad\u00eamico renomado internacionalmente e que tem sido espa\u00e7o de lan\u00e7amento de diversos estudos sobre a pandemia.<\/p>\n\n\n\n<p>(Ag\u00eancia Brasil)<\/p>\n","protected":false},"excerpt":{"rendered":"<p>\u00c9 o primeiro caso do mundo de algu\u00e9m infectado novamente com a muta\u00e7\u00e3o Pesquisadores do Instituto D\u00b4Or diagnosticaram uma paciente reinfectada com o novo coronav\u00edrus (covid-19) na Bahia. A diferen\u00e7a de outras reinfec\u00e7\u00f5es, est\u00e1 no fato de ter sido o primeiro caso do mundo de algu\u00e9m infectado novamente com a muta\u00e7\u00e3o denominada E484K. A paciente [&hellip;]<\/p>\n","protected":false},"author":1,"featured_media":7118,"comment_status":"open","ping_status":"open","sticky":false,"template":"","format":"standard","meta":{"rop_custom_images_group":[],"rop_custom_messages_group":[],"rop_publish_now":"initial","rop_publish_now_accounts":[],"rop_publish_now_history":[],"rop_publish_now_status":"pending","footnotes":""},"categories":[192],"tags":[65,2182],"class_list":["post-7117","post","type-post","status-publish","format-standard","has-post-thumbnail","hentry","category-covid19","tag-covid","tag-reinfeccao"],"_links":{"self":[{"href":"https:\/\/diariotribuna.com.br\/index.php?rest_route=\/wp\/v2\/posts\/7117"}],"collection":[{"href":"https:\/\/diariotribuna.com.br\/index.php?rest_route=\/wp\/v2\/posts"}],"about":[{"href":"https:\/\/diariotribuna.com.br\/index.php?rest_route=\/wp\/v2\/types\/post"}],"author":[{"embeddable":true,"href":"https:\/\/diariotribuna.com.br\/index.php?rest_route=\/wp\/v2\/users\/1"}],"replies":[{"embeddable":true,"href":"https:\/\/diariotribuna.com.br\/index.php?rest_route=%2Fwp%2Fv2%2Fcomments&post=7117"}],"version-history":[{"count":1,"href":"https:\/\/diariotribuna.com.br\/index.php?rest_route=\/wp\/v2\/posts\/7117\/revisions"}],"predecessor-version":[{"id":7119,"href":"https:\/\/diariotribuna.com.br\/index.php?rest_route=\/wp\/v2\/posts\/7117\/revisions\/7119"}],"wp:featuredmedia":[{"embeddable":true,"href":"https:\/\/diariotribuna.com.br\/index.php?rest_route=\/wp\/v2\/media\/7118"}],"wp:attachment":[{"href":"https:\/\/diariotribuna.com.br\/index.php?rest_route=%2Fwp%2Fv2%2Fmedia&parent=7117"}],"wp:term":[{"taxonomy":"category","embeddable":true,"href":"https:\/\/diariotribuna.com.br\/index.php?rest_route=%2Fwp%2Fv2%2Fcategories&post=7117"},{"taxonomy":"post_tag","embeddable":true,"href":"https:\/\/diariotribuna.com.br\/index.php?rest_route=%2Fwp%2Fv2%2Ftags&post=7117"}],"curies":[{"name":"wp","href":"https:\/\/api.w.org\/{rel}","templated":true}]}}