{"id":7120,"date":"2021-01-09T11:46:19","date_gmt":"2021-01-09T14:46:19","guid":{"rendered":"https:\/\/diariotribuna.com.br\/?p=7120"},"modified":"2021-01-09T11:46:20","modified_gmt":"2021-01-09T14:46:20","slug":"minas-gerais-informe-epidemiologico-coronavirus-em-09-01-2021","status":"publish","type":"post","link":"https:\/\/diariotribuna.com.br\/?p=7120","title":{"rendered":"Minas Gerais: Informe Epidemiol\u00f3gico Coronav\u00edrus em 09\/01\/2021"},"content":{"rendered":"\n<figure class=\"wp-block-image size-large is-resized\"><img loading=\"lazy\" decoding=\"async\" src=\"https:\/\/diariotribuna.com.br\/wp-content\/uploads\/2021\/01\/Sem-titulo-1.png\" alt=\"\" class=\"wp-image-7121\" width=\"509\" height=\"340\" srcset=\"https:\/\/diariotribuna.com.br\/wp-content\/uploads\/2021\/01\/Sem-titulo-1.png 700w, https:\/\/diariotribuna.com.br\/wp-content\/uploads\/2021\/01\/Sem-titulo-1-300x201.png 300w, https:\/\/diariotribuna.com.br\/wp-content\/uploads\/2021\/01\/Sem-titulo-1-696x465.png 696w, https:\/\/diariotribuna.com.br\/wp-content\/uploads\/2021\/01\/Sem-titulo-1-628x420.png 628w\" sizes=\"(max-width: 509px) 100vw, 509px\" \/><\/figure>\n\n\n\n<p>At\u00e9 o momento, o Estado confirmou 587.868 casos positivos de Covid-19. Est\u00e3o em acompanhamento 48.454 e j\u00e1 s\u00e3o 526.820 casos recuperados. O Estado confirma tamb\u00e9m 12.594 \u00f3bitos at\u00e9 esta data (09\/01). <strong>Nas \u00faltimas 24 Horas foram confirmados 8.399 casos positivos de Covid-19 e 125 \u00f3bitos.<\/strong><\/p>\n\n\n\n<p>Esse n\u00famero retrata os novos registros notificados \u00e0 SES\/MG nas \u00faltimas 24h, mas que ocorreram em per\u00edodos anteriores. Desse modo, o aumento no n\u00famero de \u00f3bitos registrados nas \u00faltimas 24h pode n\u00e3o representar um aumento na transmiss\u00e3o da Covid-19, mas a qualifica\u00e7\u00e3o do sistema de informa\u00e7\u00e3o, com encerramento de \u00f3bitos ocorridos anteriormente e que estavam em investiga\u00e7\u00e3o.<\/p>\n\n\n\n<p>(Fonte: Painel COVID-19 MG\/Sala de Situa\u00e7\u00e3o\/SubVS\/SES\/MG. Dados parciais, sujeitos a altera\u00e7\u00f5es. Atualizado em 09\/01\/2021.<\/p>\n","protected":false},"excerpt":{"rendered":"<p>At\u00e9 o momento, o Estado confirmou 587.868 casos positivos de Covid-19. Est\u00e3o em acompanhamento 48.454 e j\u00e1 s\u00e3o 526.820 casos recuperados. O Estado confirma tamb\u00e9m 12.594 \u00f3bitos at\u00e9 esta data (09\/01). Nas \u00faltimas 24 Horas foram confirmados 8.399 casos positivos de Covid-19 e 125 \u00f3bitos. Esse n\u00famero retrata os novos registros notificados \u00e0 SES\/MG nas [&hellip;]<\/p>\n","protected":false},"author":1,"featured_media":7121,"comment_status":"open","ping_status":"open","sticky":false,"template":"","format":"standard","meta":{"rop_custom_images_group":[],"rop_custom_messages_group":[],"rop_publish_now":"initial","rop_publish_now_accounts":[],"rop_publish_now_history":[],"rop_publish_now_status":"pending","footnotes":""},"categories":[192],"tags":[2418,489,84,70],"class_list":["post-7120","post","type-post","status-publish","format-standard","has-post-thumbnail","hentry","category-covid19","tag-09-01-2021","tag-boletim-epidemiologico","tag-covid-19","tag-minas-gerais"],"_links":{"self":[{"href":"https:\/\/diariotribuna.com.br\/index.php?rest_route=\/wp\/v2\/posts\/7120"}],"collection":[{"href":"https:\/\/diariotribuna.com.br\/index.php?rest_route=\/wp\/v2\/posts"}],"about":[{"href":"https:\/\/diariotribuna.com.br\/index.php?rest_route=\/wp\/v2\/types\/post"}],"author":[{"embeddable":true,"href":"https:\/\/diariotribuna.com.br\/index.php?rest_route=\/wp\/v2\/users\/1"}],"replies":[{"embeddable":true,"href":"https:\/\/diariotribuna.com.br\/index.php?rest_route=%2Fwp%2Fv2%2Fcomments&post=7120"}],"version-history":[{"count":1,"href":"https:\/\/diariotribuna.com.br\/index.php?rest_route=\/wp\/v2\/posts\/7120\/revisions"}],"predecessor-version":[{"id":7122,"href":"https:\/\/diariotribuna.com.br\/index.php?rest_route=\/wp\/v2\/posts\/7120\/revisions\/7122"}],"wp:featuredmedia":[{"embeddable":true,"href":"https:\/\/diariotribuna.com.br\/index.php?rest_route=\/wp\/v2\/media\/7121"}],"wp:attachment":[{"href":"https:\/\/diariotribuna.com.br\/index.php?rest_route=%2Fwp%2Fv2%2Fmedia&parent=7120"}],"wp:term":[{"taxonomy":"category","embeddable":true,"href":"https:\/\/diariotribuna.com.br\/index.php?rest_route=%2Fwp%2Fv2%2Fcategories&post=7120"},{"taxonomy":"post_tag","embeddable":true,"href":"https:\/\/diariotribuna.com.br\/index.php?rest_route=%2Fwp%2Fv2%2Ftags&post=7120"}],"curies":[{"name":"wp","href":"https:\/\/api.w.org\/{rel}","templated":true}]}}