{"id":7123,"date":"2021-01-09T14:16:21","date_gmt":"2021-01-09T17:16:21","guid":{"rendered":"https:\/\/diariotribuna.com.br\/?p=7123"},"modified":"2021-01-09T14:18:31","modified_gmt":"2021-01-09T17:18:31","slug":"policia-civil-autua-mulher-suspeita-de-matar-menino-de-12-anos-com-uma-facada-apos-desavenca-por-5-centavos-em-rubim","status":"publish","type":"post","link":"https:\/\/diariotribuna.com.br\/?p=7123","title":{"rendered":"Pol\u00edcia Civil autua mulher suspeita de matar menino de 12 anos com uma facada ap\u00f3s desaven\u00e7a por 5 centavos em Rubim"},"content":{"rendered":"\n<figure class=\"wp-block-image size-large is-resized is-style-default\"><img loading=\"lazy\" decoding=\"async\" src=\"https:\/\/diariotribuna.com.br\/wp-content\/uploads\/2021\/01\/47a15169-b0e7-4699-9bbe-8a1fc4dbeb86.jpg\" alt=\"\" class=\"wp-image-7125\" width=\"517\" height=\"344\" srcset=\"https:\/\/diariotribuna.com.br\/wp-content\/uploads\/2021\/01\/47a15169-b0e7-4699-9bbe-8a1fc4dbeb86.jpg 700w, https:\/\/diariotribuna.com.br\/wp-content\/uploads\/2021\/01\/47a15169-b0e7-4699-9bbe-8a1fc4dbeb86-300x200.jpg 300w, https:\/\/diariotribuna.com.br\/wp-content\/uploads\/2021\/01\/47a15169-b0e7-4699-9bbe-8a1fc4dbeb86-696x463.jpg 696w, https:\/\/diariotribuna.com.br\/wp-content\/uploads\/2021\/01\/47a15169-b0e7-4699-9bbe-8a1fc4dbeb86-631x420.jpg 631w\" sizes=\"(max-width: 517px) 100vw, 517px\" \/><figcaption><strong>Delegado de Pol\u00edcia Civil, dr. Thiago de Carvalho Passos<br>autuou em flagrante a mulher que foi encaminhada<br> ao sistema prisional<\/strong><\/figcaption><\/figure>\n\n\n\n<p>A Pol\u00edcia Civil de Minas Gerais (PCMG), por meio da delegacia de plant\u00e3o de Almenara, informou na sexta-feira que autuou em flagrante, na noite de quarta-feira (06\/01\/2021), uma mulher, de 39 anos, suspeita de matar com uma facada um menino de 12 anos, em Rubim, no Vale do Jequitinhonha.<\/p>\n\n\n\n<p>Segundo a PC, conforme informa\u00e7\u00f5es colhidas por meio do inqu\u00e9rito policial instaurado a partir do auto de pris\u00e3o em flagrante, o crime ocorreu na tarde da quarta-feira (06\/01\/2021), quando a v\u00edtima teria vendido dois salgados para o filho da suspeita. Teria faltado a quantia de R$ 0,05 centavos no pagamento do segundo salgado, que custava R$ 1,00.<\/p>\n\n\n\n<p>A v\u00edtima cobrou o valor e a suspeita disse que n\u00e3o tinha como pagar, somente quando recebesse o sal\u00e1rio, ocasi\u00e3o em que a v\u00edtima teria amea\u00e7ado agredir o filho da suspeita. Ela, que declarou sofrer transtornos mentais e fazer uso de rem\u00e9dios controlados, estando em falta de alguns deles, confessou o crime, tendo dito que teria ficado cega no momento da amea\u00e7a de agress\u00e3o a seu filho, ido \u00e0 cozinha da casa onde lan\u00e7ou m\u00e3o de uma faca, e golpeou o menino costas e ele caiu no ch\u00e3o.<\/p>\n\n\n\n<p>A Pol\u00edcia Militar foi acionada, chegou ao local e prestou socorro \u00e0 v\u00edtima, que n\u00e3o resistiu e veio a \u00f3bito no hospital local. Ap\u00f3s prestar socorro \u00e0 v\u00edtima, a Pol\u00edcia Militar retornou ao local dos fatos e capturou a suspeita, apresentando-a na delegacia de plant\u00e3o em Almenara.<\/p>\n\n\n\n<p>A mulher foi autuada em flagrante pela pr\u00e1tica do crime de homic\u00eddio qualificado e encaminhada ao sistema prisional onde permaneceu \u00e0 disposi\u00e7\u00e3o da justi\u00e7a. \u201cAs investiga\u00e7\u00f5es prosseguem pela delegacia de Pol\u00edcia Civil da \u00e1rea a fim de esclarecer totalmente os fatos. O inqu\u00e9rito policial dever\u00e1 ser conclu\u00eddo no prazo de 30 dias e remetido \u00e0 justi\u00e7a\u201d, informou o delegado, dr. Thiago de Carvalho Passos.<\/p>\n\n\n\n<h4 class=\"wp-block-heading\"><strong>Delegado de Pol\u00edcia Civil de Minas Gerais, dr. Thiago de Carvalho Passos, fala sobre o caso<\/strong><\/h4>\n\n\n\n<figure class=\"wp-block-video\"><video controls src=\"https:\/\/diariotribuna.com.br\/wp-content\/uploads\/2021\/01\/VID-20210108-WA0159.mp4\"><\/video><\/figure>\n\n\n\n<p><strong>(Informa\u00e7\u00f5es\/Foto\/V\u00eddeo: Assessoria de imprensa da PCMG\/ Te\u00f3filo Otoni).<\/strong><\/p>\n","protected":false},"excerpt":{"rendered":"<p>A Pol\u00edcia Civil de Minas Gerais (PCMG), por meio da delegacia de plant\u00e3o de Almenara, informou na sexta-feira que autuou em flagrante, na noite de quarta-feira (06\/01\/2021), uma mulher, de 39 anos, suspeita de matar com uma facada um menino de 12 anos, em Rubim, no Vale do Jequitinhonha. Segundo a PC, conforme informa\u00e7\u00f5es colhidas [&hellip;]<\/p>\n","protected":false},"author":1,"featured_media":7125,"comment_status":"open","ping_status":"open","sticky":false,"template":"","format":"standard","meta":{"rop_custom_images_group":[],"rop_custom_messages_group":[],"rop_publish_now":"initial","rop_publish_now_accounts":[],"rop_publish_now_history":[],"rop_publish_now_status":"pending","footnotes":""},"categories":[25,20],"tags":[107,2419,292,793,2420],"class_list":["post-7123","post","type-post","status-publish","format-standard","has-post-thumbnail","hentry","category-destaque","category-policia","tag-homicidio","tag-mulher-autuada","tag-policia-civil","tag-rubim","tag-vitima-12-anos"],"_links":{"self":[{"href":"https:\/\/diariotribuna.com.br\/index.php?rest_route=\/wp\/v2\/posts\/7123"}],"collection":[{"href":"https:\/\/diariotribuna.com.br\/index.php?rest_route=\/wp\/v2\/posts"}],"about":[{"href":"https:\/\/diariotribuna.com.br\/index.php?rest_route=\/wp\/v2\/types\/post"}],"author":[{"embeddable":true,"href":"https:\/\/diariotribuna.com.br\/index.php?rest_route=\/wp\/v2\/users\/1"}],"replies":[{"embeddable":true,"href":"https:\/\/diariotribuna.com.br\/index.php?rest_route=%2Fwp%2Fv2%2Fcomments&post=7123"}],"version-history":[{"count":3,"href":"https:\/\/diariotribuna.com.br\/index.php?rest_route=\/wp\/v2\/posts\/7123\/revisions"}],"predecessor-version":[{"id":7128,"href":"https:\/\/diariotribuna.com.br\/index.php?rest_route=\/wp\/v2\/posts\/7123\/revisions\/7128"}],"wp:featuredmedia":[{"embeddable":true,"href":"https:\/\/diariotribuna.com.br\/index.php?rest_route=\/wp\/v2\/media\/7125"}],"wp:attachment":[{"href":"https:\/\/diariotribuna.com.br\/index.php?rest_route=%2Fwp%2Fv2%2Fmedia&parent=7123"}],"wp:term":[{"taxonomy":"category","embeddable":true,"href":"https:\/\/diariotribuna.com.br\/index.php?rest_route=%2Fwp%2Fv2%2Fcategories&post=7123"},{"taxonomy":"post_tag","embeddable":true,"href":"https:\/\/diariotribuna.com.br\/index.php?rest_route=%2Fwp%2Fv2%2Ftags&post=7123"}],"curies":[{"name":"wp","href":"https:\/\/api.w.org\/{rel}","templated":true}]}}