{"id":7129,"date":"2021-01-09T14:31:23","date_gmt":"2021-01-09T17:31:23","guid":{"rendered":"https:\/\/diariotribuna.com.br\/?p=7129"},"modified":"2021-01-14T00:39:52","modified_gmt":"2021-01-14T03:39:52","slug":"prouni-oferta-162-022-bolsas-na-primeira-selecao-de-2021","status":"publish","type":"post","link":"https:\/\/diariotribuna.com.br\/?p=7129","title":{"rendered":"ProUni oferta 162.022 bolsas na primeira sele\u00e7\u00e3o de 2021"},"content":{"rendered":"\n<p><strong>Vagas, institui\u00e7\u00f5es e cursos dispon\u00edveis podem ser consultados online<\/strong><\/p>\n\n\n\n<figure class=\"wp-block-image size-large is-resized\"><img loading=\"lazy\" decoding=\"async\" src=\"https:\/\/diariotribuna.com.br\/wp-content\/uploads\/2021\/01\/10_07_2020_ministerio_educacao-3.jpg\" alt=\"\" class=\"wp-image-7130\" width=\"541\" height=\"323\" srcset=\"https:\/\/diariotribuna.com.br\/wp-content\/uploads\/2021\/01\/10_07_2020_ministerio_educacao-3.jpg 700w, https:\/\/diariotribuna.com.br\/wp-content\/uploads\/2021\/01\/10_07_2020_ministerio_educacao-3-300x179.jpg 300w, https:\/\/diariotribuna.com.br\/wp-content\/uploads\/2021\/01\/10_07_2020_ministerio_educacao-3-696x416.jpg 696w\" sizes=\"(max-width: 541px) 100vw, 541px\" \/><\/figure>\n\n\n\n<p>As institui\u00e7\u00f5es particulares de ensino superior que aderiram ao Programa Universidade para Todos (ProUni) ofertam 162.022 bolsas de estudo na primeira sele\u00e7\u00e3o de 2021. Gestor do programa, o Minist\u00e9rio da Educa\u00e7\u00e3o (MEC) informou que, deste total, 76.855 ser\u00e3o bolsas integrais e 85.167, parciais, com 50% de desconto sobre o valor do curso.<\/p>\n\n\n\n<p>A rela\u00e7\u00e3o das institui\u00e7\u00f5es e dos cursos dispon\u00edveis pode ser consultada na<a href=\"https:\/\/prounialuno.mec.gov.br\/\" target=\"_blank\" rel=\"noreferrer noopener\">&nbsp;p\u00e1gina<\/a>&nbsp;do programa, na internet. Tamb\u00e9m \u00e9 poss\u00edvel pesquisar as op\u00e7\u00f5es ofertadas por cidades e por tipo de bolsa (integral e parcial), modalidade (presencial e a dist\u00e2ncia).<\/p>\n\n\n\n<p><strong>As inscri\u00e7\u00f5es come\u00e7am na ter\u00e7a-feira (12) e se encerram na sexta (15). De acordo com o MEC, os estados com o maior n\u00famero de bolsas ofertadas s\u00e3o: S\u00e3o Paulo, Minas Gerais, Paran\u00e1 e Rio Grande do Sul.<\/strong><\/p>\n\n\n\n<p>Para concorrer \u00e0s bolsas integrais, o estudante deve comprovar renda familiar bruta mensal de at\u00e9 1,5 sal\u00e1rio m\u00ednimo (R$ 1.650) por pessoa. Para as bolsas parciais, a renda familiar bruta mensal deve ser de at\u00e9 3 sal\u00e1rios m\u00ednimos por pessoa (R$ 3.300). \u00c9 preciso ainda que o candidato tenha feito a edi\u00e7\u00e3o mais recente do Exame Nacional do Ensino M\u00e9dio (Enem), tenha alcan\u00e7ado, no m\u00ednimo, 450 pontos de m\u00e9dia das notas e n\u00e3o tenha tirado zero na reda\u00e7\u00e3o.<\/p>\n\n\n\n<p>Al\u00e9m disso, \u00e9 necess\u00e1rio que o interessado tenha cursado o ensino m\u00e9dio completo em escola da rede p\u00fablica ou da rede privada, desde que na condi\u00e7\u00e3o de bolsista integral. Professores da rede p\u00fablica de ensino tamb\u00e9m podem disputar uma bolsa \u2013 neste caso, n\u00e3o se aplica o limite de renda exigido dos demais candidatos.<\/p>\n\n\n\n<p>Como o resultado do Enem do ano passado s\u00f3 ser\u00e1 divulgado ap\u00f3s o t\u00e9rmino do processo seletivo, neste semestre, excepcionalmente, os interessados ser\u00e3o selecionados de acordo com as notas do Enem de 2019. O MEC pretende aplicar as provas do Enem a partir do pr\u00f3ximo dia 17, mas algumas entidades, como a Uni\u00e3o Nacional dos Estudantes (UNE) e a Sociedade Brasileira para o Progresso da Ci\u00eancia (SBPC), tentam obter, na Justi\u00e7a, o adiamento das provas em virtude dos reflexos da pandemia de covid-19.<\/p>\n\n\n\n<p><strong>O resultado da primeira chamada ser\u00e1 divulgado no dia 19 deste m\u00eas.<\/strong> O ProUni oferece ainda duas oportunidades para os candidatos concorrerem \u00e0s bolsas de estudo, que s\u00e3o a segunda chamada e a lista de espera. O cronograma completo tamb\u00e9m pode ser consultado na&nbsp;<a rel=\"noreferrer noopener\" href=\"http:\/\/prouniportal.mec.gov.br\/index.php\/#cronograma\" target=\"_blank\">p\u00e1gina&nbsp;<\/a>&nbsp;do programa.<\/p>\n\n\n\n<h4 class=\"wp-block-heading\"><strong>Veja abaixo a tabela de oferta de vagas por estado:<\/strong><\/h4>\n\n\n\n<figure class=\"wp-block-table\"><table><thead><tr><th scope=\"col\">Estado<\/th><th scope=\"col\">Bolsas integrais<\/th><th scope=\"col\">Bolsas parciais<\/th><th scope=\"col\">total<\/th><\/tr><\/thead><tbody><tr><th scope=\"row\">SP<\/th><td>24.564<\/td><td>16.773<\/td><td>41.337<\/td><\/tr><tr><th scope=\"row\">MG<\/th><td>7.056<\/td><td>11.190<\/td><td>18.246<\/td><\/tr><tr><th scope=\"row\">PR<\/th><td>5.822<\/td><td>8.845<\/td><td>14.667<\/td><\/tr><tr><th scope=\"row\">RS<\/th><td>5.272<\/td><td>5.253<\/td><td>10.525<\/td><\/tr><tr><th scope=\"row\">BA<\/th><td>3.993<\/td><td>5.929<\/td><td>9.922<\/td><\/tr><tr><th scope=\"row\">RJ<\/th><td>3.090<\/td><td>4.979<\/td><td>8.069<\/td><\/tr><tr><th scope=\"row\">GO<\/th><td>2.221<\/td><td>5.072<\/td><td>7.293<\/td><\/tr><tr><th scope=\"row\">SC<\/th><td>3.793<\/td><td>2.138<\/td><td>5.931<\/td><\/tr><tr><th scope=\"row\">MA<\/th><td>1.320<\/td><td>4.608<\/td><td>5.931<\/td><\/tr><tr><th scope=\"row\">PE<\/th><td>2.298<\/td><td>3.013<\/td><td>5.311<\/td><\/tr><tr><th scope=\"row\">PA<\/th><td>2.971<\/td><td>1.340<\/td><td>4.311<\/td><\/tr><tr><th scope=\"row\">ES<\/th><td>1.917<\/td><td>2.669<\/td><td>4.162<\/td><\/tr><tr><th scope=\"row\">CE<\/th><td>1.917<\/td><td>2.186<\/td><td>4.103<\/td><\/tr><tr><th scope=\"row\">DF<\/th><td>1.498<\/td><td>2.480<\/td><td>3.978<\/td><\/tr><tr><th scope=\"row\">PB<\/th><td>1.180<\/td><td>1.317<\/td><td>2.497<\/td><\/tr><tr><th scope=\"row\">RO<\/th><td>959<\/td><td>1.348<\/td><td>2.307<\/td><\/tr><tr><th scope=\"row\">MT<\/th><td>1.332<\/td><td>965<\/td><td>2.297<\/td><\/tr><tr><th scope=\"row\">PI<\/th><td>737<\/td><td>1.092<\/td><td>1.829<\/td><\/tr><tr><th scope=\"row\">MS<\/th><td>929<\/td><td>853<\/td><td>1.782<\/td><\/tr><tr><th scope=\"row\">AC<\/th><td>554<\/td><td>792<\/td><td>1.346<\/td><\/tr><tr><th scope=\"row\">RN<\/th><td>729<\/td><td>463<\/td><td>1.192<\/td><\/tr><tr><th scope=\"row\">AM<\/th><td>1.008<\/td><td>147<\/td><td>1.155<\/td><\/tr><tr><th scope=\"row\">SE<\/th><td>297<\/td><td>703<\/td><td>1.000<\/td><\/tr><tr><th scope=\"row\">AL<\/th><td>513<\/td><td>462<\/td><td>975<\/td><\/tr><tr><th scope=\"row\">TO<\/th><td>566<\/td><td>298<\/td><td>864<\/td><\/tr><tr><th scope=\"row\">AP<\/th><td>378<\/td><td>132<\/td><td>510<\/td><\/tr><tr><th scope=\"row\">RR<\/th><td>365<\/td><td>120<\/td><td>485<\/td><\/tr><tr><th scope=\"row\">TOTAL<\/th><td>76.855<\/td><td>85.167<\/td><td>162.022<\/td><\/tr><\/tbody><\/table><\/figure>\n\n\n\n<p><em><strong>(Ag\u00eancia Brasil: Com informa\u00e7\u00f5es da Assessoria de Imprensa do Minist\u00e9rio da Educa\u00e7\u00e3o<\/strong><\/em>)<\/p>\n","protected":false},"excerpt":{"rendered":"<p>Vagas, institui\u00e7\u00f5es e cursos dispon\u00edveis podem ser consultados online As institui\u00e7\u00f5es particulares de ensino superior que aderiram ao Programa Universidade para Todos (ProUni) ofertam 162.022 bolsas de estudo na primeira sele\u00e7\u00e3o de 2021. Gestor do programa, o Minist\u00e9rio da Educa\u00e7\u00e3o (MEC) informou que, deste total, 76.855 ser\u00e3o bolsas integrais e 85.167, parciais, com 50% de [&hellip;]<\/p>\n","protected":false},"author":1,"featured_media":7130,"comment_status":"open","ping_status":"open","sticky":false,"template":"","format":"standard","meta":{"rop_custom_images_group":[],"rop_custom_messages_group":[],"rop_publish_now":"initial","rop_publish_now_accounts":[],"rop_publish_now_history":[],"rop_publish_now_status":"pending","footnotes":""},"categories":[16],"tags":[2422,2424,2423,2421],"class_list":["post-7129","post","type-post","status-publish","format-standard","has-post-thumbnail","hentry","category-educacao","tag-bolsas","tag-ministerio-da-educacao","tag-primeira-selecao-2021","tag-prouni"],"_links":{"self":[{"href":"https:\/\/diariotribuna.com.br\/index.php?rest_route=\/wp\/v2\/posts\/7129"}],"collection":[{"href":"https:\/\/diariotribuna.com.br\/index.php?rest_route=\/wp\/v2\/posts"}],"about":[{"href":"https:\/\/diariotribuna.com.br\/index.php?rest_route=\/wp\/v2\/types\/post"}],"author":[{"embeddable":true,"href":"https:\/\/diariotribuna.com.br\/index.php?rest_route=\/wp\/v2\/users\/1"}],"replies":[{"embeddable":true,"href":"https:\/\/diariotribuna.com.br\/index.php?rest_route=%2Fwp%2Fv2%2Fcomments&post=7129"}],"version-history":[{"count":2,"href":"https:\/\/diariotribuna.com.br\/index.php?rest_route=\/wp\/v2\/posts\/7129\/revisions"}],"predecessor-version":[{"id":7182,"href":"https:\/\/diariotribuna.com.br\/index.php?rest_route=\/wp\/v2\/posts\/7129\/revisions\/7182"}],"wp:featuredmedia":[{"embeddable":true,"href":"https:\/\/diariotribuna.com.br\/index.php?rest_route=\/wp\/v2\/media\/7130"}],"wp:attachment":[{"href":"https:\/\/diariotribuna.com.br\/index.php?rest_route=%2Fwp%2Fv2%2Fmedia&parent=7129"}],"wp:term":[{"taxonomy":"category","embeddable":true,"href":"https:\/\/diariotribuna.com.br\/index.php?rest_route=%2Fwp%2Fv2%2Fcategories&post=7129"},{"taxonomy":"post_tag","embeddable":true,"href":"https:\/\/diariotribuna.com.br\/index.php?rest_route=%2Fwp%2Fv2%2Ftags&post=7129"}],"curies":[{"name":"wp","href":"https:\/\/api.w.org\/{rel}","templated":true}]}}