{"id":7132,"date":"2021-01-09T16:23:55","date_gmt":"2021-01-09T19:23:55","guid":{"rendered":"https:\/\/diariotribuna.com.br\/?p=7132"},"modified":"2021-01-09T16:24:26","modified_gmt":"2021-01-09T19:24:26","slug":"feitio-de-oracao","status":"publish","type":"post","link":"https:\/\/diariotribuna.com.br\/?p=7132","title":{"rendered":"Feitio de ora\u00e7\u00e3o&#8230;"},"content":{"rendered":"\n<p><\/p>\n\n\n\n<figure class=\"wp-block-image size-large is-resized is-style-default\"><img loading=\"lazy\" decoding=\"async\" src=\"https:\/\/diariotribuna.com.br\/wp-content\/uploads\/2021\/01\/f9718fac-dbb2-45bc-ab17-a6cc5a19a494.jpg\" alt=\"\" class=\"wp-image-7133\" width=\"353\" height=\"291\" srcset=\"https:\/\/diariotribuna.com.br\/wp-content\/uploads\/2021\/01\/f9718fac-dbb2-45bc-ab17-a6cc5a19a494.jpg 700w, https:\/\/diariotribuna.com.br\/wp-content\/uploads\/2021\/01\/f9718fac-dbb2-45bc-ab17-a6cc5a19a494-300x248.jpg 300w, https:\/\/diariotribuna.com.br\/wp-content\/uploads\/2021\/01\/f9718fac-dbb2-45bc-ab17-a6cc5a19a494-696x575.jpg 696w, https:\/\/diariotribuna.com.br\/wp-content\/uploads\/2021\/01\/f9718fac-dbb2-45bc-ab17-a6cc5a19a494-509x420.jpg 509w\" sizes=\"(max-width: 353px) 100vw, 353px\" \/><figcaption><strong>An\u00edbal Gon\u00e7alves &#8211; Pedagogo<\/strong><\/figcaption><\/figure>\n\n\n\n<p>Confesso que j\u00e1 faz algum tanto tempo que esse estresse desta pandemia do Novo Coronav\u00edrus n\u00e3o me permite entabular uma conversazinha com Deus, a s\u00f3s, pedindo ajuda, tirando minhas d\u00favidas, que s\u00e3o muitas, ou mesmo para agradecer, genuflexo, as pequenas e grandes gra\u00e7as que tenho recebido pela vida afora.<\/p>\n\n\n\n<p>O Deus, no qual creio e socorro suplico, \u00e9 bastante diferente Daquele em que algumas outras pessoas costumam acreditar. Ai de mim, que n\u00e3o perco essa tola mania de querer ser sempre original. Do meu Deus n\u00e3o tenho um pingo de medo sequer, mas um amoroso respeito e com todo o respeito, Senhor, igual ao que eu sinto por meu pai. O meu Deus tamb\u00e9m n\u00e3o me amea\u00e7a com os mais terr\u00edveis castigos nem me tiraniza com ordens de um cruento ditador. Deixa que eu cultive as minhas opini\u00f5es, embora eu pense que Ele considere algumas delas estapaf\u00fardias. Sempre que converso com Ele, parece at\u00e9 que estou batendo um papo descontra\u00eddo com um velho e querido amigo, como creio que devem ser O Criador e sua criatura.<\/p>\n\n\n\n<p>E quando conversamos, meu Deus e eu, jamais Ele me fala em c\u00e9u ou inferno, em gra\u00e7as e castigos, em fi\u00e9is e infi\u00e9is, em hereges e santos, inocentes e culpados. Nosso assunto preferido \u00e9 sempre a bondade que reside no fundo da alma de cada ser humano e que nos faz ser verdadeiramente humanos.<\/p>\n\n\n\n<p>E aproveitando dessa intimidade que Ele me concede, como sei que concederia a qualquer outro, fiz ao Senhor alguns poucos pedidos, na ansiosa espera de me serem concedidos e que tornar\u00e3o a minha exist\u00eancia mais leve e mais aliviada das chatices do dia a dia e \u00e0s quais todos n\u00f3s estamos indefesamente sujeitos, seja l\u00e1 quem formos ou deixemos de ser.<\/p>\n\n\n\n<p>Livrai-me, Senhor, dos que ferem a espontaneidade an\u00e1rquica do botequim, querendo impor regras e limites burocr\u00e1ticos aos seus frequentadores, insistindo em filosofar a s\u00e9rio sobre mulher, futebol e vida alheia. Pois o botequim \u00e9 sin\u00f4nimo de espontaneidade, do imprevis\u00edvel, do inusitado, do quando menos se espera \u00e9 que acontece.<\/p>\n\n\n\n<p>Livrai-me, Senhor, dos que, ao inv\u00e9s de contarem piadas, \u201ccausos\u201d e l\u00e9rias, teimam em discutir pol\u00edtica com acirrado fanatismo ideol\u00f3gico. Livrai-me, Senhor, da presen\u00e7a dos falsos amigos, esses Judas do afeto, esses fariseus do bem-querer.<\/p>\n\n\n\n<p>Livrai-me, Senhor, do imposto de renda, do bolso vazio, da firma reconhecida e dos credores inoportunos.<\/p>\n\n\n\n<p>Livrai-me, Senhor, da fila dos bancos, dos juros do cart\u00e3o de cr\u00e9dito, da promiss\u00f3ria vencida e do sal\u00e1rio parcelado pelo governo. Por via das d\u00favidas, Senhor, livrai-me precipuamente das pragas de ex-mulher rancorosa, que s\u00e3o piores do que praga de m\u00e3e e atormentam os infelizes pela vida afora.<\/p>\n\n\n\n<p>Dos maus poetas, Senhor, livrai-me urgentemente, que deles a poesia quer dist\u00e2ncia por uma quest\u00e3o de sobreviv\u00eancia.<\/p>\n\n\n\n<p>Livrai-me, Senhor, dos assassinos de \u00e1rvores, que as trucidam em Te\u00f3filo Otoni, transformando-a num deserto de cimento armado por onde os hunos contempor\u00e2neos passeiam as suas patas.<\/p>\n\n\n\n<p>Livrai-me, Senhor, dos pol\u00edticos safados, das baratas, das tra\u00e7as, dos cupins que infernizam o existir daqueles que amam os livros.<\/p>\n\n\n\n<p>Livrai-me, Senhor, das desilus\u00f5es paternas e da ideia besta de que os filhos nunca crescem. Das mulheres que n\u00e3o sabem fazer cafun\u00e9 e caldo de caridade, livrai-me, Senhor, pelo amor de Deus.<\/p>\n\n\n\n<p>Livrai-me, Senhor, de todos os rel\u00f3gios que me escravizam ao tempo. E se n\u00e3o for pedir muito, Senhor, livrai-me jamais dessa capacidade infinita de sonhar e que me faz sublimemente humano, \u00e0 Vossa imagem e semelhan\u00e7a.<\/p>\n\n\n\n<p><strong>An\u00edbal Gon\u00e7alves<\/strong> \u00e9 pedagogo, graduado em Administra\u00e7\u00e3o Escolar, ex-diretor da Escola Estadual de Coroaci &#8211; MG [hoje Dona Sinhaninha Gon\u00e7alves] e professor de Filosofia, Sociologia e Hist\u00f3ria da Educa\u00e7\u00e3o. Foi chefe do Departamento de Educa\u00e7\u00e3o Cooperativista da CLTO. Atualmente, jornalista e radialista da 98 FM (Te\u00f3filo Otoni) e colunista do Jornal Di\u00e1rio Tribuna.<\/p>\n","protected":false},"excerpt":{"rendered":"<p>Confesso que j\u00e1 faz algum tanto tempo que esse estresse desta pandemia do Novo Coronav\u00edrus n\u00e3o me permite entabular uma conversazinha com Deus, a s\u00f3s, pedindo ajuda, tirando minhas d\u00favidas, que s\u00e3o muitas, ou mesmo para agradecer, genuflexo, as pequenas e grandes gra\u00e7as que tenho recebido pela vida afora. O Deus, no qual creio e [&hellip;]<\/p>\n","protected":false},"author":1,"featured_media":7133,"comment_status":"open","ping_status":"open","sticky":false,"template":"","format":"standard","meta":{"rop_custom_images_group":[],"rop_custom_messages_group":[],"rop_publish_now":"initial","rop_publish_now_accounts":[],"rop_publish_now_history":[],"rop_publish_now_status":"pending","footnotes":""},"categories":[24],"tags":[2417,474,42,2425,75],"class_list":["post-7132","post","type-post","status-publish","format-standard","has-post-thumbnail","hentry","category-opiniao","tag-08-01-2021","tag-anibal-goncalves-2","tag-diario-tribuna","tag-feitio-de-oracao","tag-teofilo-otoni"],"_links":{"self":[{"href":"https:\/\/diariotribuna.com.br\/index.php?rest_route=\/wp\/v2\/posts\/7132"}],"collection":[{"href":"https:\/\/diariotribuna.com.br\/index.php?rest_route=\/wp\/v2\/posts"}],"about":[{"href":"https:\/\/diariotribuna.com.br\/index.php?rest_route=\/wp\/v2\/types\/post"}],"author":[{"embeddable":true,"href":"https:\/\/diariotribuna.com.br\/index.php?rest_route=\/wp\/v2\/users\/1"}],"replies":[{"embeddable":true,"href":"https:\/\/diariotribuna.com.br\/index.php?rest_route=%2Fwp%2Fv2%2Fcomments&post=7132"}],"version-history":[{"count":2,"href":"https:\/\/diariotribuna.com.br\/index.php?rest_route=\/wp\/v2\/posts\/7132\/revisions"}],"predecessor-version":[{"id":7135,"href":"https:\/\/diariotribuna.com.br\/index.php?rest_route=\/wp\/v2\/posts\/7132\/revisions\/7135"}],"wp:featuredmedia":[{"embeddable":true,"href":"https:\/\/diariotribuna.com.br\/index.php?rest_route=\/wp\/v2\/media\/7133"}],"wp:attachment":[{"href":"https:\/\/diariotribuna.com.br\/index.php?rest_route=%2Fwp%2Fv2%2Fmedia&parent=7132"}],"wp:term":[{"taxonomy":"category","embeddable":true,"href":"https:\/\/diariotribuna.com.br\/index.php?rest_route=%2Fwp%2Fv2%2Fcategories&post=7132"},{"taxonomy":"post_tag","embeddable":true,"href":"https:\/\/diariotribuna.com.br\/index.php?rest_route=%2Fwp%2Fv2%2Ftags&post=7132"}],"curies":[{"name":"wp","href":"https:\/\/api.w.org\/{rel}","templated":true}]}}