{"id":7893,"date":"2021-02-17T23:48:55","date_gmt":"2021-02-18T02:48:55","guid":{"rendered":"https:\/\/diariotribuna.com.br\/?p=7893"},"modified":"2021-02-17T23:48:57","modified_gmt":"2021-02-18T02:48:57","slug":"teofilo-otoni-boletim-epidemiologico-covid-19-17-02-2021","status":"publish","type":"post","link":"https:\/\/diariotribuna.com.br\/?p=7893","title":{"rendered":"Te\u00f3filo Otoni: Boletim Epidemiol\u00f3gico Covid-19 (17\/02\/2021)"},"content":{"rendered":"\n<figure class=\"wp-block-image size-large is-resized\"><img loading=\"lazy\" decoding=\"async\" src=\"https:\/\/diariotribuna.com.br\/wp-content\/uploads\/2021\/02\/Pote-1.jpg\" alt=\"\" class=\"wp-image-7894\" width=\"514\" height=\"263\" srcset=\"https:\/\/diariotribuna.com.br\/wp-content\/uploads\/2021\/02\/Pote-1.jpg 600w, https:\/\/diariotribuna.com.br\/wp-content\/uploads\/2021\/02\/Pote-1-300x154.jpg 300w\" sizes=\"(max-width: 514px) 100vw, 514px\" \/><\/figure>\n\n\n\n<p>A Secretaria Municipal de Sa\u00fade divulgou boletim epidemiol\u00f3gico na noite desta quarta-feira (17\/02), confirmando 6.198 casos positivos de covid-19 em Te\u00f3filo Otoni, 32 a mais nas \u00faltimas 24 horas, e registra mais 01 \u00f3bito por complica\u00e7\u00f5es causadas pela covid-19, totalizando 177 at\u00e9 esta data, tendo ainda mais 02 \u00f3bitos em investiga\u00e7\u00e3o. O boletim informa ainda que tem 740 casos ativos, 5.261 recuperados e 17.383 casos suspeitos foram descartados.<\/p>\n\n\n\n<p>O \u00faltimo \u00f3bito ocorreu, na ter\u00e7a-feira (16\/02\/2021), trata-se de um idoso de 79 anos que estava internado no Hospital Mater Dei em Belo Horizonte. A secretaria informa que o paciente recebeu toda assist\u00eancia e tratamento necess\u00e1rios, era portador de comorbidades e teve o resultado confirmado por RT-PCR. A secretaria de Sa\u00fade recebeu o documento de declara\u00e7\u00e3o de \u00f3bito do paciente nesta quarta-feira (17\/02) encaminhada pelo Hospital Mater Dei.<\/p>\n\n\n\n<p><strong>Das Interna\u00e7\u00f5es at\u00e9 (17\/02):<\/strong> Pelo <strong>SUS, Conv\u00eanio e Particular<\/strong> tem 40 leitos de UTI Covid e 19 est\u00e3o ocupados, sendo 09 pacientes de Te\u00f3filo Otoni e 10 de outros munic\u00edpios <strong>(47,50% de ocupa\u00e7\u00e3o<\/strong>). Tem <strong>58 Leitos de Enfermaria Covid<\/strong> e 21 est\u00e3o ocupados, sendo 17 pacientes de Te\u00f3filo Otoni e 04 de outros munic\u00edpios <strong>(36,20% de ocupa\u00e7\u00e3o)<\/strong>.<\/p>\n","protected":false},"excerpt":{"rendered":"<p>A Secretaria Municipal de Sa\u00fade divulgou boletim epidemiol\u00f3gico na noite desta quarta-feira (17\/02), confirmando 6.198 casos positivos de covid-19 em Te\u00f3filo Otoni, 32 a mais nas \u00faltimas 24 horas, e registra mais 01 \u00f3bito por complica\u00e7\u00f5es causadas pela covid-19, totalizando 177 at\u00e9 esta data, tendo ainda mais 02 \u00f3bitos em investiga\u00e7\u00e3o. O boletim informa ainda [&hellip;]<\/p>\n","protected":false},"author":1,"featured_media":7894,"comment_status":"open","ping_status":"open","sticky":false,"template":"","format":"standard","meta":{"rop_custom_images_group":[],"rop_custom_messages_group":[],"rop_publish_now":"initial","rop_publish_now_accounts":[],"rop_publish_now_history":[],"rop_publish_now_status":"pending","footnotes":""},"categories":[192],"tags":[2617,489,84,75],"class_list":["post-7893","post","type-post","status-publish","format-standard","has-post-thumbnail","hentry","category-covid19","tag-17-02-2021","tag-boletim-epidemiologico","tag-covid-19","tag-teofilo-otoni"],"_links":{"self":[{"href":"https:\/\/diariotribuna.com.br\/index.php?rest_route=\/wp\/v2\/posts\/7893"}],"collection":[{"href":"https:\/\/diariotribuna.com.br\/index.php?rest_route=\/wp\/v2\/posts"}],"about":[{"href":"https:\/\/diariotribuna.com.br\/index.php?rest_route=\/wp\/v2\/types\/post"}],"author":[{"embeddable":true,"href":"https:\/\/diariotribuna.com.br\/index.php?rest_route=\/wp\/v2\/users\/1"}],"replies":[{"embeddable":true,"href":"https:\/\/diariotribuna.com.br\/index.php?rest_route=%2Fwp%2Fv2%2Fcomments&post=7893"}],"version-history":[{"count":1,"href":"https:\/\/diariotribuna.com.br\/index.php?rest_route=\/wp\/v2\/posts\/7893\/revisions"}],"predecessor-version":[{"id":7895,"href":"https:\/\/diariotribuna.com.br\/index.php?rest_route=\/wp\/v2\/posts\/7893\/revisions\/7895"}],"wp:featuredmedia":[{"embeddable":true,"href":"https:\/\/diariotribuna.com.br\/index.php?rest_route=\/wp\/v2\/media\/7894"}],"wp:attachment":[{"href":"https:\/\/diariotribuna.com.br\/index.php?rest_route=%2Fwp%2Fv2%2Fmedia&parent=7893"}],"wp:term":[{"taxonomy":"category","embeddable":true,"href":"https:\/\/diariotribuna.com.br\/index.php?rest_route=%2Fwp%2Fv2%2Fcategories&post=7893"},{"taxonomy":"post_tag","embeddable":true,"href":"https:\/\/diariotribuna.com.br\/index.php?rest_route=%2Fwp%2Fv2%2Ftags&post=7893"}],"curies":[{"name":"wp","href":"https:\/\/api.w.org\/{rel}","templated":true}]}}