{"id":7896,"date":"2021-02-18T00:39:49","date_gmt":"2021-02-18T03:39:49","guid":{"rendered":"https:\/\/diariotribuna.com.br\/?p=7896"},"modified":"2021-02-18T00:39:51","modified_gmt":"2021-02-18T03:39:51","slug":"19o-batalhao-pm-realiza-a-operacao-carnaval-este-ano-o-carnaval-e-pela-vida","status":"publish","type":"post","link":"https:\/\/diariotribuna.com.br\/?p=7896","title":{"rendered":"19\u00ba Batalh\u00e3o PM realiza a Opera\u00e7\u00e3o Carnaval: \u201cEste ano o carnaval \u00e9 pela vida\u201d"},"content":{"rendered":"\n<figure class=\"wp-block-image size-large is-resized\"><img loading=\"lazy\" decoding=\"async\" src=\"https:\/\/diariotribuna.com.br\/wp-content\/uploads\/2021\/02\/c0cecd78-1d33-43fe-862b-965d0fb1ace9.jpg\" alt=\"\" class=\"wp-image-7897\" width=\"513\" height=\"345\" srcset=\"https:\/\/diariotribuna.com.br\/wp-content\/uploads\/2021\/02\/c0cecd78-1d33-43fe-862b-965d0fb1ace9.jpg 700w, https:\/\/diariotribuna.com.br\/wp-content\/uploads\/2021\/02\/c0cecd78-1d33-43fe-862b-965d0fb1ace9-300x202.jpg 300w, https:\/\/diariotribuna.com.br\/wp-content\/uploads\/2021\/02\/c0cecd78-1d33-43fe-862b-965d0fb1ace9-696x468.jpg 696w, https:\/\/diariotribuna.com.br\/wp-content\/uploads\/2021\/02\/c0cecd78-1d33-43fe-862b-965d0fb1ace9-624x420.jpg 624w\" sizes=\"(max-width: 513px) 100vw, 513px\" \/><\/figure>\n\n\n\n<p>Na sexta-feira (12\/02), o 19\u00ba Batalh\u00e3o de Pol\u00edcia Militar deu in\u00edcio \u00e0 Opera\u00e7\u00e3o Carnaval objetivando potencializar os servi\u00e7os policiais promovendo sensa\u00e7\u00e3o de seguran\u00e7a durante o per\u00edodo carnavalesco em todos os munic\u00edpios que integram a unidade.<\/p>\n\n\n\n<p>O policiamento extraordin\u00e1rio foi refor\u00e7ado com o efetivo que executa a atividade meio, intensificando as a\u00e7\u00f5es com foco na redu\u00e7\u00e3o criminal e fiscaliza\u00e7\u00e3o das medidas de enfrentamento \u00e0 pandemia, coibindo aglomera\u00e7\u00f5es e advertindo \u00e0 popula\u00e7\u00e3o quanto \u00e0s preven\u00e7\u00f5es devidas.<\/p>\n\n\n\n<p>Com o tema <strong>\u201cEste ano o carnaval \u00e9 pela vida\u201d<\/strong>, a Pol\u00edcia Militar destacou que a responsabilidade e a manuten\u00e7\u00e3o dos cuidados s\u00e3o primordiais para o combate ao novo coronav\u00edrus (Covid-19). Pol\u00edcia Militar de Minas Gerais &#8211; Nossa Profiss\u00e3o, Sua Vida!<\/p>\n\n\n\n<figure class=\"wp-block-gallery columns-2 is-cropped wp-block-gallery-1 is-layout-flex wp-block-gallery-is-layout-flex\"><ul class=\"blocks-gallery-grid\"><li class=\"blocks-gallery-item\"><figure><img loading=\"lazy\" decoding=\"async\" width=\"700\" height=\"496\" src=\"https:\/\/diariotribuna.com.br\/wp-content\/uploads\/2021\/02\/ccee11af-f74d-4db6-ab44-3edaac3c82bd.jpg\" alt=\"\" data-id=\"7898\" data-link=\"https:\/\/diariotribuna.com.br\/?attachment_id=7898\" class=\"wp-image-7898\" srcset=\"https:\/\/diariotribuna.com.br\/wp-content\/uploads\/2021\/02\/ccee11af-f74d-4db6-ab44-3edaac3c82bd.jpg 700w, https:\/\/diariotribuna.com.br\/wp-content\/uploads\/2021\/02\/ccee11af-f74d-4db6-ab44-3edaac3c82bd-300x213.jpg 300w, https:\/\/diariotribuna.com.br\/wp-content\/uploads\/2021\/02\/ccee11af-f74d-4db6-ab44-3edaac3c82bd-100x70.jpg 100w, https:\/\/diariotribuna.com.br\/wp-content\/uploads\/2021\/02\/ccee11af-f74d-4db6-ab44-3edaac3c82bd-696x493.jpg 696w, https:\/\/diariotribuna.com.br\/wp-content\/uploads\/2021\/02\/ccee11af-f74d-4db6-ab44-3edaac3c82bd-593x420.jpg 593w\" sizes=\"(max-width: 700px) 100vw, 700px\" \/><\/figure><\/li><li class=\"blocks-gallery-item\"><figure><img loading=\"lazy\" decoding=\"async\" width=\"700\" height=\"494\" src=\"https:\/\/diariotribuna.com.br\/wp-content\/uploads\/2021\/02\/3b25f036-0a82-4a45-86a8-d31320c0cb34.jpg\" alt=\"\" data-id=\"7900\" data-full-url=\"https:\/\/diariotribuna.com.br\/wp-content\/uploads\/2021\/02\/3b25f036-0a82-4a45-86a8-d31320c0cb34.jpg\" data-link=\"https:\/\/diariotribuna.com.br\/?attachment_id=7900\" class=\"wp-image-7900\" srcset=\"https:\/\/diariotribuna.com.br\/wp-content\/uploads\/2021\/02\/3b25f036-0a82-4a45-86a8-d31320c0cb34.jpg 700w, https:\/\/diariotribuna.com.br\/wp-content\/uploads\/2021\/02\/3b25f036-0a82-4a45-86a8-d31320c0cb34-300x212.jpg 300w, https:\/\/diariotribuna.com.br\/wp-content\/uploads\/2021\/02\/3b25f036-0a82-4a45-86a8-d31320c0cb34-100x70.jpg 100w, https:\/\/diariotribuna.com.br\/wp-content\/uploads\/2021\/02\/3b25f036-0a82-4a45-86a8-d31320c0cb34-696x491.jpg 696w, https:\/\/diariotribuna.com.br\/wp-content\/uploads\/2021\/02\/3b25f036-0a82-4a45-86a8-d31320c0cb34-595x420.jpg 595w\" sizes=\"(max-width: 700px) 100vw, 700px\" \/><\/figure><\/li><\/ul><\/figure>\n\n\n\n<p><strong>(Assessoria de Comunica\u00e7\u00e3o Organizacional do 19\u00ba Batalh\u00e3o de Pol\u00edcia Militar)<\/strong><\/p>\n","protected":false},"excerpt":{"rendered":"<p>Na sexta-feira (12\/02), o 19\u00ba Batalh\u00e3o de Pol\u00edcia Militar deu in\u00edcio \u00e0 Opera\u00e7\u00e3o Carnaval objetivando potencializar os servi\u00e7os policiais promovendo sensa\u00e7\u00e3o de seguran\u00e7a durante o per\u00edodo carnavalesco em todos os munic\u00edpios que integram a unidade. O policiamento extraordin\u00e1rio foi refor\u00e7ado com o efetivo que executa a atividade meio, intensificando as a\u00e7\u00f5es com foco na redu\u00e7\u00e3o [&hellip;]<\/p>\n","protected":false},"author":1,"featured_media":7897,"comment_status":"open","ping_status":"open","sticky":false,"template":"","format":"standard","meta":{"rop_custom_images_group":[],"rop_custom_messages_group":[],"rop_publish_now":"initial","rop_publish_now_accounts":[],"rop_publish_now_history":[],"rop_publish_now_status":"pending","footnotes":""},"categories":[18],"tags":[74,1281,2619],"class_list":["post-7896","post","type-post","status-publish","format-standard","has-post-thumbnail","hentry","category-regiao","tag-19o-bpm","tag-1281","tag-operacao-carnaval"],"_links":{"self":[{"href":"https:\/\/diariotribuna.com.br\/index.php?rest_route=\/wp\/v2\/posts\/7896"}],"collection":[{"href":"https:\/\/diariotribuna.com.br\/index.php?rest_route=\/wp\/v2\/posts"}],"about":[{"href":"https:\/\/diariotribuna.com.br\/index.php?rest_route=\/wp\/v2\/types\/post"}],"author":[{"embeddable":true,"href":"https:\/\/diariotribuna.com.br\/index.php?rest_route=\/wp\/v2\/users\/1"}],"replies":[{"embeddable":true,"href":"https:\/\/diariotribuna.com.br\/index.php?rest_route=%2Fwp%2Fv2%2Fcomments&post=7896"}],"version-history":[{"count":1,"href":"https:\/\/diariotribuna.com.br\/index.php?rest_route=\/wp\/v2\/posts\/7896\/revisions"}],"predecessor-version":[{"id":7901,"href":"https:\/\/diariotribuna.com.br\/index.php?rest_route=\/wp\/v2\/posts\/7896\/revisions\/7901"}],"wp:featuredmedia":[{"embeddable":true,"href":"https:\/\/diariotribuna.com.br\/index.php?rest_route=\/wp\/v2\/media\/7897"}],"wp:attachment":[{"href":"https:\/\/diariotribuna.com.br\/index.php?rest_route=%2Fwp%2Fv2%2Fmedia&parent=7896"}],"wp:term":[{"taxonomy":"category","embeddable":true,"href":"https:\/\/diariotribuna.com.br\/index.php?rest_route=%2Fwp%2Fv2%2Fcategories&post=7896"},{"taxonomy":"post_tag","embeddable":true,"href":"https:\/\/diariotribuna.com.br\/index.php?rest_route=%2Fwp%2Fv2%2Ftags&post=7896"}],"curies":[{"name":"wp","href":"https:\/\/api.w.org\/{rel}","templated":true}]}}