{"id":7902,"date":"2021-02-18T00:47:28","date_gmt":"2021-02-18T03:47:28","guid":{"rendered":"https:\/\/diariotribuna.com.br\/?p=7902"},"modified":"2021-02-18T00:49:40","modified_gmt":"2021-02-18T03:49:40","slug":"em-missa-nesta-quarta-feira-de-cinzas-o-papa-diz-que-a-quaresma-e-uma-viagem-de-regresso-a-deus","status":"publish","type":"post","link":"https:\/\/diariotribuna.com.br\/?p=7902","title":{"rendered":"Em Missa nesta Quarta-Feira de Cinzas, o Papa diz que a \u201cQuaresma \u00e9 uma viagem de regresso a Deus\u201d"},"content":{"rendered":"\n<figure class=\"wp-block-image size-large is-resized\"><img loading=\"lazy\" decoding=\"async\" src=\"https:\/\/diariotribuna.com.br\/wp-content\/uploads\/2021\/02\/Missa-de-Quarta-Feira-de-Cinzas.jpeg\" alt=\"\" class=\"wp-image-7903\" width=\"504\" height=\"283\" srcset=\"https:\/\/diariotribuna.com.br\/wp-content\/uploads\/2021\/02\/Missa-de-Quarta-Feira-de-Cinzas.jpeg 700w, https:\/\/diariotribuna.com.br\/wp-content\/uploads\/2021\/02\/Missa-de-Quarta-Feira-de-Cinzas-300x169.jpeg 300w, https:\/\/diariotribuna.com.br\/wp-content\/uploads\/2021\/02\/Missa-de-Quarta-Feira-de-Cinzas-696x392.jpeg 696w\" sizes=\"(max-width: 504px) 100vw, 504px\" \/><\/figure>\n\n\n\n<p>A Quaresma \u00e9 uma viagem que envolve toda a nossa vida, tudo de n\u00f3s mesmos. \u00c9 o tempo para verificar as estradas que estamos percorrendo, para encontrar o caminho que nos leva de volta a casa, para redescobrir o v\u00ednculo fundamental com Deus, do qual tudo depende. A Quaresma n\u00e3o \u00e9 compor um ramalhete espiritual; \u00e9 discernir para onde est\u00e1 orientado o cora\u00e7\u00e3o. Tentemos saber: Para onde me leva o -navegador- da minha vida, para Deus ou para mim mesmo? Vivo para agradar ao Senhor, ou para ser notado, louvado, preferido? Tenho um cora\u00e7\u00e3o -dan\u00e7arino- que d\u00e1 um passo para a frente e outro para tr\u00e1s, amando ora o Senhor ora o mundo, ou um cora\u00e7\u00e3o firme em Deus? Sinto-me bem com as minhas hipocrisias ou luto para libertar o cora\u00e7\u00e3o da simula\u00e7\u00e3o e das falsidades que o t\u00eam prisioneiro?<\/p>\n\n\n\n<p><strong>O perd\u00e3o do Pai sempre nos coloca de p\u00e9 &#8211;<\/strong> \u201cA viagem da Quaresma \u00e9 um \u00eaxodo da escravid\u00e3o para a liberdade\u201d, disse ainda o Papa. \u201cS\u00e3o quarenta dias que recordam os quarenta anos em que o povo de Deus caminhou pelo deserto para voltar \u00e0 terra de origem. Mas, como foi dif\u00edcil deixar o Egito! Ao longo do caminho, nos seus lamentos, sempre se sentiam tentados pelas cebolas, tentados a voltar para tr\u00e1s, presos \u00e0s mem\u00f3rias do passado, a qualquer \u00eddolo. O mesmo se passa conosco: a viagem de regresso a Deus v\u00ea-se dificultada pelos nossos apegos doentios, impedida pelos la\u00e7os sedutores dos v\u00edcios, pelas falsas seguran\u00e7as do dinheiro e da ostenta\u00e7\u00e3o, pela lam\u00faria que paralisa. Para caminhar, \u00e9 preciso desmascarar estas ilus\u00f5es\u201d.<\/p>\n\n\n\n<p>A seguir, Francisco convidou a olhar para o filho pr\u00f3digo para compreender \u201cque \u00e9 tempo tamb\u00e9m para n\u00f3s de regressar ao Pai\u201d.<\/p>\n\n\n\n<p>Como aquele filho, tamb\u00e9m n\u00f3s esquecemos o ar de casa, delapidamos bens preciosos em troca de coisas sem valor e ficamos com as m\u00e3os vazias e o cora\u00e7\u00e3o insatisfeito. Ca\u00edmos: somos filhos que caem continuamente, somos como criancinhas que tentam andar, mas estatelam-se no ch\u00e3o precisando uma vez e outra de serem levantadas pelo papai. \u00c9 o perd\u00e3o do Pai que sempre nos coloca de p\u00e9: o perd\u00e3o de Deus, a Confiss\u00e3o, \u00e9 o primeiro passo da nossa viagem de regresso. Recomendo aos confessores: sejam como o pai, n\u00e3o com o chicote, mas com o abra\u00e7o.<\/p>\n\n\n\n<p><strong>O caminho da humildade &#8211;<\/strong> \u201cDepois precisamos de regressar a Jesus, fazer como aquele leproso curado que voltou para Lhe agradecer. Somos chamados tamb\u00e9m a regressar ao Esp\u00edrito Santo. As cinzas na cabe\u00e7a nos lembram que somos p\u00f3 e ao p\u00f3 voltaremos\u201d. Segundo o Papa, o que nos faz regressar a Deus \u201cn\u00e3o s\u00e3o as nossas capacidades nem os m\u00e9ritos que ostentamos, mas a sua gra\u00e7a que temos de acolher. Disse-o claramente Jesus no Evangelho: o que nos torna justos n\u00e3o \u00e9 a justi\u00e7a que praticamos diante dos homens, mas a rela\u00e7\u00e3o sincera com o Pai. O in\u00edcio do regresso a Deus \u00e9 reconhecermo-nos necessitados d\u2019Ele, necessitados de miseric\u00f3rdia. O caminho certo \u00e9 este: o caminho da humildade\u201d.<\/p>\n\n\n\n<p><strong>Deus nos espera com a sua infinita miseric\u00f3rdia<\/strong> &#8211; Hoje inclinamos a cabe\u00e7a para receber as cinzas. Quando terminar a Quaresma, nos abaixaremos ainda mais para lavar os p\u00e9s dos irm\u00e3os. A Quaresma \u00e9 uma descida humilde dentro de n\u00f3s e rumo aos outros. \u00c9 compreender que a salva\u00e7\u00e3o n\u00e3o \u00e9 uma escalada para a gl\u00f3ria, mas um abaixamento por amor. \u00c9 fazer-nos humildes. Neste caminho, para n\u00e3o perder o rumo, coloquemo-nos diante da cruz de Jesus: \u00e9 a c\u00e1tedra silenciosa de Deus. Contemplemos cada dia as suas chagas.<\/p>\n\n\n\n<p>\u201cNas suas chagas\u201d, disse o Papa, \u201creconhe\u00e7amos o nosso vazio, as nossas faltas, as feridas do pecado, os golpes que nos fizeram sofrer. Vemos ali que Deus n\u00e3o aponta o dedo contra n\u00f3s, mas nos abre os bra\u00e7os. As suas chagas est\u00e3o abertas para n\u00f3s e, por aquelas chagas, fomos curados\u201d. Nas chagas mais dolorosas da vida, \u201cDeus nos espera com a sua infinita miseric\u00f3rdia. Porque ali, onde somos mais vulner\u00e1veis, onde mais nos envergonhamos, Ele veio ao nosso encontro. E agora nos convida a regressar a Ele, para voltarmos a encontrar a alegria de ser amados\u201d, concluiu o Papa. (Com informa\u00e7\u00f5es e foto do VaticanNews\/ CNBB).<\/p>\n","protected":false},"excerpt":{"rendered":"<p>A Quaresma \u00e9 uma viagem que envolve toda a nossa vida, tudo de n\u00f3s mesmos. \u00c9 o tempo para verificar as estradas que estamos percorrendo, para encontrar o caminho que nos leva de volta a casa, para redescobrir o v\u00ednculo fundamental com Deus, do qual tudo depende. A Quaresma n\u00e3o \u00e9 compor um ramalhete espiritual; [&hellip;]<\/p>\n","protected":false},"author":1,"featured_media":7903,"comment_status":"open","ping_status":"open","sticky":false,"template":"","format":"standard","meta":{"rop_custom_images_group":[],"rop_custom_messages_group":[],"rop_publish_now":"initial","rop_publish_now_accounts":[],"rop_publish_now_history":[],"rop_publish_now_status":"pending","footnotes":""},"categories":[19],"tags":[1281,2620,2388,2621],"class_list":["post-7902","post","type-post","status-publish","format-standard","has-post-thumbnail","hentry","category-gerais","tag-1281","tag-cnbb","tag-papa-francisco","tag-quarta-feira-de-cinzas"],"_links":{"self":[{"href":"https:\/\/diariotribuna.com.br\/index.php?rest_route=\/wp\/v2\/posts\/7902"}],"collection":[{"href":"https:\/\/diariotribuna.com.br\/index.php?rest_route=\/wp\/v2\/posts"}],"about":[{"href":"https:\/\/diariotribuna.com.br\/index.php?rest_route=\/wp\/v2\/types\/post"}],"author":[{"embeddable":true,"href":"https:\/\/diariotribuna.com.br\/index.php?rest_route=\/wp\/v2\/users\/1"}],"replies":[{"embeddable":true,"href":"https:\/\/diariotribuna.com.br\/index.php?rest_route=%2Fwp%2Fv2%2Fcomments&post=7902"}],"version-history":[{"count":1,"href":"https:\/\/diariotribuna.com.br\/index.php?rest_route=\/wp\/v2\/posts\/7902\/revisions"}],"predecessor-version":[{"id":7904,"href":"https:\/\/diariotribuna.com.br\/index.php?rest_route=\/wp\/v2\/posts\/7902\/revisions\/7904"}],"wp:featuredmedia":[{"embeddable":true,"href":"https:\/\/diariotribuna.com.br\/index.php?rest_route=\/wp\/v2\/media\/7903"}],"wp:attachment":[{"href":"https:\/\/diariotribuna.com.br\/index.php?rest_route=%2Fwp%2Fv2%2Fmedia&parent=7902"}],"wp:term":[{"taxonomy":"category","embeddable":true,"href":"https:\/\/diariotribuna.com.br\/index.php?rest_route=%2Fwp%2Fv2%2Fcategories&post=7902"},{"taxonomy":"post_tag","embeddable":true,"href":"https:\/\/diariotribuna.com.br\/index.php?rest_route=%2Fwp%2Fv2%2Ftags&post=7902"}],"curies":[{"name":"wp","href":"https:\/\/api.w.org\/{rel}","templated":true}]}}