{"id":7909,"date":"2021-02-18T15:53:51","date_gmt":"2021-02-18T18:53:51","guid":{"rendered":"https:\/\/diariotribuna.com.br\/?p=7909"},"modified":"2021-02-18T15:54:47","modified_gmt":"2021-02-18T18:54:47","slug":"agenda-cultural-da-cemig-disponibiliza-conteudo-educativo-gratuito-para-auxiliar-professores-e-alunos","status":"publish","type":"post","link":"https:\/\/diariotribuna.com.br\/?p=7909","title":{"rendered":"Agenda Cultural da Cemig disponibiliza conte\u00fado educativo gratuito para auxiliar professores e alunos"},"content":{"rendered":"\n<p><strong><em>Iniciativa re\u00fane dicas de atividades, cineminha, al\u00e9m de artigos sobre artistas, \u00a0obras e hist\u00f3ria da arte<\/em><\/strong><\/p>\n\n\n\n<figure class=\"wp-block-image size-large is-resized\"><img loading=\"lazy\" decoding=\"async\" src=\"https:\/\/diariotribuna.com.br\/wp-content\/uploads\/2021\/02\/Hahaha.jpg\" alt=\"\" class=\"wp-image-7910\" width=\"513\" height=\"292\" srcset=\"https:\/\/diariotribuna.com.br\/wp-content\/uploads\/2021\/02\/Hahaha.jpg 700w, https:\/\/diariotribuna.com.br\/wp-content\/uploads\/2021\/02\/Hahaha-300x171.jpg 300w, https:\/\/diariotribuna.com.br\/wp-content\/uploads\/2021\/02\/Hahaha-696x397.jpg 696w\" sizes=\"(max-width: 513px) 100vw, 513px\" \/><\/figure>\n\n\n\n<p>A Cemig sabe a import\u00e2ncia de combinar arte, sa\u00fade e educa\u00e7\u00e3o. Assim, a programa\u00e7\u00e3o do <strong>#Energia da Cultura<\/strong> desta semana apresenta conte\u00fados educativos, v\u00eddeos que abordam tem\u00e1ticas de sa\u00fade, al\u00e9m de uma transmiss\u00e3o online, ao vivo, da realiza\u00e7\u00e3o de pintura em tempo real.<\/p>\n\n\n\n<p>As atra\u00e7\u00f5es est\u00e3o dispon\u00edveis na p\u00e1gina da Cemig no Facebook:\u00a0<a rel=\"noreferrer noopener\" href=\"https:\/\/www.facebook.com\/events\/451551842654270\/\" target=\"_blank\">https:\/\/www.facebook.com\/events\/451551842654270\/<\/a><\/p>\n\n\n\n<h3 class=\"wp-block-heading\"><strong>Conhe\u00e7a a programa\u00e7\u00e3o:<\/strong><\/h3>\n\n\n\n<figure class=\"wp-block-image size-large is-resized\"><img loading=\"lazy\" decoding=\"async\" src=\"https:\/\/diariotribuna.com.br\/wp-content\/uploads\/2021\/02\/Energia-da-Cultura.jpg\" alt=\"\" class=\"wp-image-7911\" width=\"518\" height=\"290\" srcset=\"https:\/\/diariotribuna.com.br\/wp-content\/uploads\/2021\/02\/Energia-da-Cultura.jpg 700w, https:\/\/diariotribuna.com.br\/wp-content\/uploads\/2021\/02\/Energia-da-Cultura-300x168.jpg 300w, https:\/\/diariotribuna.com.br\/wp-content\/uploads\/2021\/02\/Energia-da-Cultura-696x391.jpg 696w\" sizes=\"(max-width: 518px) 100vw, 518px\" \/><\/figure>\n\n\n\n<p><strong>Arte Educa\u00e7\u00e3o \u2013 Funda\u00e7\u00e3o Cl\u00f3vis Salgado<\/strong> &#8211; Nesses tempos de aulas virtuais, a Funda\u00e7\u00e3o Cl\u00f3vis Salgado, patrocinada pela Cemig, disponibilizou \u00a0um conte\u00fado educativo para auxiliar professores e alunos. A programa\u00e7\u00e3o tem sido refer\u00eancia para muitas escolas, uma vez que os conte\u00fados\u00a0elaborados pelos professores da Escola de Artes Visuais do Centro de Forma\u00e7\u00e3o Art\u00edstica e Tecnol\u00f3gica \u2013 Cefart, contam com dicas de atividades, cineminha, al\u00e9m de artigos sobre artistas, \u00a0obras, e hist\u00f3ria da arte.<\/p>\n\n\n\n<figure class=\"wp-block-image size-large is-resized\"><img loading=\"lazy\" decoding=\"async\" src=\"https:\/\/diariotribuna.com.br\/wp-content\/uploads\/2021\/02\/Medico-de-Monstro-uma-das-atracoes-do-Cineminha-Online-foto-reproducao-1.png\" alt=\"\" class=\"wp-image-7913\" width=\"492\" height=\"329\" srcset=\"https:\/\/diariotribuna.com.br\/wp-content\/uploads\/2021\/02\/Medico-de-Monstro-uma-das-atracoes-do-Cineminha-Online-foto-reproducao-1.png 700w, https:\/\/diariotribuna.com.br\/wp-content\/uploads\/2021\/02\/Medico-de-Monstro-uma-das-atracoes-do-Cineminha-Online-foto-reproducao-1-300x201.png 300w, https:\/\/diariotribuna.com.br\/wp-content\/uploads\/2021\/02\/Medico-de-Monstro-uma-das-atracoes-do-Cineminha-Online-foto-reproducao-1-696x465.png 696w, https:\/\/diariotribuna.com.br\/wp-content\/uploads\/2021\/02\/Medico-de-Monstro-uma-das-atracoes-do-Cineminha-Online-foto-reproducao-1-628x420.png 628w\" sizes=\"(max-width: 492px) 100vw, 492px\" \/><figcaption><strong>M\u00e9dico de Monstro: uma das atra\u00e7\u00f5es do<\/strong><br><strong>Cineminha On-line (foto reprodu\u00e7\u00e3o<\/strong>)<\/figcaption><\/figure>\n\n\n\n<p>O Cineminha On-line traz um pouquinho de cinema para o p\u00fablico infantil, por meio de indica\u00e7\u00f5es de curtas-metragens dispon\u00edveis on-line e gratuitamente, sugest\u00f5es de atividades, de brincadeiras, de reflex\u00f5es e curiosidades referentes ao\u00a0filme ou ao cinema em geral.<\/p>\n\n\n\n<p><strong>Hahaha<\/strong> &#8211; O Hahaha, famoso por levar alegria aos corredores dos hospitais e asilos, se reinventou na pandemia, divulgando v\u00eddeos que tratam de tem\u00e1ticas de sa\u00fade e preven\u00e7\u00e3o \u00e0 Covid. Semanalmente, lan\u00e7a dois v\u00eddeos novos com o intuito de levar uma dose de riso e alegria para o p\u00fablico. Os v\u00eddeos s\u00e3o distribu\u00eddos \u00e0s institui\u00e7\u00f5es atendidas pelo projeto para serem veiculados internamente para crian\u00e7as, adolescentes, idosos e profissionais da sa\u00fade. Confira a Playlist que soma mais de 70 v\u00eddeos produzidos durante o distanciamento social e abertos ao p\u00fablico.\u00a0<\/p>\n\n\n\n<p>O instituto tamb\u00e9m lan\u00e7ou o Consult\u00f3rio Hahaha, onde diariamente s\u00e3o realizadas consultas on-line, indicando riso e alegria como o melhor rem\u00e9dio. O agendamento de consultas pode ser feita pelo Whatsapp (31) 973500011.<\/p>\n\n\n\n<p><strong>Atelier Casa Bracher &#8211; Realiza\u00e7\u00e3o de retrato ao vivo do estilista Ronaldo Fraga, por Carlos Bracher<\/strong><br>27 de fevereiro \u2013 19h<br>O irrequieto artista pl\u00e1stico completou 80 anos de idade no final de 2020, e vem explorar as possibilidades da dissemina\u00e7\u00e3o de sua arte atrav\u00e9s de uma transmiss\u00e3o online, ao vivo, da realiza\u00e7\u00e3o de pintura em tempo real. Na sequ\u00eancia, o atista conversar\u00e1 com o p\u00fablico sobre os desafios de retratar a alma e os tra\u00e7os alheios.<\/p>\n\n\n\n<p><strong>Atelier Casa Bracher\u00a0 &#8211; Acervo Carlos e Fani Bracher<\/strong> &#8211; O Atelier Casa Bracher, em Ouro Preto, abriga parte do acervo do casal Carlos e Fani Bracher, unidos pelo amor e pela arte h\u00e1 mais de 50 anos. O espa\u00e7o abriga uma exposi\u00e7\u00e3o permanente da cole\u00e7\u00e3o particular do casal. Pelo site do Atelier Casa Bracher, \u00e9 poss\u00edvel fazer uma tour virtual em 360\u00ba pelas obras do artista. H\u00e1 tamb\u00e9m links para biografias, fotos, obras, s\u00e9ries, filmografia e textos.\u00a0<\/p>\n\n\n\n<p>*Todas as atra\u00e7\u00f5es culturais foram gravadas antes do per\u00edodo da pandemia ou est\u00e3o seguindo as orienta\u00e7\u00f5es da OMS.\u00a0<\/p>\n\n\n\n<p>18.02.2021\u00a0\u00a0 \u00a0l\u00a0\u00a0\u00a0\u00a0Classifica\u00e7\u00e3o: P\u00fablico\u00a0<\/p>\n\n\n\n<p>(Ger\u00eancia de Comunica\u00e7\u00e3o e Marketing)<\/p>\n","protected":false},"excerpt":{"rendered":"<p>Iniciativa re\u00fane dicas de atividades, cineminha, al\u00e9m de artigos sobre artistas, \u00a0obras e hist\u00f3ria da arte A Cemig sabe a import\u00e2ncia de combinar arte, sa\u00fade e educa\u00e7\u00e3o. Assim, a programa\u00e7\u00e3o do #Energia da Cultura desta semana apresenta conte\u00fados educativos, v\u00eddeos que abordam tem\u00e1ticas de sa\u00fade, al\u00e9m de uma transmiss\u00e3o online, ao vivo, da realiza\u00e7\u00e3o de [&hellip;]<\/p>\n","protected":false},"author":1,"featured_media":7910,"comment_status":"open","ping_status":"open","sticky":false,"template":"","format":"standard","meta":{"rop_custom_images_group":[],"rop_custom_messages_group":[],"rop_publish_now":"initial","rop_publish_now_accounts":[],"rop_publish_now_history":[],"rop_publish_now_status":"pending","footnotes":""},"categories":[25,19],"tags":[2623,72,2624,2625],"class_list":["post-7909","post","type-post","status-publish","format-standard","has-post-thumbnail","hentry","category-destaque","category-gerais","tag-agenda-cultural","tag-cemig","tag-conteudo-educativo","tag-professores-e-alunos"],"_links":{"self":[{"href":"https:\/\/diariotribuna.com.br\/index.php?rest_route=\/wp\/v2\/posts\/7909"}],"collection":[{"href":"https:\/\/diariotribuna.com.br\/index.php?rest_route=\/wp\/v2\/posts"}],"about":[{"href":"https:\/\/diariotribuna.com.br\/index.php?rest_route=\/wp\/v2\/types\/post"}],"author":[{"embeddable":true,"href":"https:\/\/diariotribuna.com.br\/index.php?rest_route=\/wp\/v2\/users\/1"}],"replies":[{"embeddable":true,"href":"https:\/\/diariotribuna.com.br\/index.php?rest_route=%2Fwp%2Fv2%2Fcomments&post=7909"}],"version-history":[{"count":2,"href":"https:\/\/diariotribuna.com.br\/index.php?rest_route=\/wp\/v2\/posts\/7909\/revisions"}],"predecessor-version":[{"id":7915,"href":"https:\/\/diariotribuna.com.br\/index.php?rest_route=\/wp\/v2\/posts\/7909\/revisions\/7915"}],"wp:featuredmedia":[{"embeddable":true,"href":"https:\/\/diariotribuna.com.br\/index.php?rest_route=\/wp\/v2\/media\/7910"}],"wp:attachment":[{"href":"https:\/\/diariotribuna.com.br\/index.php?rest_route=%2Fwp%2Fv2%2Fmedia&parent=7909"}],"wp:term":[{"taxonomy":"category","embeddable":true,"href":"https:\/\/diariotribuna.com.br\/index.php?rest_route=%2Fwp%2Fv2%2Fcategories&post=7909"},{"taxonomy":"post_tag","embeddable":true,"href":"https:\/\/diariotribuna.com.br\/index.php?rest_route=%2Fwp%2Fv2%2Ftags&post=7909"}],"curies":[{"name":"wp","href":"https:\/\/api.w.org\/{rel}","templated":true}]}}