{"id":7916,"date":"2021-02-18T18:23:45","date_gmt":"2021-02-18T21:23:45","guid":{"rendered":"https:\/\/diariotribuna.com.br\/?p=7916"},"modified":"2021-02-18T18:38:32","modified_gmt":"2021-02-18T21:38:32","slug":"mulher-que-estava-desaparecida-em-teofilo-otoni-e-encontrada-morta-enterrada-em-cova-rasa","status":"publish","type":"post","link":"https:\/\/diariotribuna.com.br\/?p=7916","title":{"rendered":"Mulher que estava desaparecida em Te\u00f3filo Otoni \u00e9 encontrada morta, enterrada em cova rasa"},"content":{"rendered":"\n<figure class=\"wp-block-image size-large is-resized\"><img loading=\"lazy\" decoding=\"async\" src=\"https:\/\/diariotribuna.com.br\/wp-content\/uploads\/2021\/02\/67db7728-e18e-4fc1-8767-a855bcdc9b63.jpg\" alt=\"\" class=\"wp-image-7923\" width=\"279\" height=\"200\" srcset=\"https:\/\/diariotribuna.com.br\/wp-content\/uploads\/2021\/02\/67db7728-e18e-4fc1-8767-a855bcdc9b63.jpg 700w, https:\/\/diariotribuna.com.br\/wp-content\/uploads\/2021\/02\/67db7728-e18e-4fc1-8767-a855bcdc9b63-300x216.jpg 300w, https:\/\/diariotribuna.com.br\/wp-content\/uploads\/2021\/02\/67db7728-e18e-4fc1-8767-a855bcdc9b63-696x501.jpg 696w, https:\/\/diariotribuna.com.br\/wp-content\/uploads\/2021\/02\/67db7728-e18e-4fc1-8767-a855bcdc9b63-583x420.jpg 583w\" sizes=\"(max-width: 279px) 100vw, 279px\" \/><figcaption><strong>Maria Nunes Guimar\u00e3es<\/strong>,<strong> v\u00edtima<\/strong><\/figcaption><\/figure>\n\n\n\n<figure class=\"wp-block-image size-large is-resized\"><img loading=\"lazy\" decoding=\"async\" src=\"https:\/\/diariotribuna.com.br\/wp-content\/uploads\/2021\/02\/feee9ad1-de49-4e48-ac5c-f4cec6584bbe.jpg\" alt=\"\" class=\"wp-image-7917\" width=\"488\" height=\"325\" srcset=\"https:\/\/diariotribuna.com.br\/wp-content\/uploads\/2021\/02\/feee9ad1-de49-4e48-ac5c-f4cec6584bbe.jpg 700w, https:\/\/diariotribuna.com.br\/wp-content\/uploads\/2021\/02\/feee9ad1-de49-4e48-ac5c-f4cec6584bbe-300x200.jpg 300w, https:\/\/diariotribuna.com.br\/wp-content\/uploads\/2021\/02\/feee9ad1-de49-4e48-ac5c-f4cec6584bbe-696x464.jpg 696w, https:\/\/diariotribuna.com.br\/wp-content\/uploads\/2021\/02\/feee9ad1-de49-4e48-ac5c-f4cec6584bbe-630x420.jpg 630w\" sizes=\"(max-width: 488px) 100vw, 488px\" \/><\/figure>\n\n\n\n<p>A Pol\u00edcia Civil de Minas Gerais, atrav\u00e9s da Delegacia de Homic\u00eddios de Te\u00f3filo Otoni, divulgou nota na tarde desta quinta-feira (18\/02\/2021), informando que uma equipe coordenada pela delegada da pasta, dra. H\u00e9rika Ribeiro Sena, fez dilig\u00eancias nesta data, at\u00e9 o bairro Funcion\u00e1rios, em Te\u00f3filo Otoni, ap\u00f3s tomar conhecimento de que havia um cad\u00e1ver ocultado nos fundos de um im\u00f3vel.<\/p>\n\n\n\n<p>Segundo a Pol\u00edcia Civil, desde o dia 15\/02\/2021 (segunda-feira), uma ocorr\u00eancia de pessoa desaparecida foi registrada apontando que Maria Nunes Guimar\u00e3es, de 47 anos, teria sa\u00eddo do seu local de trabalho (mercado municipal de Te\u00f3filo Otoni) e, desde ent\u00e3o n\u00e3o mais deu not\u00edcias.<\/p>\n\n\n\n<figure class=\"wp-block-gallery columns-3 is-cropped wp-block-gallery-1 is-layout-flex wp-block-gallery-is-layout-flex\"><ul class=\"blocks-gallery-grid\"><li class=\"blocks-gallery-item\"><figure><img loading=\"lazy\" decoding=\"async\" width=\"600\" height=\"450\" src=\"https:\/\/diariotribuna.com.br\/wp-content\/uploads\/2021\/02\/c7c08013-d31f-4eef-80b6-d01b9aab79bc.jpg\" alt=\"\" data-id=\"7918\" data-full-url=\"https:\/\/diariotribuna.com.br\/wp-content\/uploads\/2021\/02\/c7c08013-d31f-4eef-80b6-d01b9aab79bc.jpg\" data-link=\"https:\/\/diariotribuna.com.br\/?attachment_id=7918\" class=\"wp-image-7918\" srcset=\"https:\/\/diariotribuna.com.br\/wp-content\/uploads\/2021\/02\/c7c08013-d31f-4eef-80b6-d01b9aab79bc.jpg 600w, https:\/\/diariotribuna.com.br\/wp-content\/uploads\/2021\/02\/c7c08013-d31f-4eef-80b6-d01b9aab79bc-300x225.jpg 300w, https:\/\/diariotribuna.com.br\/wp-content\/uploads\/2021\/02\/c7c08013-d31f-4eef-80b6-d01b9aab79bc-80x60.jpg 80w, https:\/\/diariotribuna.com.br\/wp-content\/uploads\/2021\/02\/c7c08013-d31f-4eef-80b6-d01b9aab79bc-265x198.jpg 265w, https:\/\/diariotribuna.com.br\/wp-content\/uploads\/2021\/02\/c7c08013-d31f-4eef-80b6-d01b9aab79bc-560x420.jpg 560w\" sizes=\"(max-width: 600px) 100vw, 600px\" \/><\/figure><\/li><li class=\"blocks-gallery-item\"><figure><img loading=\"lazy\" decoding=\"async\" width=\"600\" height=\"450\" src=\"https:\/\/diariotribuna.com.br\/wp-content\/uploads\/2021\/02\/2da161f1-e684-42f0-b19d-8b53945691ba.jpg\" alt=\"\" data-id=\"7919\" data-full-url=\"https:\/\/diariotribuna.com.br\/wp-content\/uploads\/2021\/02\/2da161f1-e684-42f0-b19d-8b53945691ba.jpg\" data-link=\"https:\/\/diariotribuna.com.br\/?attachment_id=7919\" class=\"wp-image-7919\" srcset=\"https:\/\/diariotribuna.com.br\/wp-content\/uploads\/2021\/02\/2da161f1-e684-42f0-b19d-8b53945691ba.jpg 600w, https:\/\/diariotribuna.com.br\/wp-content\/uploads\/2021\/02\/2da161f1-e684-42f0-b19d-8b53945691ba-300x225.jpg 300w, https:\/\/diariotribuna.com.br\/wp-content\/uploads\/2021\/02\/2da161f1-e684-42f0-b19d-8b53945691ba-80x60.jpg 80w, https:\/\/diariotribuna.com.br\/wp-content\/uploads\/2021\/02\/2da161f1-e684-42f0-b19d-8b53945691ba-265x198.jpg 265w, https:\/\/diariotribuna.com.br\/wp-content\/uploads\/2021\/02\/2da161f1-e684-42f0-b19d-8b53945691ba-560x420.jpg 560w\" sizes=\"(max-width: 600px) 100vw, 600px\" \/><\/figure><\/li><li class=\"blocks-gallery-item\"><figure><img loading=\"lazy\" decoding=\"async\" width=\"600\" height=\"450\" src=\"https:\/\/diariotribuna.com.br\/wp-content\/uploads\/2021\/02\/17172f8c-609b-4967-b612-feebc9e4db7d.jpg\" alt=\"\" data-id=\"7920\" data-full-url=\"https:\/\/diariotribuna.com.br\/wp-content\/uploads\/2021\/02\/17172f8c-609b-4967-b612-feebc9e4db7d.jpg\" data-link=\"https:\/\/diariotribuna.com.br\/?attachment_id=7920\" class=\"wp-image-7920\" srcset=\"https:\/\/diariotribuna.com.br\/wp-content\/uploads\/2021\/02\/17172f8c-609b-4967-b612-feebc9e4db7d.jpg 600w, https:\/\/diariotribuna.com.br\/wp-content\/uploads\/2021\/02\/17172f8c-609b-4967-b612-feebc9e4db7d-300x225.jpg 300w, https:\/\/diariotribuna.com.br\/wp-content\/uploads\/2021\/02\/17172f8c-609b-4967-b612-feebc9e4db7d-80x60.jpg 80w, https:\/\/diariotribuna.com.br\/wp-content\/uploads\/2021\/02\/17172f8c-609b-4967-b612-feebc9e4db7d-265x198.jpg 265w, https:\/\/diariotribuna.com.br\/wp-content\/uploads\/2021\/02\/17172f8c-609b-4967-b612-feebc9e4db7d-560x420.jpg 560w\" sizes=\"(max-width: 600px) 100vw, 600px\" \/><\/figure><\/li><\/ul><\/figure>\n\n\n\n<p>\u201cRealizados os trabalhos de praxe, comprovou-se que, o corpo localizado no referido im\u00f3vel tratava-se da mesma pessoa dada como desaparecida, a qual apresentava sinais de viol\u00eancia. Em conformidade com o m\u00e9dico legista, ele atestou que a causa da morte se deu em raz\u00e3o de traumatismo cr\u00e2nio encef\u00e1lico (TCE)\u201d, diz a nota.<\/p>\n\n\n\n<p>Foi instaurado inqu\u00e9rito policial pela delegada, dra. H\u00e9rika Ribeiro Sena, que dar\u00e1 prosseguimento nas investiga\u00e7\u00f5es juntamente com a equipe policial (investigadores, escriv\u00e3 e perito criminal), visando apurar autoria e motiva\u00e7\u00e3o do crime. (Informa\u00e7\u00f5es: Assessoria de comunica\u00e7\u00e3o da PCMG\/ Te\u00f3filo Otoni).<\/p>\n","protected":false},"excerpt":{"rendered":"<p>A Pol\u00edcia Civil de Minas Gerais, atrav\u00e9s da Delegacia de Homic\u00eddios de Te\u00f3filo Otoni, divulgou nota na tarde desta quinta-feira (18\/02\/2021), informando que uma equipe coordenada pela delegada da pasta, dra. H\u00e9rika Ribeiro Sena, fez dilig\u00eancias nesta data, at\u00e9 o bairro Funcion\u00e1rios, em Te\u00f3filo Otoni, ap\u00f3s tomar conhecimento de que havia um cad\u00e1ver ocultado nos [&hellip;]<\/p>\n","protected":false},"author":1,"featured_media":7917,"comment_status":"open","ping_status":"open","sticky":false,"template":"","format":"standard","meta":{"rop_custom_images_group":[],"rop_custom_messages_group":[],"rop_publish_now":"initial","rop_publish_now_accounts":[],"rop_publish_now_history":[],"rop_publish_now_status":"pending","footnotes":""},"categories":[25,20],"tags":[2622,2627,2626,292,75],"class_list":["post-7916","post","type-post","status-publish","format-standard","has-post-thumbnail","hentry","category-destaque","category-policia","tag-18-02-2021","tag-bairro-funcinarios","tag-mulher-encontrada-morta","tag-policia-civil","tag-teofilo-otoni"],"_links":{"self":[{"href":"https:\/\/diariotribuna.com.br\/index.php?rest_route=\/wp\/v2\/posts\/7916"}],"collection":[{"href":"https:\/\/diariotribuna.com.br\/index.php?rest_route=\/wp\/v2\/posts"}],"about":[{"href":"https:\/\/diariotribuna.com.br\/index.php?rest_route=\/wp\/v2\/types\/post"}],"author":[{"embeddable":true,"href":"https:\/\/diariotribuna.com.br\/index.php?rest_route=\/wp\/v2\/users\/1"}],"replies":[{"embeddable":true,"href":"https:\/\/diariotribuna.com.br\/index.php?rest_route=%2Fwp%2Fv2%2Fcomments&post=7916"}],"version-history":[{"count":4,"href":"https:\/\/diariotribuna.com.br\/index.php?rest_route=\/wp\/v2\/posts\/7916\/revisions"}],"predecessor-version":[{"id":7928,"href":"https:\/\/diariotribuna.com.br\/index.php?rest_route=\/wp\/v2\/posts\/7916\/revisions\/7928"}],"wp:featuredmedia":[{"embeddable":true,"href":"https:\/\/diariotribuna.com.br\/index.php?rest_route=\/wp\/v2\/media\/7917"}],"wp:attachment":[{"href":"https:\/\/diariotribuna.com.br\/index.php?rest_route=%2Fwp%2Fv2%2Fmedia&parent=7916"}],"wp:term":[{"taxonomy":"category","embeddable":true,"href":"https:\/\/diariotribuna.com.br\/index.php?rest_route=%2Fwp%2Fv2%2Fcategories&post=7916"},{"taxonomy":"post_tag","embeddable":true,"href":"https:\/\/diariotribuna.com.br\/index.php?rest_route=%2Fwp%2Fv2%2Ftags&post=7916"}],"curies":[{"name":"wp","href":"https:\/\/api.w.org\/{rel}","templated":true}]}}