{"id":7929,"date":"2021-02-18T22:55:39","date_gmt":"2021-02-19T01:55:39","guid":{"rendered":"https:\/\/diariotribuna.com.br\/?p=7929"},"modified":"2021-02-24T10:28:54","modified_gmt":"2021-02-24T13:28:54","slug":"secretario-adjunto-da-sejusp-mg-faz-visita-tecnica-no-complexo-penitenciario-em-ribeirao-das-neves","status":"publish","type":"post","link":"https:\/\/diariotribuna.com.br\/?p=7929","title":{"rendered":"Secret\u00e1rio-adjunto da SEJUSP\/MG faz visita t\u00e9cnica no Complexo Penitenci\u00e1rio em Ribeir\u00e3o das Neves"},"content":{"rendered":"\n<figure class=\"wp-block-image size-large is-resized\"><img loading=\"lazy\" decoding=\"async\" src=\"https:\/\/diariotribuna.com.br\/wp-content\/uploads\/2021\/02\/d78443f8-2b61-4146-8172-0f3e2f71387b.jpg\" alt=\"\" class=\"wp-image-7930\" width=\"551\" height=\"425\" srcset=\"https:\/\/diariotribuna.com.br\/wp-content\/uploads\/2021\/02\/d78443f8-2b61-4146-8172-0f3e2f71387b.jpg 700w, https:\/\/diariotribuna.com.br\/wp-content\/uploads\/2021\/02\/d78443f8-2b61-4146-8172-0f3e2f71387b-300x231.jpg 300w, https:\/\/diariotribuna.com.br\/wp-content\/uploads\/2021\/02\/d78443f8-2b61-4146-8172-0f3e2f71387b-696x537.jpg 696w, https:\/\/diariotribuna.com.br\/wp-content\/uploads\/2021\/02\/d78443f8-2b61-4146-8172-0f3e2f71387b-544x420.jpg 544w\" sizes=\"(max-width: 551px) 100vw, 551px\" \/><figcaption><strong>secret\u00e1rio-adjunto da Secretaria de Estado de Justi\u00e7a e Seguran\u00e7a<\/strong><br><strong>P\u00fablica de Minas Gerais (SEJUSP\/MG), dr. Jeferson Botelho Pereira<\/strong><br><strong>em visita ao Complexo Penitenci\u00e1rio em Ribeir\u00e3o das Neves<\/strong><\/figcaption><\/figure>\n\n\n\n<p>Na quarta-feira (17\/02), o secret\u00e1rio-adjunto da Secretaria de Estado de Justi\u00e7a e Seguran\u00e7a P\u00fablica de Minas Gerais (SEJUSP), dr. Jeferson Botelho Pereira esteve em uma visita t\u00e9cnica no Complexo Penitenci\u00e1rio P\u00fablico-Privada em Ribeir\u00e3o das Neves, oportunidade em que conheceu toda estrutura do local, as atividades desenvolvidas pelos parceiros e a din\u00e2mica dos trabalhos.<\/p>\n\n\n\n<p>Botelho reitera o firme compromisso com os princ\u00edpios estruturantes e valores da boa administra\u00e7\u00e3o p\u00fablica num modelo gerencial, legalidade, efici\u00eancia e transpar\u00eancia, al\u00e9m de outros, e disse que se sente muito honrado em fazer parte da miss\u00e3o desses profissionais que dignificam a seguran\u00e7a p\u00fablica em Minas Gerais.<\/p>\n\n\n\n<figure class=\"wp-block-image size-large is-resized\"><img loading=\"lazy\" decoding=\"async\" src=\"https:\/\/diariotribuna.com.br\/wp-content\/uploads\/2021\/02\/d38b6aa4-0d16-449a-ab2d-2736b01b0d07.jpg\" alt=\"\" class=\"wp-image-7931\" width=\"516\" height=\"416\" srcset=\"https:\/\/diariotribuna.com.br\/wp-content\/uploads\/2021\/02\/d38b6aa4-0d16-449a-ab2d-2736b01b0d07.jpg 700w, https:\/\/diariotribuna.com.br\/wp-content\/uploads\/2021\/02\/d38b6aa4-0d16-449a-ab2d-2736b01b0d07-300x242.jpg 300w, https:\/\/diariotribuna.com.br\/wp-content\/uploads\/2021\/02\/d38b6aa4-0d16-449a-ab2d-2736b01b0d07-696x562.jpg 696w, https:\/\/diariotribuna.com.br\/wp-content\/uploads\/2021\/02\/d38b6aa4-0d16-449a-ab2d-2736b01b0d07-520x420.jpg 520w\" sizes=\"(max-width: 516px) 100vw, 516px\" \/><figcaption><strong>Com o grupo t\u00e1tico GIR- Grupo de Interven\u00e7\u00e3o R\u00e1pida da<\/strong><br><strong>Pol\u00edcia Penal de Minas Gerais<\/strong><\/figcaption><\/figure>\n\n\n\n<p>\u201cUma visita importante devidamente agendada pela nossa assessoria, para conhecermos a estrutura, o funcionamento, a funcionalidade, as atribui\u00e7\u00f5es dos parceiros p\u00fablico e privado, a necessidade de se fazer cada vez mais uma gest\u00e3o p\u00fablica gerencial, com base no rigoroso controle interno do andamento do contrato firmado entre o Estado de Minas Geras e a empresa administradora concessionaria do servi\u00e7o p\u00fablico\u201d, disse.<\/p>\n\n\n\n<p>Ele ressalta que, \u00e9 com esse esp\u00edrito de gestor baseado em alguns princ\u00edpios que informam a boa administra\u00e7\u00e3o p\u00fablica, ali\u00e1s, princ\u00edpios estruturantes como a legalidade, a efici\u00eancia na presta\u00e7\u00e3o do servi\u00e7o p\u00fablico, a lealdade \u00e0s institui\u00e7\u00f5es, o cuidado com o gasto do dinheiro p\u00fablico. Tudo isso ele frisa que sente a necessidade de dar continuidade \u00e0quilo que ele j\u00e1 trabalhou durante 30 anos na administra\u00e7\u00e3o p\u00fablica.<\/p>\n\n\n\n<p>\u201cFoi uma oportunidade \u00edmpar de conhecermos a din\u00e2mica do empreendimento, uma administra\u00e7\u00e3o muito qualificada e a gente percebe cada vez mais o Estado avan\u00e7ando para melhor prestar servi\u00e7o p\u00fablico\u201d. Destaca que a visita t\u00e9cnica serviu tamb\u00e9m para conhecer a pr\u00f3pria estrutura da Pol\u00edcia Penal. \u201c\u00c9 uma institui\u00e7\u00e3o que foi reconhecida recentemente por for\u00e7a de uma emenda constitucional n\u00ba 104, e evidentemente que ainda necessita de alguns ajustes normativos, principalmente mudan\u00e7as em leis federais e estaduais, na pr\u00f3pria Constitui\u00e7\u00e3o do Estado, mas n\u00f3s estamos aqui trabalhando com afinco para tentar atender as demandas da institui\u00e7\u00e3o, do Estado e da sociedade\u201d.<\/p>\n","protected":false},"excerpt":{"rendered":"<p>Na quarta-feira (17\/02), o secret\u00e1rio-adjunto da Secretaria de Estado de Justi\u00e7a e Seguran\u00e7a P\u00fablica de Minas Gerais (SEJUSP), dr. Jeferson Botelho Pereira esteve em uma visita t\u00e9cnica no Complexo Penitenci\u00e1rio P\u00fablico-Privada em Ribeir\u00e3o das Neves, oportunidade em que conheceu toda estrutura do local, as atividades desenvolvidas pelos parceiros e a din\u00e2mica dos trabalhos. Botelho reitera [&hellip;]<\/p>\n","protected":false},"author":1,"featured_media":7930,"comment_status":"open","ping_status":"open","sticky":false,"template":"","format":"standard","meta":{"rop_custom_images_group":[],"rop_custom_messages_group":[],"rop_publish_now":"initial","rop_publish_now_accounts":[],"rop_publish_now_history":[],"rop_publish_now_status":"pending","footnotes":""},"categories":[19],"tags":[2630,1749,993,2628,2629],"class_list":["post-7929","post","type-post","status-publish","format-standard","has-post-thumbnail","hentry","category-gerais","tag-complexo-penitenciario","tag-jeferson-botelho-pereira","tag-ribeirao-das-neves","tag-sejusp-mg","tag-visita-tecnica"],"_links":{"self":[{"href":"https:\/\/diariotribuna.com.br\/index.php?rest_route=\/wp\/v2\/posts\/7929"}],"collection":[{"href":"https:\/\/diariotribuna.com.br\/index.php?rest_route=\/wp\/v2\/posts"}],"about":[{"href":"https:\/\/diariotribuna.com.br\/index.php?rest_route=\/wp\/v2\/types\/post"}],"author":[{"embeddable":true,"href":"https:\/\/diariotribuna.com.br\/index.php?rest_route=\/wp\/v2\/users\/1"}],"replies":[{"embeddable":true,"href":"https:\/\/diariotribuna.com.br\/index.php?rest_route=%2Fwp%2Fv2%2Fcomments&post=7929"}],"version-history":[{"count":5,"href":"https:\/\/diariotribuna.com.br\/index.php?rest_route=\/wp\/v2\/posts\/7929\/revisions"}],"predecessor-version":[{"id":7940,"href":"https:\/\/diariotribuna.com.br\/index.php?rest_route=\/wp\/v2\/posts\/7929\/revisions\/7940"}],"wp:featuredmedia":[{"embeddable":true,"href":"https:\/\/diariotribuna.com.br\/index.php?rest_route=\/wp\/v2\/media\/7930"}],"wp:attachment":[{"href":"https:\/\/diariotribuna.com.br\/index.php?rest_route=%2Fwp%2Fv2%2Fmedia&parent=7929"}],"wp:term":[{"taxonomy":"category","embeddable":true,"href":"https:\/\/diariotribuna.com.br\/index.php?rest_route=%2Fwp%2Fv2%2Fcategories&post=7929"},{"taxonomy":"post_tag","embeddable":true,"href":"https:\/\/diariotribuna.com.br\/index.php?rest_route=%2Fwp%2Fv2%2Ftags&post=7929"}],"curies":[{"name":"wp","href":"https:\/\/api.w.org\/{rel}","templated":true}]}}