{"id":7937,"date":"2021-02-18T23:08:30","date_gmt":"2021-02-19T02:08:30","guid":{"rendered":"https:\/\/diariotribuna.com.br\/?p=7937"},"modified":"2021-02-18T23:08:33","modified_gmt":"2021-02-19T02:08:33","slug":"magistrados-do-gmf-se-reunem-com-o-secretario-estadual-de-justica-e-seguranca-publica","status":"publish","type":"post","link":"https:\/\/diariotribuna.com.br\/?p=7937","title":{"rendered":"Magistrados do GMF se re\u00fanem com o Secret\u00e1rio Estadual de Justi\u00e7a e Seguran\u00e7a P\u00fablica"},"content":{"rendered":"\n<p><strong>Desembargador J\u00falio C\u00e9zar Gutierrez destacou a import\u00e2ncia da parceria entre os poderes Judici\u00e1rio e Executivo<\/strong><\/p>\n\n\n\n<figure class=\"wp-block-image size-large is-resized\"><img loading=\"lazy\" decoding=\"async\" src=\"https:\/\/diariotribuna.com.br\/wp-content\/uploads\/2021\/02\/f8ec3758-934f-4116-ad70-d5e64f7dfbdd.jpg\" alt=\"\" class=\"wp-image-7938\" width=\"506\" height=\"337\" srcset=\"https:\/\/diariotribuna.com.br\/wp-content\/uploads\/2021\/02\/f8ec3758-934f-4116-ad70-d5e64f7dfbdd.jpg 700w, https:\/\/diariotribuna.com.br\/wp-content\/uploads\/2021\/02\/f8ec3758-934f-4116-ad70-d5e64f7dfbdd-300x200.jpg 300w, https:\/\/diariotribuna.com.br\/wp-content\/uploads\/2021\/02\/f8ec3758-934f-4116-ad70-d5e64f7dfbdd-696x463.jpg 696w, https:\/\/diariotribuna.com.br\/wp-content\/uploads\/2021\/02\/f8ec3758-934f-4116-ad70-d5e64f7dfbdd-631x420.jpg 631w\" sizes=\"(max-width: 506px) 100vw, 506px\" \/><figcaption><strong>GMF recebe o novo secret\u00e1rio estadual de Justi\u00e7a e<\/strong><br><strong>Seguran\u00e7a<\/strong> <strong>P\u00fablica, Rog\u00e9rio Greco<\/strong><\/figcaption><\/figure>\n\n\n\n<p>Magistrados que integram o Grupo de Monitoramento e Fiscaliza\u00e7\u00e3o do Sistema Carcer\u00e1rio (GMF) do Tribunal de Justi\u00e7a de Minas Gerais (TJMG) se reuniram nesta quinta-feira (11\/2) com o novo Secret\u00e1rio de Estado de Justi\u00e7a e Seguran\u00e7a P\u00fablica (SEJUSP), Rog\u00e9rio Grego.<\/p>\n\n\n\n<p>O convite para a reuni\u00e3o partiu do supervisor do GMF, desembargador J\u00falio C\u00e9zar Gutierrez, que destacou a import\u00e2ncia da parceria entre os poderes Judici\u00e1rio e Executivo. &#8220;O objetivo da reuni\u00e3o foi apresentar o GMF ao novo secret\u00e1rio, colocando \u00e0 sua disposi\u00e7\u00e3o toda a experi\u00eancia dos ju\u00edzes das Varas de Execu\u00e7\u00f5es Penais do Estado de Minas Gerais. Existem muitas a\u00e7\u00f5es desenvolvidas em conjunto entre GMF e SEJUSP que n\u00e3o podem sofrer interrup\u00e7\u00f5es&#8221;, ressaltou o desembargador J\u00falio C\u00e9zar Gutierrez.<\/p>\n\n\n\n<p>Segundo o supervisor do GMF, &#8220;a parceria do Judici\u00e1rio com o Executivo deve sempre estar no mais alto n\u00edvel de qualidade, para poder ser revertida em favor da comunidade&#8221;. Participaram tamb\u00e9m da reuni\u00e3o, a coordenadora geral do Programa Novos Rumos, desembargadora M\u00e1rcia Milanez e o coordenador do GMF, juiz Evaldo Gavazza.<\/p>\n\n\n\n<p>(Assessoria de Comunica\u00e7\u00e3o Institucional \u2013 Ascom &#8211; Tribunal de Justi\u00e7a de Minas Gerais \u2013 TJMG)<\/p>\n","protected":false},"excerpt":{"rendered":"<p>Desembargador J\u00falio C\u00e9zar Gutierrez destacou a import\u00e2ncia da parceria entre os poderes Judici\u00e1rio e Executivo Magistrados que integram o Grupo de Monitoramento e Fiscaliza\u00e7\u00e3o do Sistema Carcer\u00e1rio (GMF) do Tribunal de Justi\u00e7a de Minas Gerais (TJMG) se reuniram nesta quinta-feira (11\/2) com o novo Secret\u00e1rio de Estado de Justi\u00e7a e Seguran\u00e7a P\u00fablica (SEJUSP), Rog\u00e9rio Grego. [&hellip;]<\/p>\n","protected":false},"author":1,"featured_media":7938,"comment_status":"open","ping_status":"open","sticky":false,"template":"","format":"standard","meta":{"rop_custom_images_group":[],"rop_custom_messages_group":[],"rop_publish_now":"initial","rop_publish_now_accounts":[],"rop_publish_now_history":[],"rop_publish_now_status":"pending","footnotes":""},"categories":[31],"tags":[2631,279,2632,53],"class_list":["post-7937","post","type-post","status-publish","format-standard","has-post-thumbnail","hentry","category-juridico","tag-magistrados-do-gmf","tag-reuniao","tag-secretario-da-sejusp-mg","tag-tjmg"],"_links":{"self":[{"href":"https:\/\/diariotribuna.com.br\/index.php?rest_route=\/wp\/v2\/posts\/7937"}],"collection":[{"href":"https:\/\/diariotribuna.com.br\/index.php?rest_route=\/wp\/v2\/posts"}],"about":[{"href":"https:\/\/diariotribuna.com.br\/index.php?rest_route=\/wp\/v2\/types\/post"}],"author":[{"embeddable":true,"href":"https:\/\/diariotribuna.com.br\/index.php?rest_route=\/wp\/v2\/users\/1"}],"replies":[{"embeddable":true,"href":"https:\/\/diariotribuna.com.br\/index.php?rest_route=%2Fwp%2Fv2%2Fcomments&post=7937"}],"version-history":[{"count":1,"href":"https:\/\/diariotribuna.com.br\/index.php?rest_route=\/wp\/v2\/posts\/7937\/revisions"}],"predecessor-version":[{"id":7939,"href":"https:\/\/diariotribuna.com.br\/index.php?rest_route=\/wp\/v2\/posts\/7937\/revisions\/7939"}],"wp:featuredmedia":[{"embeddable":true,"href":"https:\/\/diariotribuna.com.br\/index.php?rest_route=\/wp\/v2\/media\/7938"}],"wp:attachment":[{"href":"https:\/\/diariotribuna.com.br\/index.php?rest_route=%2Fwp%2Fv2%2Fmedia&parent=7937"}],"wp:term":[{"taxonomy":"category","embeddable":true,"href":"https:\/\/diariotribuna.com.br\/index.php?rest_route=%2Fwp%2Fv2%2Fcategories&post=7937"},{"taxonomy":"post_tag","embeddable":true,"href":"https:\/\/diariotribuna.com.br\/index.php?rest_route=%2Fwp%2Fv2%2Ftags&post=7937"}],"curies":[{"name":"wp","href":"https:\/\/api.w.org\/{rel}","templated":true}]}}