{"id":7945,"date":"2021-02-19T12:26:07","date_gmt":"2021-02-19T15:26:07","guid":{"rendered":"https:\/\/diariotribuna.com.br\/?p=7945"},"modified":"2021-02-19T12:26:09","modified_gmt":"2021-02-19T15:26:09","slug":"nos-o-poder-e-os-politicos","status":"publish","type":"post","link":"https:\/\/diariotribuna.com.br\/?p=7945","title":{"rendered":"N\u00f3s, o poder e os pol\u00edticos&#8230;"},"content":{"rendered":"\n<figure class=\"wp-block-image size-large is-resized\"><img loading=\"lazy\" decoding=\"async\" src=\"https:\/\/diariotribuna.com.br\/wp-content\/uploads\/2021\/02\/f9718fac-dbb2-45bc-ab17-a6cc5a19a494-3.jpg\" alt=\"\" class=\"wp-image-7946\" width=\"367\" height=\"274\" srcset=\"https:\/\/diariotribuna.com.br\/wp-content\/uploads\/2021\/02\/f9718fac-dbb2-45bc-ab17-a6cc5a19a494-3.jpg 700w, https:\/\/diariotribuna.com.br\/wp-content\/uploads\/2021\/02\/f9718fac-dbb2-45bc-ab17-a6cc5a19a494-3-300x224.jpg 300w, https:\/\/diariotribuna.com.br\/wp-content\/uploads\/2021\/02\/f9718fac-dbb2-45bc-ab17-a6cc5a19a494-3-80x60.jpg 80w, https:\/\/diariotribuna.com.br\/wp-content\/uploads\/2021\/02\/f9718fac-dbb2-45bc-ab17-a6cc5a19a494-3-265x198.jpg 265w, https:\/\/diariotribuna.com.br\/wp-content\/uploads\/2021\/02\/f9718fac-dbb2-45bc-ab17-a6cc5a19a494-3-696x520.jpg 696w, https:\/\/diariotribuna.com.br\/wp-content\/uploads\/2021\/02\/f9718fac-dbb2-45bc-ab17-a6cc5a19a494-3-562x420.jpg 562w\" sizes=\"(max-width: 367px) 100vw, 367px\" \/><figcaption><strong>An\u00edbal Gon\u00e7alves &#8211; Pedagogo<\/strong><\/figcaption><\/figure>\n\n\n\n<p>Certa feita, li um texto de Frei Betto, intitulado \u201cElei\u00e7\u00e3o: Por que falta emo\u00e7\u00e3o?\u201d, em que ele fez refer\u00eancia ao fato de que, nas elei\u00e7\u00f5es municipais, falta emo\u00e7\u00e3o aos candidatos, pois \u201ca emo\u00e7\u00e3o \u00e9 filha da utopia, do sonho que alenta, da paix\u00e3o que encoraja, do desejo que se projeta\u201d, falta, portanto, projeto.<\/p>\n\n\n\n<p>Ora, essa percep\u00e7\u00e3o do frade tem a ver com uma quest\u00e3o muito mais profunda e central, que \u00e9 a crise do sistema representativo moderno. Nas elei\u00e7\u00f5es, o que de fato constatamos \u00e9 que a sociedade trata o candidato como um produto e o candidato, os partidos v\u00eaem o eleitor como um consumidor.<\/p>\n\n\n\n<p>Sabendo que este \u00e9 um debate profundo e que n\u00e3o \u00e9 poss\u00edvel faz\u00ea-lo no curto espa\u00e7o deste texto, restrinjo-me aqui a dizer que \u00e9 urgente e inadi\u00e1vel enfrent\u00e1-lo, e que muitos pol\u00edticos profissionais, partidos e intelectuais n\u00e3o o fazem porque ele implica assumir que vivemos uma conjuntura, a partir das \u00faltimas duas d\u00e9cadas, em que cada vez mais se aprofundam o esvaziamento e a descredibilidade da pol\u00edtica e do espa\u00e7o do pol\u00edtico.<\/p>\n\n\n\n<p>Este processo se expressa no desencanto com a pol\u00edtica institucional; no questionamento da forma-partido, com a afirma\u00e7\u00e3o de que ela n\u00e3o \u00e9 mais uma media\u00e7\u00e3o importante e eficiente de participa\u00e7\u00e3o pol\u00edtica; crescimento da \u201cpersonaliza\u00e7\u00e3o\u201d da pol\u00edtica partid\u00e1ria; afirma\u00e7\u00e3o de direitos (formais) e n\u00e3o de ideologias e projetos, dentre outros aspectos. No fundo, estamos diante da irrelev\u00e2ncia do pol\u00edtico na sociedade.<\/p>\n\n\n\n<p>\u00c9 claro que estamos falando da concep\u00e7\u00e3o (neo) liberal do sistema representativo, predominante em nossa sociedade, que n\u00e3o se constituiu no resultado hist\u00f3rico de um aperfei\u00e7oamento das institui\u00e7\u00f5es pol\u00edticas e da democracia. O sentido de povo e soberania, t\u00e3o centrais para este sistema, sofreu uma transfigura\u00e7\u00e3o. Povo passou a ser entendido como uma soma de indiv\u00edduos, entidade abstrata, sempre considerado atomisticamente, portanto sem poder, identidade, cultura, etc.<\/p>\n\n\n\n<p>A ideia de soberania, enquanto vontade e poder do povo, foi esvaziada e relativizada. O poder n\u00e3o \u00e9 mais o n\u00facleo pol\u00edtico do social, \u00e9 apenas uma inst\u00e2ncia que exerce uma fun\u00e7\u00e3o determinada, tornou-se uma formaliza\u00e7\u00e3o, algo abstrato que despersonalizou o poder, esconde quem realmente o tem e o exerce; portanto, tornou invis\u00edvel a inst\u00e2ncia e o lugar da soberania: o povo, a sociedade civil.<\/p>\n\n\n\n<p><strong>An\u00edbal Gon\u00e7alves<\/strong> \u00e9 pedagogo, graduado em Administra\u00e7\u00e3o Escolar, ex-diretor da Escola Estadual de Coroaci &#8211; MG [hoje Dona Sinhaninha Gon\u00e7alves] e professor de Filosofia, Sociologia e Hist\u00f3ria da Educa\u00e7\u00e3o. Foi chefe do Departamento de Educa\u00e7\u00e3o Cooperativista da CLTO. Atualmente, jornalista e radialista da 98 FM (Te\u00f3filo Otoni).<\/p>\n","protected":false},"excerpt":{"rendered":"<p>Certa feita, li um texto de Frei Betto, intitulado \u201cElei\u00e7\u00e3o: Por que falta emo\u00e7\u00e3o?\u201d, em que ele fez refer\u00eancia ao fato de que, nas elei\u00e7\u00f5es municipais, falta emo\u00e7\u00e3o aos candidatos, pois \u201ca emo\u00e7\u00e3o \u00e9 filha da utopia, do sonho que alenta, da paix\u00e3o que encoraja, do desejo que se projeta\u201d, falta, portanto, projeto. Ora, essa [&hellip;]<\/p>\n","protected":false},"author":1,"featured_media":7946,"comment_status":"open","ping_status":"open","sticky":false,"template":"","format":"standard","meta":{"rop_custom_images_group":[],"rop_custom_messages_group":[],"rop_publish_now":"initial","rop_publish_now_accounts":[],"rop_publish_now_history":[],"rop_publish_now_status":"pending","footnotes":""},"categories":[24],"tags":[2633,346,42,2634,693,75],"class_list":["post-7945","post","type-post","status-publish","format-standard","has-post-thumbnail","hentry","category-opiniao","tag-19-02-2021","tag-anibal-goncalves","tag-diario-tribuna","tag-nos-o-poder-e-os-politicos","tag-pedagogo","tag-teofilo-otoni"],"_links":{"self":[{"href":"https:\/\/diariotribuna.com.br\/index.php?rest_route=\/wp\/v2\/posts\/7945"}],"collection":[{"href":"https:\/\/diariotribuna.com.br\/index.php?rest_route=\/wp\/v2\/posts"}],"about":[{"href":"https:\/\/diariotribuna.com.br\/index.php?rest_route=\/wp\/v2\/types\/post"}],"author":[{"embeddable":true,"href":"https:\/\/diariotribuna.com.br\/index.php?rest_route=\/wp\/v2\/users\/1"}],"replies":[{"embeddable":true,"href":"https:\/\/diariotribuna.com.br\/index.php?rest_route=%2Fwp%2Fv2%2Fcomments&post=7945"}],"version-history":[{"count":1,"href":"https:\/\/diariotribuna.com.br\/index.php?rest_route=\/wp\/v2\/posts\/7945\/revisions"}],"predecessor-version":[{"id":7947,"href":"https:\/\/diariotribuna.com.br\/index.php?rest_route=\/wp\/v2\/posts\/7945\/revisions\/7947"}],"wp:featuredmedia":[{"embeddable":true,"href":"https:\/\/diariotribuna.com.br\/index.php?rest_route=\/wp\/v2\/media\/7946"}],"wp:attachment":[{"href":"https:\/\/diariotribuna.com.br\/index.php?rest_route=%2Fwp%2Fv2%2Fmedia&parent=7945"}],"wp:term":[{"taxonomy":"category","embeddable":true,"href":"https:\/\/diariotribuna.com.br\/index.php?rest_route=%2Fwp%2Fv2%2Fcategories&post=7945"},{"taxonomy":"post_tag","embeddable":true,"href":"https:\/\/diariotribuna.com.br\/index.php?rest_route=%2Fwp%2Fv2%2Ftags&post=7945"}],"curies":[{"name":"wp","href":"https:\/\/api.w.org\/{rel}","templated":true}]}}