{"id":7954,"date":"2021-02-20T00:47:17","date_gmt":"2021-02-20T03:47:17","guid":{"rendered":"https:\/\/diariotribuna.com.br\/?p=7954"},"modified":"2021-02-20T00:47:19","modified_gmt":"2021-02-20T03:47:19","slug":"policia-militar-apreende-menor-de-15-anos-com-droga-em-jequitinhonha","status":"publish","type":"post","link":"https:\/\/diariotribuna.com.br\/?p=7954","title":{"rendered":"Pol\u00edcia Militar apreende menor de 15 anos com droga em Jequitinhonha"},"content":{"rendered":"\n<figure class=\"wp-block-image size-large is-resized\"><img loading=\"lazy\" decoding=\"async\" src=\"https:\/\/diariotribuna.com.br\/wp-content\/uploads\/2021\/02\/8cb00761-b89a-48f2-a59c-646b4ae8c74d.jpg\" alt=\"\" class=\"wp-image-7955\" width=\"507\" height=\"339\" srcset=\"https:\/\/diariotribuna.com.br\/wp-content\/uploads\/2021\/02\/8cb00761-b89a-48f2-a59c-646b4ae8c74d.jpg 700w, https:\/\/diariotribuna.com.br\/wp-content\/uploads\/2021\/02\/8cb00761-b89a-48f2-a59c-646b4ae8c74d-300x201.jpg 300w, https:\/\/diariotribuna.com.br\/wp-content\/uploads\/2021\/02\/8cb00761-b89a-48f2-a59c-646b4ae8c74d-696x466.jpg 696w, https:\/\/diariotribuna.com.br\/wp-content\/uploads\/2021\/02\/8cb00761-b89a-48f2-a59c-646b4ae8c74d-627x420.jpg 627w\" sizes=\"(max-width: 507px) 100vw, 507px\" \/><\/figure>\n\n\n\n<p>A Pol\u00edcia Militar fazia incurs\u00f5es na cidade de Jequitinhonha, e na madrugada de domingo (14\/02), recebeu uma den\u00fancia an\u00f4nima informando que um menor de 15 anos estaria comercializando drogas na sua resid\u00eancia e tamb\u00e9m em via p\u00fablica. Os militares averiguaram a den\u00fancia e foram ao local no Bairro Santa Luzia onde perceberam grande movimenta\u00e7\u00e3o de autom\u00f3veis e motocicletas, fazendo a transa\u00e7\u00e3o.<\/p>\n\n\n\n<p>O menor foi abordado e submetido a busca pessoal, sendo localizado na sua bolsa a tiracolo 03 pinos com coca\u00edna, 05 buchas de maconha, 05 pedras de crack e R$ 25,00. Ele foi apreendido pelo ato infracional an\u00e1 logo ao crime de tr\u00e1fico de drogas e conduzido \u00e0 delegacia de Pol\u00edcia Civil em Almenara junto com os materiais apreendidos. <strong>Equipe PM:<\/strong> sargento Lemos e cabo Leandro.<\/p>\n","protected":false},"excerpt":{"rendered":"<p>A Pol\u00edcia Militar fazia incurs\u00f5es na cidade de Jequitinhonha, e na madrugada de domingo (14\/02), recebeu uma den\u00fancia an\u00f4nima informando que um menor de 15 anos estaria comercializando drogas na sua resid\u00eancia e tamb\u00e9m em via p\u00fablica. Os militares averiguaram a den\u00fancia e foram ao local no Bairro Santa Luzia onde perceberam grande movimenta\u00e7\u00e3o de [&hellip;]<\/p>\n","protected":false},"author":1,"featured_media":7955,"comment_status":"open","ping_status":"open","sticky":false,"template":"","format":"standard","meta":{"rop_custom_images_group":[],"rop_custom_messages_group":[],"rop_publish_now":"initial","rop_publish_now_accounts":[],"rop_publish_now_history":[],"rop_publish_now_status":"pending","footnotes":""},"categories":[20],"tags":[297,188,76,739],"class_list":["post-7954","post","type-post","status-publish","format-standard","has-post-thumbnail","hentry","category-policia","tag-jequitinhonha","tag-menor","tag-policia-militar","tag-trafico-de-drogas"],"_links":{"self":[{"href":"https:\/\/diariotribuna.com.br\/index.php?rest_route=\/wp\/v2\/posts\/7954"}],"collection":[{"href":"https:\/\/diariotribuna.com.br\/index.php?rest_route=\/wp\/v2\/posts"}],"about":[{"href":"https:\/\/diariotribuna.com.br\/index.php?rest_route=\/wp\/v2\/types\/post"}],"author":[{"embeddable":true,"href":"https:\/\/diariotribuna.com.br\/index.php?rest_route=\/wp\/v2\/users\/1"}],"replies":[{"embeddable":true,"href":"https:\/\/diariotribuna.com.br\/index.php?rest_route=%2Fwp%2Fv2%2Fcomments&post=7954"}],"version-history":[{"count":1,"href":"https:\/\/diariotribuna.com.br\/index.php?rest_route=\/wp\/v2\/posts\/7954\/revisions"}],"predecessor-version":[{"id":7956,"href":"https:\/\/diariotribuna.com.br\/index.php?rest_route=\/wp\/v2\/posts\/7954\/revisions\/7956"}],"wp:featuredmedia":[{"embeddable":true,"href":"https:\/\/diariotribuna.com.br\/index.php?rest_route=\/wp\/v2\/media\/7955"}],"wp:attachment":[{"href":"https:\/\/diariotribuna.com.br\/index.php?rest_route=%2Fwp%2Fv2%2Fmedia&parent=7954"}],"wp:term":[{"taxonomy":"category","embeddable":true,"href":"https:\/\/diariotribuna.com.br\/index.php?rest_route=%2Fwp%2Fv2%2Fcategories&post=7954"},{"taxonomy":"post_tag","embeddable":true,"href":"https:\/\/diariotribuna.com.br\/index.php?rest_route=%2Fwp%2Fv2%2Ftags&post=7954"}],"curies":[{"name":"wp","href":"https:\/\/api.w.org\/{rel}","templated":true}]}}