{"id":7957,"date":"2021-02-20T01:04:57","date_gmt":"2021-02-20T04:04:57","guid":{"rendered":"https:\/\/diariotribuna.com.br\/?p=7957"},"modified":"2021-02-20T01:08:19","modified_gmt":"2021-02-20T04:08:19","slug":"papa-francisco-envia-mensagem-ao-brasil-para-a-campanha-da-fraternidade-ecumenica-2021","status":"publish","type":"post","link":"https:\/\/diariotribuna.com.br\/?p=7957","title":{"rendered":"Papa Francisco envia mensagem ao Brasil para a Campanha da Fraternidade Ecum\u00eanica 2021"},"content":{"rendered":"\n<figure class=\"wp-block-image size-large is-resized\"><img loading=\"lazy\" decoding=\"async\" src=\"https:\/\/diariotribuna.com.br\/wp-content\/uploads\/2021\/02\/Papa-Francisco-envia-mensagem-aos-brasileiros.jpeg\" alt=\"\" class=\"wp-image-7958\" width=\"510\" height=\"304\" srcset=\"https:\/\/diariotribuna.com.br\/wp-content\/uploads\/2021\/02\/Papa-Francisco-envia-mensagem-aos-brasileiros.jpeg 700w, https:\/\/diariotribuna.com.br\/wp-content\/uploads\/2021\/02\/Papa-Francisco-envia-mensagem-aos-brasileiros-300x179.jpeg 300w, https:\/\/diariotribuna.com.br\/wp-content\/uploads\/2021\/02\/Papa-Francisco-envia-mensagem-aos-brasileiros-696x416.jpeg 696w\" sizes=\"(max-width: 510px) 100vw, 510px\" \/><\/figure>\n\n\n\n<p>O Papa Francisco enviou uma mensagem aos brasileiros por ocasi\u00e3o do in\u00edcio da Quaresma e da abertura da Campanha da Fraternidade (CFE) 2021. Este ano, o tema proposto \u00e9 \u201cFraternidade e di\u00e1logo: Compromisso de Amor\u201d e o lema \u201cCristo \u00e9 a nossa Paz: do que era dividido fez uma unidade\u201d (Ef 2,14a). A mensagem do Papa aos brasileiros foi apresentada na solenidade de abertura virtual da CFE, lida na voz do jornalista do VaticanNews, Silvonei Protz.<\/p>\n\n\n\n<p>No texto, o Santo Padre afirma que a Quaresma convida a todos para um tempo de intensa reflex\u00e3o e revis\u00e3o de vida. \u201cO Senhor Jesus, que nos convida a caminhar com Ele pelo deserto rumo \u00e0 vit\u00f3ria pascal sobre o pecado e a morte, faz-se peregrino conosco tamb\u00e9m nestes tempos de pandemia\u201d, diz a mensagem.<\/p>\n\n\n\n<p>O Papa lembra que \u00e9 tradi\u00e7\u00e3o h\u00e1 v\u00e1rias d\u00e9cadas a promo\u00e7\u00e3o da Campanha da Fraternidade pela Igreja no Brasil. Ele define a campanha como \u201cum aux\u00edlio concreto para a viv\u00eancia deste tempo de prepara\u00e7\u00e3o para a P\u00e1scoa\u201d. No documento, o Papa afirma que, neste ano de 2021, com o tema \u201cFraternidade e Di\u00e1logo: compromisso de amor\u201d, os fi\u00e9is s\u00e3o convidados a -sentar-se a escutar o outro- e, assim, superar os obst\u00e1culos de um mundo que \u00e9 muitas vezes &#8211; um mundo surdo-. <strong>Confira abaixo a \u00edntegra da mensagem.<\/strong><\/p>\n\n\n\n<p>Queridos irm\u00e3os e irm\u00e3s do Brasil! Com o in\u00edcio da Quaresma, somos convidados a um tempo de intensa reflex\u00e3o e revis\u00e3o de nossas vidas. O Senhor Jesus, que nos convida a caminhar com Ele pelo deserto rumo \u00e0 vit\u00f3ria pascal sobre o pecado e a morte, faz-se peregrino conosco tamb\u00e9m nestes tempos de pandemia. Ele nos convoca e convida a orar pelos que morreram, a bendizer pelo servi\u00e7o abnegado de tantos profissionais da sa\u00fade e a estimular a solidariedade entre as pessoas de boa vontade.<\/p>\n\n\n\n<p>Convoca-nos a cuidarmos de n\u00f3s mesmos, de nossa sa\u00fade, e a nos preocuparmos uns pelos outros, como nos ensina na par\u00e1bola do Bom Samaritano (cf. Lc 10, 25- 37). Precisamos vencer a pandemia e n\u00f3s o faremos \u00e0 medida em que formos capazes de superar as divis\u00f5es e nos unirmos em torno da vida. Como indiquei na recente Enc\u00edclica Fratelli tutti, &#8211; passada a crise sanit\u00e1ria, a pior rea\u00e7\u00e3o seria cair ainda mais num consumismo febril e em novas formas de autoprote\u00e7\u00e3o ego\u00edsta- (n. 35). Para que isso n\u00e3o ocorra, a Quaresma nos \u00e9 de grande aux\u00edlio, pois nos chama \u00e0 convers\u00e3o atrav\u00e9s da ora\u00e7\u00e3o, do jejum e da esmola.<\/p>\n\n\n\n<p>Como \u00e9 tradi\u00e7\u00e3o h\u00e1 v\u00e1rias d\u00e9cadas, a Igreja no Brasil promove a Campanha da Fraternidade, como um aux\u00edlio concreto para a viv\u00eancia deste tempo de prepara\u00e7\u00e3o para a P\u00e1scoa. Neste ano de 2021, com o tema \u201cFraternidade e Di\u00e1logo: compromisso de amor\u201d, os fi\u00e9is s\u00e3o convidados a &#8211; sentar-se a escutar o outro- e, assim, superar os obst\u00e1culos de um mundo que \u00e9 muitas vezes &#8211; um mundo surdo -. De fato, quando nos dispomos ao di\u00e1logo, estabelecemos &#8211; um paradigma de atitude receptiva, de quem supera o narcisismo e acolhe o outro &#8211; (Ibidem, n. 48). E, na base desta renovada cultura do di\u00e1logo est\u00e1 Jesus que, como ensina o lema da Campanha deste ano, -\u00e9 a nossa paz: do que era dividido fez uma unidade- (Ef 2,14).<\/p>\n\n\n\n<p>Por outro lado, ao promover o di\u00e1logo como compromisso de amor, a Campanha da Fraternidade lembra que s\u00e3o os crist\u00e3os os primeiros a terem que dar exemplo, come\u00e7ando pela pr\u00e1tica do di\u00e1logo ecum\u00eanico. Certos de que devemos sempre lembrar-nos de que somos peregrinos, e peregrinamos juntos, no di\u00e1logo ecum\u00eanico podemos verdadeiramente abrir o cora\u00e7\u00e3o ao companheiro de estrada sem medos nem desconfian\u00e7as, e olhar primariamente para o que procuramos: a paz no rosto do \u00fanico Deus (Exort. Apost. Evangelii gaudium, n. 244). \u00c9, pois, motivo de esperan\u00e7a, o fato de que este ano, pela quinta vez, a CF seja realizada com as Igrejas que fazem parte do Conselho Nacional das Igrejas Crist\u00e3s do Brasil (CONIC).<\/p>\n\n\n\n<p>Desse modo, os crist\u00e3os brasileiros, na fidelidade ao \u00fanico Senhor Jesus que nos deixou o mandamento de nos amarmos uns aos outros como Ele nos amou (cf. Jo 13,34) e partindo -do reconhecimento do valor de cada pessoa humana como criatura chamada a ser filho ou filha de Deus, oferecem uma preciosa contribui\u00e7\u00e3o para a constru\u00e7\u00e3o da fraternidade e a defesa da justi\u00e7a na sociedade- (Carta Enc. Fratelli tutti, n. 271). A fecundidade do nosso testemunho depender\u00e1 tamb\u00e9m de nossa capacidade de dialogar, encontrar pontos de uni\u00e3o e os traduzir em a\u00e7\u00f5es em favor da vida, de modo especial, a vida dos mais vulner\u00e1veis. Desejando a gra\u00e7a de uma frutuosa Campanha da Fraternidade Ecum\u00eanica, envio a todos e cada um a B\u00ean\u00e7\u00e3o Apost\u00f3lica, pedindo que nunca deixem de rezar por mim. <strong>Roma, S\u00e3o Jo\u00e3o de Latr\u00e3o, 17 de fevereiro de 2021. Francisco.<\/strong><\/p>\n\n\n\n<figure class=\"wp-block-image size-large is-resized\"><img loading=\"lazy\" decoding=\"async\" src=\"https:\/\/diariotribuna.com.br\/wp-content\/uploads\/2021\/02\/unnamed-file-8.jpg\" alt=\"\" class=\"wp-image-7959\" width=\"512\" height=\"303\" srcset=\"https:\/\/diariotribuna.com.br\/wp-content\/uploads\/2021\/02\/unnamed-file-8.jpg 700w, https:\/\/diariotribuna.com.br\/wp-content\/uploads\/2021\/02\/unnamed-file-8-300x178.jpg 300w, https:\/\/diariotribuna.com.br\/wp-content\/uploads\/2021\/02\/unnamed-file-8-696x413.jpg 696w\" sizes=\"(max-width: 512px) 100vw, 512px\" \/><\/figure>\n\n\n\n<p><strong>(CNBB)<\/strong><\/p>\n","protected":false},"excerpt":{"rendered":"<p>O Papa Francisco enviou uma mensagem aos brasileiros por ocasi\u00e3o do in\u00edcio da Quaresma e da abertura da Campanha da Fraternidade (CFE) 2021. Este ano, o tema proposto \u00e9 \u201cFraternidade e di\u00e1logo: Compromisso de Amor\u201d e o lema \u201cCristo \u00e9 a nossa Paz: do que era dividido fez uma unidade\u201d (Ef 2,14a). A mensagem do [&hellip;]<\/p>\n","protected":false},"author":1,"featured_media":7958,"comment_status":"open","ping_status":"open","sticky":false,"template":"","format":"standard","meta":{"rop_custom_images_group":[],"rop_custom_messages_group":[],"rop_publish_now":"initial","rop_publish_now_accounts":[],"rop_publish_now_history":[],"rop_publish_now_status":"pending","footnotes":""},"categories":[19],"tags":[2636,2637,2635,2388],"class_list":["post-7957","post","type-post","status-publish","format-standard","has-post-thumbnail","hentry","category-gerais","tag-campanha-da-fraternidade-2021","tag-ecumenica","tag-mensagem-ao-brasil","tag-papa-francisco"],"_links":{"self":[{"href":"https:\/\/diariotribuna.com.br\/index.php?rest_route=\/wp\/v2\/posts\/7957"}],"collection":[{"href":"https:\/\/diariotribuna.com.br\/index.php?rest_route=\/wp\/v2\/posts"}],"about":[{"href":"https:\/\/diariotribuna.com.br\/index.php?rest_route=\/wp\/v2\/types\/post"}],"author":[{"embeddable":true,"href":"https:\/\/diariotribuna.com.br\/index.php?rest_route=\/wp\/v2\/users\/1"}],"replies":[{"embeddable":true,"href":"https:\/\/diariotribuna.com.br\/index.php?rest_route=%2Fwp%2Fv2%2Fcomments&post=7957"}],"version-history":[{"count":2,"href":"https:\/\/diariotribuna.com.br\/index.php?rest_route=\/wp\/v2\/posts\/7957\/revisions"}],"predecessor-version":[{"id":7961,"href":"https:\/\/diariotribuna.com.br\/index.php?rest_route=\/wp\/v2\/posts\/7957\/revisions\/7961"}],"wp:featuredmedia":[{"embeddable":true,"href":"https:\/\/diariotribuna.com.br\/index.php?rest_route=\/wp\/v2\/media\/7958"}],"wp:attachment":[{"href":"https:\/\/diariotribuna.com.br\/index.php?rest_route=%2Fwp%2Fv2%2Fmedia&parent=7957"}],"wp:term":[{"taxonomy":"category","embeddable":true,"href":"https:\/\/diariotribuna.com.br\/index.php?rest_route=%2Fwp%2Fv2%2Fcategories&post=7957"},{"taxonomy":"post_tag","embeddable":true,"href":"https:\/\/diariotribuna.com.br\/index.php?rest_route=%2Fwp%2Fv2%2Ftags&post=7957"}],"curies":[{"name":"wp","href":"https:\/\/api.w.org\/{rel}","templated":true}]}}