{"id":7962,"date":"2021-02-20T01:18:51","date_gmt":"2021-02-20T04:18:51","guid":{"rendered":"https:\/\/diariotribuna.com.br\/?p=7962"},"modified":"2021-02-20T01:18:53","modified_gmt":"2021-02-20T04:18:53","slug":"policia-militar-apreende-menor-com-drogas-em-malacacheta","status":"publish","type":"post","link":"https:\/\/diariotribuna.com.br\/?p=7962","title":{"rendered":"Pol\u00edcia Militar apreende menor com drogas em Malacacheta"},"content":{"rendered":"\n<figure class=\"wp-block-image size-large is-resized\"><img loading=\"lazy\" decoding=\"async\" src=\"https:\/\/diariotribuna.com.br\/wp-content\/uploads\/2021\/02\/8f2b1f81-4bee-414a-be71-d1a55e4c5f24.jpg\" alt=\"\" class=\"wp-image-7963\" width=\"471\" height=\"348\" srcset=\"https:\/\/diariotribuna.com.br\/wp-content\/uploads\/2021\/02\/8f2b1f81-4bee-414a-be71-d1a55e4c5f24.jpg 700w, https:\/\/diariotribuna.com.br\/wp-content\/uploads\/2021\/02\/8f2b1f81-4bee-414a-be71-d1a55e4c5f24-300x222.jpg 300w, https:\/\/diariotribuna.com.br\/wp-content\/uploads\/2021\/02\/8f2b1f81-4bee-414a-be71-d1a55e4c5f24-80x60.jpg 80w, https:\/\/diariotribuna.com.br\/wp-content\/uploads\/2021\/02\/8f2b1f81-4bee-414a-be71-d1a55e4c5f24-696x515.jpg 696w, https:\/\/diariotribuna.com.br\/wp-content\/uploads\/2021\/02\/8f2b1f81-4bee-414a-be71-d1a55e4c5f24-568x420.jpg 568w\" sizes=\"(max-width: 471px) 100vw, 471px\" \/><\/figure>\n\n\n\n<p>Durante opera\u00e7\u00e3o \u201cBatida Policial\u201d, na ter\u00e7a-feira (16\/02), na cidade de Malacacheta, a Pol\u00edcia Militar abordou um menor, sendo encontrada com ele 01 bucha de subst\u00e2ncia semelhante \u00e0 maconha. Ao realizar buscas na resid\u00eancia dele, os militares localizaram mais por\u00e7\u00f5es da mesma subst\u00e2ncia.<\/p>\n\n\n\n<p>A droga foi apreendida, e junto com o menor encaminhada \u00e0 delegacia de Pol\u00edcia Civil no plant\u00e3o em Te\u00f3filo Otoni. <strong>Materiais apreendidos:<\/strong> 32 buchas mais 04 por\u00e7\u00f5es de maconha. <strong>Equipe:<\/strong> tenente Adeilton, sargento Ismaelson, cabos Adalberto e Xavier. (Informa\u00e7\u00f5es\/Foto: Tenente Adeilton, CMT Pol\u00edcia Militar em Malacacheta).<\/p>\n","protected":false},"excerpt":{"rendered":"<p>Durante opera\u00e7\u00e3o \u201cBatida Policial\u201d, na ter\u00e7a-feira (16\/02), na cidade de Malacacheta, a Pol\u00edcia Militar abordou um menor, sendo encontrada com ele 01 bucha de subst\u00e2ncia semelhante \u00e0 maconha. Ao realizar buscas na resid\u00eancia dele, os militares localizaram mais por\u00e7\u00f5es da mesma subst\u00e2ncia. A droga foi apreendida, e junto com o menor encaminhada \u00e0 delegacia de [&hellip;]<\/p>\n","protected":false},"author":1,"featured_media":7963,"comment_status":"open","ping_status":"open","sticky":false,"template":"","format":"standard","meta":{"rop_custom_images_group":[],"rop_custom_messages_group":[],"rop_publish_now":"initial","rop_publish_now_accounts":[],"rop_publish_now_history":[],"rop_publish_now_status":"pending","footnotes":""},"categories":[20],"tags":[444,188,739],"class_list":["post-7962","post","type-post","status-publish","format-standard","has-post-thumbnail","hentry","category-policia","tag-malacacheta","tag-menor","tag-trafico-de-drogas"],"_links":{"self":[{"href":"https:\/\/diariotribuna.com.br\/index.php?rest_route=\/wp\/v2\/posts\/7962"}],"collection":[{"href":"https:\/\/diariotribuna.com.br\/index.php?rest_route=\/wp\/v2\/posts"}],"about":[{"href":"https:\/\/diariotribuna.com.br\/index.php?rest_route=\/wp\/v2\/types\/post"}],"author":[{"embeddable":true,"href":"https:\/\/diariotribuna.com.br\/index.php?rest_route=\/wp\/v2\/users\/1"}],"replies":[{"embeddable":true,"href":"https:\/\/diariotribuna.com.br\/index.php?rest_route=%2Fwp%2Fv2%2Fcomments&post=7962"}],"version-history":[{"count":1,"href":"https:\/\/diariotribuna.com.br\/index.php?rest_route=\/wp\/v2\/posts\/7962\/revisions"}],"predecessor-version":[{"id":7964,"href":"https:\/\/diariotribuna.com.br\/index.php?rest_route=\/wp\/v2\/posts\/7962\/revisions\/7964"}],"wp:featuredmedia":[{"embeddable":true,"href":"https:\/\/diariotribuna.com.br\/index.php?rest_route=\/wp\/v2\/media\/7963"}],"wp:attachment":[{"href":"https:\/\/diariotribuna.com.br\/index.php?rest_route=%2Fwp%2Fv2%2Fmedia&parent=7962"}],"wp:term":[{"taxonomy":"category","embeddable":true,"href":"https:\/\/diariotribuna.com.br\/index.php?rest_route=%2Fwp%2Fv2%2Fcategories&post=7962"},{"taxonomy":"post_tag","embeddable":true,"href":"https:\/\/diariotribuna.com.br\/index.php?rest_route=%2Fwp%2Fv2%2Ftags&post=7962"}],"curies":[{"name":"wp","href":"https:\/\/api.w.org\/{rel}","templated":true}]}}