{"id":7965,"date":"2021-02-20T01:40:08","date_gmt":"2021-02-20T04:40:08","guid":{"rendered":"https:\/\/diariotribuna.com.br\/?p=7965"},"modified":"2021-02-20T01:43:53","modified_gmt":"2021-02-20T04:43:53","slug":"comandante-da-15a-regiao-de-policia-militar-visita-fracoes-destacadas-do-19-bpm","status":"publish","type":"post","link":"https:\/\/diariotribuna.com.br\/?p=7965","title":{"rendered":"Comandante da 15\u00aa Regi\u00e3o de Pol\u00edcia Militar visita fra\u00e7\u00f5es destacadas do 19\u00b0 BPM"},"content":{"rendered":"\n<figure class=\"wp-block-image size-large is-resized\"><img loading=\"lazy\" decoding=\"async\" src=\"https:\/\/diariotribuna.com.br\/wp-content\/uploads\/2021\/02\/e96f5482-aa25-4047-8836-8ae6116b8d43-1.jpg\" alt=\"\" class=\"wp-image-7970\" width=\"488\" height=\"328\" srcset=\"https:\/\/diariotribuna.com.br\/wp-content\/uploads\/2021\/02\/e96f5482-aa25-4047-8836-8ae6116b8d43-1.jpg 700w, https:\/\/diariotribuna.com.br\/wp-content\/uploads\/2021\/02\/e96f5482-aa25-4047-8836-8ae6116b8d43-1-300x202.jpg 300w, https:\/\/diariotribuna.com.br\/wp-content\/uploads\/2021\/02\/e96f5482-aa25-4047-8836-8ae6116b8d43-1-696x468.jpg 696w, https:\/\/diariotribuna.com.br\/wp-content\/uploads\/2021\/02\/e96f5482-aa25-4047-8836-8ae6116b8d43-1-624x420.jpg 624w\" sizes=\"(max-width: 488px) 100vw, 488px\" \/><\/figure>\n\n\n\n<p>O comandante da 15\u00aa Regi\u00e3o de Pol\u00edcia Militar, coronel C\u00e9lio Alves de Menezes J\u00fanior e o comandante do 19\u00ba Batalh\u00e3o de Pol\u00edcia Militar, tenente-coronel Rafael Duarte Muniz, visitaram algumas fra\u00e7\u00f5es destacadas que fazem parte da 155\u00aa Cia PM.<\/p>\n\n\n\n<p>Foram visitadas as cidades de Pescador, Nova M\u00f3dica e S\u00e3o Jos\u00e9 do Divino, onde foram realizados contatos pessoais nos quart\u00e9is de cada fra\u00e7\u00e3o, com o objetivo de ouvir os militares, conhecer as condi\u00e7\u00f5es de trabalho e suas demandas, agradecendo pelos resultados alcan\u00e7ados e reafirmando seu compromisso e apoio do comando \u00e0 sua tropa.<\/p>\n\n\n\n<p>Na oportunidade, o novo comandante da 155\u00aa Cia PM, capit\u00e3o Jos\u00e9 Hil\u00e1rio do Nascimento, foi apresentado aos militares das respectivas fra\u00e7\u00f5es e autoridades locais, momento em que se inteirou do contexto operacional das cidades que comp\u00f5em sua sub\u00e1rea.<\/p>\n\n\n\n<p>Participaram da receptividade os prefeitos e vereadores locais, ocasi\u00e3o em que foram discutidos temas pertinentes \u00e0 seguran\u00e7a p\u00fablica com vistas \u00e0 otimiza\u00e7\u00e3o dos trabalhos realizados pela institui\u00e7\u00e3o. &#8220;<strong>Pol\u00edcia Militar de Minas Gerais &#8211; Nossa Profiss\u00e3o, Sua Vida!<\/strong>&#8220;<\/p>\n\n\n\n<figure class=\"wp-block-gallery columns-3 is-cropped wp-block-gallery-1 is-layout-flex wp-block-gallery-is-layout-flex\"><ul class=\"blocks-gallery-grid\"><li class=\"blocks-gallery-item\"><figure><img loading=\"lazy\" decoding=\"async\" width=\"700\" height=\"496\" src=\"https:\/\/diariotribuna.com.br\/wp-content\/uploads\/2021\/02\/b3d658a2-a0a0-4ec8-b7f1-df7657474c5e.jpg\" alt=\"\" data-id=\"7967\" data-full-url=\"https:\/\/diariotribuna.com.br\/wp-content\/uploads\/2021\/02\/b3d658a2-a0a0-4ec8-b7f1-df7657474c5e.jpg\" data-link=\"https:\/\/diariotribuna.com.br\/?attachment_id=7967\" class=\"wp-image-7967\" srcset=\"https:\/\/diariotribuna.com.br\/wp-content\/uploads\/2021\/02\/b3d658a2-a0a0-4ec8-b7f1-df7657474c5e.jpg 700w, https:\/\/diariotribuna.com.br\/wp-content\/uploads\/2021\/02\/b3d658a2-a0a0-4ec8-b7f1-df7657474c5e-300x213.jpg 300w, https:\/\/diariotribuna.com.br\/wp-content\/uploads\/2021\/02\/b3d658a2-a0a0-4ec8-b7f1-df7657474c5e-100x70.jpg 100w, https:\/\/diariotribuna.com.br\/wp-content\/uploads\/2021\/02\/b3d658a2-a0a0-4ec8-b7f1-df7657474c5e-696x493.jpg 696w, https:\/\/diariotribuna.com.br\/wp-content\/uploads\/2021\/02\/b3d658a2-a0a0-4ec8-b7f1-df7657474c5e-593x420.jpg 593w\" sizes=\"(max-width: 700px) 100vw, 700px\" \/><\/figure><\/li><li class=\"blocks-gallery-item\"><figure><img loading=\"lazy\" decoding=\"async\" width=\"700\" height=\"467\" src=\"https:\/\/diariotribuna.com.br\/wp-content\/uploads\/2021\/02\/6905ec87-5801-430d-9a26-a014d8c4a51b.jpg\" alt=\"\" data-id=\"7968\" data-full-url=\"https:\/\/diariotribuna.com.br\/wp-content\/uploads\/2021\/02\/6905ec87-5801-430d-9a26-a014d8c4a51b.jpg\" data-link=\"https:\/\/diariotribuna.com.br\/?attachment_id=7968\" class=\"wp-image-7968\" srcset=\"https:\/\/diariotribuna.com.br\/wp-content\/uploads\/2021\/02\/6905ec87-5801-430d-9a26-a014d8c4a51b.jpg 700w, https:\/\/diariotribuna.com.br\/wp-content\/uploads\/2021\/02\/6905ec87-5801-430d-9a26-a014d8c4a51b-300x200.jpg 300w, https:\/\/diariotribuna.com.br\/wp-content\/uploads\/2021\/02\/6905ec87-5801-430d-9a26-a014d8c4a51b-696x464.jpg 696w, https:\/\/diariotribuna.com.br\/wp-content\/uploads\/2021\/02\/6905ec87-5801-430d-9a26-a014d8c4a51b-630x420.jpg 630w\" sizes=\"(max-width: 700px) 100vw, 700px\" \/><\/figure><\/li><li class=\"blocks-gallery-item\"><figure><img loading=\"lazy\" decoding=\"async\" width=\"700\" height=\"445\" src=\"https:\/\/diariotribuna.com.br\/wp-content\/uploads\/2021\/02\/403624ac-7400-44b7-9b95-05bd724764ec.jpg\" alt=\"\" data-id=\"7969\" data-full-url=\"https:\/\/diariotribuna.com.br\/wp-content\/uploads\/2021\/02\/403624ac-7400-44b7-9b95-05bd724764ec.jpg\" data-link=\"https:\/\/diariotribuna.com.br\/?attachment_id=7969\" class=\"wp-image-7969\" srcset=\"https:\/\/diariotribuna.com.br\/wp-content\/uploads\/2021\/02\/403624ac-7400-44b7-9b95-05bd724764ec.jpg 700w, https:\/\/diariotribuna.com.br\/wp-content\/uploads\/2021\/02\/403624ac-7400-44b7-9b95-05bd724764ec-300x191.jpg 300w, https:\/\/diariotribuna.com.br\/wp-content\/uploads\/2021\/02\/403624ac-7400-44b7-9b95-05bd724764ec-696x442.jpg 696w, https:\/\/diariotribuna.com.br\/wp-content\/uploads\/2021\/02\/403624ac-7400-44b7-9b95-05bd724764ec-661x420.jpg 661w\" sizes=\"(max-width: 700px) 100vw, 700px\" \/><\/figure><\/li><\/ul><\/figure>\n\n\n\n<p><strong>(Informa\u00e7\u00f5es\/Fotos: Assessoria de Comunica\u00e7\u00e3o Organizacional\/ 19\u00ba Batalh\u00e3o de Pol\u00edcia Militar)<\/strong><\/p>\n","protected":false},"excerpt":{"rendered":"<p>O comandante da 15\u00aa Regi\u00e3o de Pol\u00edcia Militar, coronel C\u00e9lio Alves de Menezes J\u00fanior e o comandante do 19\u00ba Batalh\u00e3o de Pol\u00edcia Militar, tenente-coronel Rafael Duarte Muniz, visitaram algumas fra\u00e7\u00f5es destacadas que fazem parte da 155\u00aa Cia PM. Foram visitadas as cidades de Pescador, Nova M\u00f3dica e S\u00e3o Jos\u00e9 do Divino, onde foram realizados contatos [&hellip;]<\/p>\n","protected":false},"author":1,"featured_media":7970,"comment_status":"open","ping_status":"open","sticky":false,"template":"","format":"standard","meta":{"rop_custom_images_group":[],"rop_custom_messages_group":[],"rop_publish_now":"initial","rop_publish_now_accounts":[],"rop_publish_now_history":[],"rop_publish_now_status":"pending","footnotes":""},"categories":[18],"tags":[129,74,2639,2638],"class_list":["post-7965","post","type-post","status-publish","format-standard","has-post-thumbnail","hentry","category-regiao","tag-15a-rpm","tag-19o-bpm","tag-fracoes-destacadas","tag-visitas"],"_links":{"self":[{"href":"https:\/\/diariotribuna.com.br\/index.php?rest_route=\/wp\/v2\/posts\/7965"}],"collection":[{"href":"https:\/\/diariotribuna.com.br\/index.php?rest_route=\/wp\/v2\/posts"}],"about":[{"href":"https:\/\/diariotribuna.com.br\/index.php?rest_route=\/wp\/v2\/types\/post"}],"author":[{"embeddable":true,"href":"https:\/\/diariotribuna.com.br\/index.php?rest_route=\/wp\/v2\/users\/1"}],"replies":[{"embeddable":true,"href":"https:\/\/diariotribuna.com.br\/index.php?rest_route=%2Fwp%2Fv2%2Fcomments&post=7965"}],"version-history":[{"count":3,"href":"https:\/\/diariotribuna.com.br\/index.php?rest_route=\/wp\/v2\/posts\/7965\/revisions"}],"predecessor-version":[{"id":7973,"href":"https:\/\/diariotribuna.com.br\/index.php?rest_route=\/wp\/v2\/posts\/7965\/revisions\/7973"}],"wp:featuredmedia":[{"embeddable":true,"href":"https:\/\/diariotribuna.com.br\/index.php?rest_route=\/wp\/v2\/media\/7970"}],"wp:attachment":[{"href":"https:\/\/diariotribuna.com.br\/index.php?rest_route=%2Fwp%2Fv2%2Fmedia&parent=7965"}],"wp:term":[{"taxonomy":"category","embeddable":true,"href":"https:\/\/diariotribuna.com.br\/index.php?rest_route=%2Fwp%2Fv2%2Fcategories&post=7965"},{"taxonomy":"post_tag","embeddable":true,"href":"https:\/\/diariotribuna.com.br\/index.php?rest_route=%2Fwp%2Fv2%2Ftags&post=7965"}],"curies":[{"name":"wp","href":"https:\/\/api.w.org\/{rel}","templated":true}]}}