{"id":7974,"date":"2021-02-20T02:01:06","date_gmt":"2021-02-20T05:01:06","guid":{"rendered":"https:\/\/diariotribuna.com.br\/?p=7974"},"modified":"2021-02-20T02:06:35","modified_gmt":"2021-02-20T05:06:35","slug":"bolsonaro-indica-joaquim-silva-e-luna-para-presidencia-da-petrobras","status":"publish","type":"post","link":"https:\/\/diariotribuna.com.br\/?p=7974","title":{"rendered":"Bolsonaro indica Joaquim Silva e Luna para presid\u00eancia da Petrobras"},"content":{"rendered":"\n<p><strong>Indica\u00e7\u00e3o veio depois de seguidos aumentos no pre\u00e7o dos combust\u00edveis<\/strong><\/p>\n\n\n\n<figure class=\"wp-block-image size-large is-resized\"><img loading=\"lazy\" decoding=\"async\" src=\"https:\/\/diariotribuna.com.br\/wp-content\/uploads\/2021\/02\/mcmgo_abr_2910191338.jpg\" alt=\"\" class=\"wp-image-7975\" width=\"519\" height=\"328\" srcset=\"https:\/\/diariotribuna.com.br\/wp-content\/uploads\/2021\/02\/mcmgo_abr_2910191338.jpg 700w, https:\/\/diariotribuna.com.br\/wp-content\/uploads\/2021\/02\/mcmgo_abr_2910191338-300x190.jpg 300w, https:\/\/diariotribuna.com.br\/wp-content\/uploads\/2021\/02\/mcmgo_abr_2910191338-696x440.jpg 696w, https:\/\/diariotribuna.com.br\/wp-content\/uploads\/2021\/02\/mcmgo_abr_2910191338-664x420.jpg 664w\" sizes=\"(max-width: 519px) 100vw, 519px\" \/><\/figure>\n\n\n\n<p>O presidente Jair Bolsonaro anunciou na noite desta sexta-feira (19) a indica\u00e7\u00e3o de novo nome para\u00a0a presid\u00eancia da Petrobras. Em postagem nas redes sociais, Bolsonaro compartilhou uma nota oficial do Minist\u00e9rio das Minas e Energia (MME) que informa a indica\u00e7\u00e3o do general Joaquim Silva e Luna para substituir Roberto Castello Branco, que est\u00e1 no cargo desde o in\u00edcio do governo, em janeiro de 2019.<\/p>\n\n\n\n<p>&#8220;O governo decidiu indicar o senhor Joaquim Silva e Luna para cumprir uma nova miss\u00e3o, como conselheiro de administra\u00e7\u00e3o e presidente da Petrobras, ap\u00f3s o encerramento do ciclo, superior a dois anos, do atual presidente, senhor Roberto Castello Branco&#8221;, diz a nota, assinada pela Assessoria de Comunica\u00e7\u00e3o Social do MME. Silva e Luna foi ministro da Defesa no governo Michel Temer e, desde janeiro de 2019, ocupa o cargo de diretor-geral da Itaipu Binacional, empresa p\u00fablica dirigida pelos governos do Brasil e do Paraguai, respons\u00e1vel pela gest\u00e3o da usina hidrel\u00e9trica.\u00a0<\/p>\n\n\n\n<figure class=\"wp-block-image size-large is-resized\"><img loading=\"lazy\" decoding=\"async\" src=\"https:\/\/diariotribuna.com.br\/wp-content\/uploads\/2021\/02\/Eun7DYMXYAAdh8H-1.jpg\" alt=\"\" class=\"wp-image-7977\" width=\"502\" height=\"365\" srcset=\"https:\/\/diariotribuna.com.br\/wp-content\/uploads\/2021\/02\/Eun7DYMXYAAdh8H-1.jpg 700w, https:\/\/diariotribuna.com.br\/wp-content\/uploads\/2021\/02\/Eun7DYMXYAAdh8H-1-300x219.jpg 300w, https:\/\/diariotribuna.com.br\/wp-content\/uploads\/2021\/02\/Eun7DYMXYAAdh8H-1-324x235.jpg 324w, https:\/\/diariotribuna.com.br\/wp-content\/uploads\/2021\/02\/Eun7DYMXYAAdh8H-1-696x507.jpg 696w, https:\/\/diariotribuna.com.br\/wp-content\/uploads\/2021\/02\/Eun7DYMXYAAdh8H-1-576x420.jpg 576w\" sizes=\"(max-width: 502px) 100vw, 502px\" \/><\/figure>\n\n\n\n<p>A mudan\u00e7a na Petrobras ocorre em meio a recentes\u00a0<a rel=\"noreferrer noopener\" href=\"https:\/\/agenciabrasil.ebc.com.br\/economia\/noticia\/2021-02\/petrobras-anuncia-aumento-da-gasolina-e-do-diesel-em-refinarias\" target=\"_blank\">aumentos no pre\u00e7o dos combust\u00edveis<\/a>\u00a0e um dia depois do governo anunciar que vai\u00a0<a rel=\"noreferrer noopener\" href=\"https:\/\/agenciabrasil.ebc.com.br\/economia\/noticia\/2021-02\/bolsonaro-diz-que-impostos-federais-sobre-gas-e-diesel-serao-zerados\" target=\"_blank\">zerar os impostos federais<\/a>\u00a0que incidem sobre o g\u00e1s liquefeito de petr\u00f3leo (GLP) \u2013 o g\u00e1s de cozinha \u2013 e o \u00f3leo diesel. No in\u00edcio da tarde, durante um compromisso oficial no\u00a0<a rel=\"noreferrer noopener\" href=\"https:\/\/agenciabrasil.ebc.com.br\/geral\/noticia\/2021-02\/integracao-do-sao-francisco-governo-inicia-testes-no-ramal-do-agreste\" target=\"_blank\">interior de Pernambuco<\/a>, Bolsonaro voltou a criticar os reajustes frequentes no pre\u00e7o dos combust\u00edveis e prenunciou mudan\u00e7as que faria na Petrobras, mas sem abrir m\u00e3o da atual pol\u00edtica de pre\u00e7os da companhia.<\/p>\n\n\n\n<p>\u201cAnuncio que teremos mudan\u00e7a sim na Petrobras. Jamais vamos interferir nesta grande empresa e na sua pol\u00edtica de pre\u00e7os, mas o povo n\u00e3o pode ser surpreendido com certos reajustes\u201d, afirmou.<\/p>\n\n\n\n<h2 class=\"wp-block-heading\">Petrobras<\/h2>\n\n\n\n<p>Em nota a Petrobras informou na noite desta sexta-feira que recebeu um of\u00edcio do Minist\u00e9rio das Minas e Energia para convocar uma Assembleia Geral Extraordin\u00e1ria da estatal para &#8220;promover a substitui\u00e7\u00e3o e elei\u00e7\u00e3o de membro do Conselho de Administra\u00e7\u00e3o, e indicando Joaquim Silva e Luna, em substitui\u00e7\u00e3o a Roberto da Cunha Castello Branco.&#8221; O of\u00edcio tamb\u00e9m solicita que Silva e Luna seja avaliado pelo Conselho de Administra\u00e7\u00e3o da Petrobras para o cargo de presidente.<\/p>\n\n\n\n<p>Segundo a nota, a Uni\u00e3o tamb\u00e9m prop\u00f5e, em raz\u00e3o do fato da Assembleia Geral Ordin\u00e1ria mais recente ter adotado o voto m\u00faltiplo, &#8221; que todos os membros do Conselho de Administra\u00e7\u00e3o sejam, imediatamente, reconduzidos na pr\u00f3pria Assembleia Geral Extraordin\u00e1ria, para cumprimento do restante dos respectivos mandatos.<\/p>\n\n\n\n<p>A Petrobras tamb\u00e9m esclareceu que Roberto Castello Branco e os demais diretores executivos da empresa t\u00eam mandato at\u00e9 20 de mar\u00e7o de 2021. <em>Mat\u00e9ria alterada \u00e0s 22h45 para acr\u00e9scimo de nota da Petrobras.<\/em><\/p>\n\n\n\n<p><strong>(Ag\u00eancia Brasil)<\/strong><\/p>\n","protected":false},"excerpt":{"rendered":"<p>Indica\u00e7\u00e3o veio depois de seguidos aumentos no pre\u00e7o dos combust\u00edveis O presidente Jair Bolsonaro anunciou na noite desta sexta-feira (19) a indica\u00e7\u00e3o de novo nome para\u00a0a presid\u00eancia da Petrobras. Em postagem nas redes sociais, Bolsonaro compartilhou uma nota oficial do Minist\u00e9rio das Minas e Energia (MME) que informa a indica\u00e7\u00e3o do general Joaquim Silva e [&hellip;]<\/p>\n","protected":false},"author":1,"featured_media":7975,"comment_status":"open","ping_status":"open","sticky":false,"template":"","format":"standard","meta":{"rop_custom_images_group":[],"rop_custom_messages_group":[],"rop_publish_now":"initial","rop_publish_now_accounts":[],"rop_publish_now_history":[],"rop_publish_now_status":"pending","footnotes":""},"categories":[21],"tags":[396,2642,2641,2640],"class_list":["post-7974","post","type-post","status-publish","format-standard","has-post-thumbnail","hentry","category-politica","tag-bolsonaro","tag-general-joaquim-silva-e-luna","tag-novo-presidente","tag-petrobras"],"_links":{"self":[{"href":"https:\/\/diariotribuna.com.br\/index.php?rest_route=\/wp\/v2\/posts\/7974"}],"collection":[{"href":"https:\/\/diariotribuna.com.br\/index.php?rest_route=\/wp\/v2\/posts"}],"about":[{"href":"https:\/\/diariotribuna.com.br\/index.php?rest_route=\/wp\/v2\/types\/post"}],"author":[{"embeddable":true,"href":"https:\/\/diariotribuna.com.br\/index.php?rest_route=\/wp\/v2\/users\/1"}],"replies":[{"embeddable":true,"href":"https:\/\/diariotribuna.com.br\/index.php?rest_route=%2Fwp%2Fv2%2Fcomments&post=7974"}],"version-history":[{"count":1,"href":"https:\/\/diariotribuna.com.br\/index.php?rest_route=\/wp\/v2\/posts\/7974\/revisions"}],"predecessor-version":[{"id":7978,"href":"https:\/\/diariotribuna.com.br\/index.php?rest_route=\/wp\/v2\/posts\/7974\/revisions\/7978"}],"wp:featuredmedia":[{"embeddable":true,"href":"https:\/\/diariotribuna.com.br\/index.php?rest_route=\/wp\/v2\/media\/7975"}],"wp:attachment":[{"href":"https:\/\/diariotribuna.com.br\/index.php?rest_route=%2Fwp%2Fv2%2Fmedia&parent=7974"}],"wp:term":[{"taxonomy":"category","embeddable":true,"href":"https:\/\/diariotribuna.com.br\/index.php?rest_route=%2Fwp%2Fv2%2Fcategories&post=7974"},{"taxonomy":"post_tag","embeddable":true,"href":"https:\/\/diariotribuna.com.br\/index.php?rest_route=%2Fwp%2Fv2%2Ftags&post=7974"}],"curies":[{"name":"wp","href":"https:\/\/api.w.org\/{rel}","templated":true}]}}