{"id":7979,"date":"2021-02-20T02:24:10","date_gmt":"2021-02-20T05:24:10","guid":{"rendered":"https:\/\/diariotribuna.com.br\/?p=7979"},"modified":"2021-02-20T02:24:12","modified_gmt":"2021-02-20T05:24:12","slug":"rio-afasta-tecnica-de-enfermagem-que-teria-aplicado-vacina-de-vento","status":"publish","type":"post","link":"https:\/\/diariotribuna.com.br\/?p=7979","title":{"rendered":"Rio afasta t\u00e9cnica de enfermagem que teria aplicado &#8220;vacina de vento&#8221;"},"content":{"rendered":"\n<p><strong>Mais quatro casos similares est\u00e3o sendo apurados no estado<\/strong><\/p>\n\n\n\n<figure class=\"wp-block-image size-large is-resized\"><img loading=\"lazy\" decoding=\"async\" src=\"https:\/\/diariotribuna.com.br\/wp-content\/uploads\/2021\/02\/vacina_de_oxford_astrazeneca_2701214155_1.jpg\" alt=\"\" class=\"wp-image-7981\" width=\"494\" height=\"295\" srcset=\"https:\/\/diariotribuna.com.br\/wp-content\/uploads\/2021\/02\/vacina_de_oxford_astrazeneca_2701214155_1.jpg 700w, https:\/\/diariotribuna.com.br\/wp-content\/uploads\/2021\/02\/vacina_de_oxford_astrazeneca_2701214155_1-300x179.jpg 300w, https:\/\/diariotribuna.com.br\/wp-content\/uploads\/2021\/02\/vacina_de_oxford_astrazeneca_2701214155_1-696x416.jpg 696w\" sizes=\"(max-width: 494px) 100vw, 494px\" \/><\/figure>\n\n\n\n<p>Uma t\u00e9cnica de enfermagem que trabalhava em um posto de sa\u00fade em Copacabana, na zona sul do Rio de Janeiro, foi afastada de suas fun\u00e7\u00f5es ap\u00f3s ter sido filmada aplicando a chamada &#8220;vacina de vento&#8221; em uma pessoa idosa. A Pol\u00edcia Civil abriu investiga\u00e7\u00e3o para apurar se ela desviou o imunizante e por qual motivo. Em meio \u00e0 vacina\u00e7\u00e3o contra a covid-19, pelo menos quatro casos similares a este est\u00e3o sendo apurados no estado do Rio.<\/p>\n\n\n\n<p>Embora somente agora tenha se tornado p\u00fablico, o epis\u00f3dio ocorreu em 27 de janeiro. Parentes de uma idosa de 85 anos filmaram o momento em que esta deveria ser vacinada e, posteriormente, perceberam que a seringa usada estava vazia no momento da aplica\u00e7\u00e3o. Em depoimento na Pol\u00edcia Civil, a t\u00e9cnica de enfermagem responsabilizou uma m\u00e9dica residente pela situa\u00e7\u00e3o.<\/p>\n\n\n\n<p>Al\u00e9m de afastar a funcion\u00e1ria de suas fun\u00e7\u00f5es, a Secretaria Municipal de Sa\u00fade (SMS) instaurou sindic\u00e2ncia para apurar se houve dolo. Hoje mais cedo, o prefeito Eduardo Paes&nbsp;<a href=\"http:\/\/https\/\/agenciabrasil.ebc.com.br\/saude\/noticia\/2021-02\/municipio-do-rio-recebe-8-mil-doses-de-vacina-nao-repassadas\" target=\"_blank\" rel=\"noreferrer noopener\">disse torcer para que tenha sido um erro<\/a>, e n\u00e3o uma a\u00e7\u00e3o de m\u00e1-f\u00e9. &#8220;Estou sabendo que \u00e9 uma boa profissional, com hist\u00f3rico de servi\u00e7os prestados \u00e0 cidade. Vamos torcer para que tenha sido um erro. Foi um erro grave, evidentemente, mas esperamos que fique por a\u00ed.\u201d<\/p>\n\n\n\n<p>O Conselho Regional de Enfermagem do Rio de Janeiro, respons\u00e1vel pela fiscaliza\u00e7\u00e3o do trabalho e da conduta \u00e9tica de t\u00e9cnicos de enfermagem e enfermeiros, tem recebido den\u00fancias de irregularidades na vacina\u00e7\u00e3o. Dependendo da situa\u00e7\u00e3o, o registro profissional pode ser cassado. Segundo nota p\u00fablica divulgada pelo conselho, as den\u00fancias s\u00e3o analisadas e classificadas conforme gravidade e objeto. &#8220;Todas s\u00e3o devidamente tratadas pelos Departamentos de Fiscaliza\u00e7\u00e3o e de \u00c9tica e pelos conselheiros eleitos&#8221;, diz o texto.<\/p>\n\n\n\n<p>A vacina\u00e7\u00e3o, que come\u00e7ou no fim de janeiro em todo o pa\u00eds, \u00e9 conduzida por meio do Sistema \u00danico de Sa\u00fade (SUS). Idosos est\u00e3o entre os grupos priorit\u00e1rios, conforme defini\u00e7\u00e3o do Minist\u00e9rio da Sa\u00fade. Somente na cidade do Rio, a SMS diz ter aplicado mais de 300 mil doses. As den\u00fancias envolvendo aplica\u00e7\u00e3o da \u201cvacina de vento\u201d s\u00e3o pontuais. Quatro casos s\u00e3o acompanhados pelo Minist\u00e9rio P\u00fablico do Rio de Janeiro (MPRJ): dois na capital, um em Petr\u00f3polis e outro em Niter\u00f3i.<\/p>\n\n\n\n<p>Se comprovado o desvio de doses, somente um aprofundamento das investiga\u00e7\u00f5es poder\u00e1 revelar as motiva\u00e7\u00f5es. A comercializa\u00e7\u00e3o ilegal e o uso das doses para imunizar parentes pr\u00f3ximos que n\u00e3o integram os grupos priorit\u00e1rios s\u00e3o algumas hip\u00f3teses, mas precisam ser comprovadas em cada situa\u00e7\u00e3o.<\/p>\n\n\n\n<p>O caso de Niter\u00f3i \u00e9 o \u00fanico que&nbsp;<a href=\"http:\/\/https\/\/agenciabrasil.ebc.com.br\/saude\/noticia\/2021-02\/policia-indicia-tecnica-que-nao-aplicou-vacina-em-idoso-no-rio\" target=\"_blank\" rel=\"noreferrer noopener\">gerou indiciamento pela Pol\u00edcia Civil<\/a>&nbsp;por peculato e infra\u00e7\u00e3o de medida sanit\u00e1ria. A t\u00e9cnica de enfermagem deixou de aplicar a dose em um homem de 90 anos. O epis\u00f3dio ocorreu em um posto&nbsp;<em>drive-thru<\/em>, onde a pessoa \u00e9 vacinada dentro do carro. V\u00eddeo gravado por parentes mostra que uma seringa carregada foi espetada no bra\u00e7o do idoso, mas em seguida foi retirada sem que a profissional pressionasse o \u00eambolo para injetar o imunizante.<\/p>\n\n\n\n<p>A Secretaria Municipal de Sa\u00fade de Niter\u00f3i afastou a t\u00e9cnica de enfermagem de suas fun\u00e7\u00f5es. A Pol\u00edcia Civil concluiu que a funcion\u00e1ria tinha consci\u00eancia do que fazia, embora n\u00e3o tenha identificado o motivo. Ainda assim, considerou que a dose foi desviada, pois a seringa n\u00e3o foi mais encontrada. O crime de peculato ocorre quando um funcion\u00e1rio p\u00fablico se apropria de um bem a que teve acesso por causa do cargo que ocupa. A infra\u00e7\u00e3o de medida sanit\u00e1ria tem rela\u00e7\u00e3o com o descumprimento de determina\u00e7\u00e3o do poder p\u00fablico destinada a impedir a propaga\u00e7\u00e3o de doen\u00e7a contagiosa. A abertura da a\u00e7\u00e3o penal, no entanto, \u00e9 de responsabilidade do MPRJ, ao qual cabe decidir se apresentar\u00e1 den\u00fancia em conson\u00e2ncia com o indiciamento da Pol\u00edcia Civil.<\/p>\n\n\n\n<h2 class=\"wp-block-heading\">Filmagem liberada<\/h2>\n\n\n\n<figure class=\"wp-block-image size-large is-resized\"><img loading=\"lazy\" decoding=\"async\" src=\"https:\/\/diariotribuna.com.br\/wp-content\/uploads\/2021\/02\/vacinacao-parque-da-cidade_mcamgo_abr_180220211818-10.jpg\" alt=\"\" class=\"wp-image-7980\" width=\"520\" height=\"346\" srcset=\"https:\/\/diariotribuna.com.br\/wp-content\/uploads\/2021\/02\/vacinacao-parque-da-cidade_mcamgo_abr_180220211818-10.jpg 700w, https:\/\/diariotribuna.com.br\/wp-content\/uploads\/2021\/02\/vacinacao-parque-da-cidade_mcamgo_abr_180220211818-10-300x200.jpg 300w, https:\/\/diariotribuna.com.br\/wp-content\/uploads\/2021\/02\/vacinacao-parque-da-cidade_mcamgo_abr_180220211818-10-696x463.jpg 696w, https:\/\/diariotribuna.com.br\/wp-content\/uploads\/2021\/02\/vacinacao-parque-da-cidade_mcamgo_abr_180220211818-10-631x420.jpg 631w\" sizes=\"(max-width: 520px) 100vw, 520px\" \/><figcaption><strong><em>Aplica\u00e7\u00e3o da vacina \u00e9 fun\u00e7\u00e3o p\u00fablica n\u00e3o coberta por sigilo,<\/em><\/strong><br><strong><em>diz advogada (<\/em><strong>Marcelo Camargo\/Ag\u00eancia Brasil<\/strong><\/strong>)<\/figcaption><\/figure>\n\n\n\n<p>Filmar a vacina\u00e7\u00e3o de parentes idosos e publicar o momento nas redes sociais tem sido, para muitas pessoas, uma forma de celebrar o in\u00edcio de uma poss\u00edvel supera\u00e7\u00e3o da pandemia de covid-19. &#8220;Vim compartilhar com voc\u00ea um momento de muita felicidade. Viva o SUS&#8221;, escreveu o jornalista Jo\u00e3o Lima, uma das pessoas que registraram imagens do atendimento da av\u00f3.<\/p>\n\n\n\n<p>No entanto, ap\u00f3s surgirem os primeiros flagrantes de aplica\u00e7\u00e3o da \u201cvacina de vento\u201d, as filmagens chegaram a ser vetadas por funcion\u00e1rios de alguns postos de sa\u00fade. A filmagem foi proibida, por exemplo, em Bangu e em Campo Grande, bairros da zona oeste do Rio.<\/p>\n\n\n\n<p>Diante da situa\u00e7\u00e3o, a SMS emitiu orienta\u00e7\u00e3o para que n\u00e3o se impe\u00e7am as filmagens. Em nota, a secretaria diz que orienta as equipes a fazer todo o preparo e administra\u00e7\u00e3o das vacinas de forma transparente, permitindo que pacientes e acompanhantes visualizem todo o processo. &#8220;Fotos e v\u00eddeos est\u00e3o liberados, e recomendados no momento da aplica\u00e7\u00e3o da vacina&#8221;, reitera.<\/p>\n\n\n\n<p>Os casos isolados de proibi\u00e7\u00e3o geraram rea\u00e7\u00e3o de alguns juristas, para os quais a filmagem depende apenas do consentimento do cidad\u00e3o que est\u00e1 sendo vacinado. Para a advogada Jocin\u00e9ia Zanardini, especialista em direito contempor\u00e2neo pela Universidade C\u00e2ndido Mendes, a aplica\u00e7\u00e3o da vacina \u00e9 uma fun\u00e7\u00e3o p\u00fablica n\u00e3o coberta por sigilo. \u201cA vacina\u00e7\u00e3o \u00e9 de interesse p\u00fablico e, portanto, deve ser feita com transpar\u00eancia\u201d, disse Jocin\u00e9ia.<\/p>\n\n\n\n<p>(Ag\u00eancia Brasil)<\/p>\n","protected":false},"excerpt":{"rendered":"<p>Mais quatro casos similares est\u00e3o sendo apurados no estado Uma t\u00e9cnica de enfermagem que trabalhava em um posto de sa\u00fade em Copacabana, na zona sul do Rio de Janeiro, foi afastada de suas fun\u00e7\u00f5es ap\u00f3s ter sido filmada aplicando a chamada &#8220;vacina de vento&#8221; em uma pessoa idosa. A Pol\u00edcia Civil abriu investiga\u00e7\u00e3o para apurar [&hellip;]<\/p>\n","protected":false},"author":1,"featured_media":7981,"comment_status":"open","ping_status":"open","sticky":false,"template":"","format":"standard","meta":{"rop_custom_images_group":[],"rop_custom_messages_group":[],"rop_publish_now":"initial","rop_publish_now_accounts":[],"rop_publish_now_history":[],"rop_publish_now_status":"pending","footnotes":""},"categories":[192],"tags":[2644,520,2322,2643],"class_list":["post-7979","post","type-post","status-publish","format-standard","has-post-thumbnail","hentry","category-covid19","tag-enfermeira-afastada","tag-idosa","tag-rio","tag-vacina-de-vento"],"_links":{"self":[{"href":"https:\/\/diariotribuna.com.br\/index.php?rest_route=\/wp\/v2\/posts\/7979"}],"collection":[{"href":"https:\/\/diariotribuna.com.br\/index.php?rest_route=\/wp\/v2\/posts"}],"about":[{"href":"https:\/\/diariotribuna.com.br\/index.php?rest_route=\/wp\/v2\/types\/post"}],"author":[{"embeddable":true,"href":"https:\/\/diariotribuna.com.br\/index.php?rest_route=\/wp\/v2\/users\/1"}],"replies":[{"embeddable":true,"href":"https:\/\/diariotribuna.com.br\/index.php?rest_route=%2Fwp%2Fv2%2Fcomments&post=7979"}],"version-history":[{"count":1,"href":"https:\/\/diariotribuna.com.br\/index.php?rest_route=\/wp\/v2\/posts\/7979\/revisions"}],"predecessor-version":[{"id":7982,"href":"https:\/\/diariotribuna.com.br\/index.php?rest_route=\/wp\/v2\/posts\/7979\/revisions\/7982"}],"wp:featuredmedia":[{"embeddable":true,"href":"https:\/\/diariotribuna.com.br\/index.php?rest_route=\/wp\/v2\/media\/7981"}],"wp:attachment":[{"href":"https:\/\/diariotribuna.com.br\/index.php?rest_route=%2Fwp%2Fv2%2Fmedia&parent=7979"}],"wp:term":[{"taxonomy":"category","embeddable":true,"href":"https:\/\/diariotribuna.com.br\/index.php?rest_route=%2Fwp%2Fv2%2Fcategories&post=7979"},{"taxonomy":"post_tag","embeddable":true,"href":"https:\/\/diariotribuna.com.br\/index.php?rest_route=%2Fwp%2Fv2%2Ftags&post=7979"}],"curies":[{"name":"wp","href":"https:\/\/api.w.org\/{rel}","templated":true}]}}