{"id":7983,"date":"2021-02-20T02:31:21","date_gmt":"2021-02-20T05:31:21","guid":{"rendered":"https:\/\/diariotribuna.com.br\/?p=7983"},"modified":"2021-02-20T02:42:47","modified_gmt":"2021-02-20T05:42:47","slug":"brasil-registra-1-308-mortes-por-covid-19-nesta-sexta-feira-19","status":"publish","type":"post","link":"https:\/\/diariotribuna.com.br\/?p=7983","title":{"rendered":"Brasil registra 1.308 mortes por covid-19 nesta sexta-feira (19)"},"content":{"rendered":"\n<p><strong>Mais de 9 milh\u00f5es de pessoas j\u00e1 se recuperaram da doen\u00e7a<\/strong><\/p>\n\n\n\n<figure class=\"wp-block-image size-large is-resized\"><img loading=\"lazy\" decoding=\"async\" src=\"https:\/\/diariotribuna.com.br\/wp-content\/uploads\/2021\/02\/vacinacao_sp_0502214257.jpg\" alt=\"\" class=\"wp-image-7985\" width=\"480\" height=\"286\" srcset=\"https:\/\/diariotribuna.com.br\/wp-content\/uploads\/2021\/02\/vacinacao_sp_0502214257.jpg 700w, https:\/\/diariotribuna.com.br\/wp-content\/uploads\/2021\/02\/vacinacao_sp_0502214257-300x179.jpg 300w, https:\/\/diariotribuna.com.br\/wp-content\/uploads\/2021\/02\/vacinacao_sp_0502214257-696x416.jpg 696w\" sizes=\"(max-width: 480px) 100vw, 480px\" \/><\/figure>\n\n\n\n<p>O Brasil registrou, nesta sexta-feira (19\/02), 1.308 mortes por covid-19, elevando para 244.765 o n\u00famero de pessoas que n\u00e3o resistiram \u00e0 doen\u00e7a desde o in\u00edcio da pandemia. Em contrapartida, mais de 9 milh\u00f5es de pessoas j\u00e1 se recuperaram da doen\u00e7a.<\/p>\n\n\n\n<figure class=\"wp-block-image size-large is-resized\"><img loading=\"lazy\" decoding=\"async\" src=\"https:\/\/diariotribuna.com.br\/wp-content\/uploads\/2021\/02\/whatsapp_image_2021-02-19_at_18.54.54.jpeg\" alt=\"\" class=\"wp-image-7984\" width=\"522\" height=\"293\" srcset=\"https:\/\/diariotribuna.com.br\/wp-content\/uploads\/2021\/02\/whatsapp_image_2021-02-19_at_18.54.54.jpeg 700w, https:\/\/diariotribuna.com.br\/wp-content\/uploads\/2021\/02\/whatsapp_image_2021-02-19_at_18.54.54-300x169.jpeg 300w, https:\/\/diariotribuna.com.br\/wp-content\/uploads\/2021\/02\/whatsapp_image_2021-02-19_at_18.54.54-696x392.jpeg 696w\" sizes=\"(max-width: 522px) 100vw, 522px\" \/><\/figure>\n\n\n\n<p>Segundo o Minist\u00e9rio da Sa\u00fade, o total de pessoas infectadas pelo coronav\u00edrus desde o in\u00edcio da pandemia ultrapassou a marca de 10 milh\u00f5es, chegando a 10.081.676. Entre ontem e hoje, foram confirmados 51.050 novos casos da doen\u00e7a. Ainda h\u00e1 842.583 pessoas com casos ativos em acompanhamento por profissionais de sa\u00fade.<\/p>\n\n\n\n<h2 class=\"wp-block-heading\">Estados<\/h2>\n\n\n\n<p>Na lista de estados com mais mortes, S\u00e3o Paulo ocupa a primeira posi\u00e7\u00e3o (57.499), seguido por Rio\u00a0de Janeiro\u00a0(32.045), Minas Gerais (17.442), Rio Grande do Sul (11.666) e Paran\u00e1 (11.061). As unidades da Federa\u00e7\u00e3o com menos \u00f3bitos s\u00e3o Acre (951), Roraima (1.028), Amap\u00e1 (1.121), Tocantins (1.470) e Rond\u00f4nia (2.667). (Ag\u00eancia Brasil)<\/p>\n","protected":false},"excerpt":{"rendered":"<p>Mais de 9 milh\u00f5es de pessoas j\u00e1 se recuperaram da doen\u00e7a O Brasil registrou, nesta sexta-feira (19\/02), 1.308 mortes por covid-19, elevando para 244.765 o n\u00famero de pessoas que n\u00e3o resistiram \u00e0 doen\u00e7a desde o in\u00edcio da pandemia. Em contrapartida, mais de 9 milh\u00f5es de pessoas j\u00e1 se recuperaram da doen\u00e7a. Segundo o Minist\u00e9rio da [&hellip;]<\/p>\n","protected":false},"author":1,"featured_media":7985,"comment_status":"open","ping_status":"open","sticky":false,"template":"","format":"standard","meta":{"rop_custom_images_group":[],"rop_custom_messages_group":[],"rop_publish_now":"initial","rop_publish_now_accounts":[],"rop_publish_now_history":[],"rop_publish_now_status":"pending","footnotes":""},"categories":[192],"tags":[2645,2633,393,1131],"class_list":["post-7983","post","type-post","status-publish","format-standard","has-post-thumbnail","hentry","category-covid19","tag-1-308-mortes-em-um-dia","tag-19-02-2021","tag-brasil","tag-covid-19-2"],"_links":{"self":[{"href":"https:\/\/diariotribuna.com.br\/index.php?rest_route=\/wp\/v2\/posts\/7983"}],"collection":[{"href":"https:\/\/diariotribuna.com.br\/index.php?rest_route=\/wp\/v2\/posts"}],"about":[{"href":"https:\/\/diariotribuna.com.br\/index.php?rest_route=\/wp\/v2\/types\/post"}],"author":[{"embeddable":true,"href":"https:\/\/diariotribuna.com.br\/index.php?rest_route=\/wp\/v2\/users\/1"}],"replies":[{"embeddable":true,"href":"https:\/\/diariotribuna.com.br\/index.php?rest_route=%2Fwp%2Fv2%2Fcomments&post=7983"}],"version-history":[{"count":1,"href":"https:\/\/diariotribuna.com.br\/index.php?rest_route=\/wp\/v2\/posts\/7983\/revisions"}],"predecessor-version":[{"id":7986,"href":"https:\/\/diariotribuna.com.br\/index.php?rest_route=\/wp\/v2\/posts\/7983\/revisions\/7986"}],"wp:featuredmedia":[{"embeddable":true,"href":"https:\/\/diariotribuna.com.br\/index.php?rest_route=\/wp\/v2\/media\/7985"}],"wp:attachment":[{"href":"https:\/\/diariotribuna.com.br\/index.php?rest_route=%2Fwp%2Fv2%2Fmedia&parent=7983"}],"wp:term":[{"taxonomy":"category","embeddable":true,"href":"https:\/\/diariotribuna.com.br\/index.php?rest_route=%2Fwp%2Fv2%2Fcategories&post=7983"},{"taxonomy":"post_tag","embeddable":true,"href":"https:\/\/diariotribuna.com.br\/index.php?rest_route=%2Fwp%2Fv2%2Ftags&post=7983"}],"curies":[{"name":"wp","href":"https:\/\/api.w.org\/{rel}","templated":true}]}}