{"id":7987,"date":"2021-02-20T02:54:26","date_gmt":"2021-02-20T05:54:26","guid":{"rendered":"https:\/\/diariotribuna.com.br\/?p=7987"},"modified":"2021-02-20T02:54:29","modified_gmt":"2021-02-20T05:54:29","slug":"teofilo-otoni-boletim-epidemiologico-covid-19-desta-sexta-feira-19-02-2021","status":"publish","type":"post","link":"https:\/\/diariotribuna.com.br\/?p=7987","title":{"rendered":"Te\u00f3filo Otoni: Boletim Epidemiol\u00f3gico Covid-19 desta sexta-feira (19\/02\/2021)"},"content":{"rendered":"\n<figure class=\"wp-block-image size-large is-resized\"><img loading=\"lazy\" decoding=\"async\" src=\"https:\/\/diariotribuna.com.br\/wp-content\/uploads\/2021\/02\/Teofilo-Otoni-1.jpg\" alt=\"\" class=\"wp-image-7988\" width=\"474\" height=\"267\" srcset=\"https:\/\/diariotribuna.com.br\/wp-content\/uploads\/2021\/02\/Teofilo-Otoni-1.jpg 640w, https:\/\/diariotribuna.com.br\/wp-content\/uploads\/2021\/02\/Teofilo-Otoni-1-300x169.jpg 300w\" sizes=\"(max-width: 474px) 100vw, 474px\" \/><\/figure>\n\n\n\n<p>O boletim epidemiol\u00f3gico divulgado pela Secretaria Municipal de Sa\u00fade na noite desta sexta-feira (19\/02), confirma 6.252 casos positivos de covid-19 em Te\u00f3filo Otoni, 21 a mais nas \u00faltimas 24 horas, e computa 178 \u00f3bitos at\u00e9 esta data, tendo ainda mais 02 \u00f3bitos em investiga\u00e7\u00e3o. O boletim informa ainda que tem 727 casos ativos, 5.335 casos recuperados e 17.471 casos descartados.<\/p>\n\n\n\n<p>No boletim de quinta-feira (18) foi inserido mais um \u00f3bito por complica\u00e7\u00f5es causadas pela covid-19. <strong>O 178\u00ba \u00f3bito ocorreu na quarta-feira (17\/02\/2021),<\/strong> sendo de um idoso de 89 anos, que estava internado no Hospital Santa Ros\u00e1lia, segundo a secretaria de sa\u00fade ele recebeu toda assist\u00eancia e tratamento necess\u00e1rios, era portador de comorbidades e teve o resultado confirmado por RT-PCR.<\/p>\n\n\n\n<p><strong>Das Interna\u00e7\u00f5es at\u00e9 (19\/02):<\/strong> Pelo <strong>SUS, Conv\u00eanio e Particular<\/strong> tem 40 leitos de UTI Covid e 21 est\u00e3o ocupados, sendo 11 pacientes de Te\u00f3filo Otoni e 10 de outros munic\u00edpios <strong>(52,50% de ocupa\u00e7\u00e3o<\/strong>). Tem <strong>58 Leitos de Enfermaria Covid<\/strong> e 17 est\u00e3o ocupados, sendo 13 pacientes de Te\u00f3filo Otoni e 04 de outros munic\u00edpios <strong>(29,31% de ocupa\u00e7\u00e3o)<\/strong>.<\/p>\n","protected":false},"excerpt":{"rendered":"<p>O boletim epidemiol\u00f3gico divulgado pela Secretaria Municipal de Sa\u00fade na noite desta sexta-feira (19\/02), confirma 6.252 casos positivos de covid-19 em Te\u00f3filo Otoni, 21 a mais nas \u00faltimas 24 horas, e computa 178 \u00f3bitos at\u00e9 esta data, tendo ainda mais 02 \u00f3bitos em investiga\u00e7\u00e3o. O boletim informa ainda que tem 727 casos ativos, 5.335 casos [&hellip;]<\/p>\n","protected":false},"author":1,"featured_media":7988,"comment_status":"open","ping_status":"open","sticky":false,"template":"","format":"standard","meta":{"rop_custom_images_group":[],"rop_custom_messages_group":[],"rop_publish_now":"initial","rop_publish_now_accounts":[],"rop_publish_now_history":[],"rop_publish_now_status":"pending","footnotes":""},"categories":[192],"tags":[2633,489,84,75],"class_list":["post-7987","post","type-post","status-publish","format-standard","has-post-thumbnail","hentry","category-covid19","tag-19-02-2021","tag-boletim-epidemiologico","tag-covid-19","tag-teofilo-otoni"],"_links":{"self":[{"href":"https:\/\/diariotribuna.com.br\/index.php?rest_route=\/wp\/v2\/posts\/7987"}],"collection":[{"href":"https:\/\/diariotribuna.com.br\/index.php?rest_route=\/wp\/v2\/posts"}],"about":[{"href":"https:\/\/diariotribuna.com.br\/index.php?rest_route=\/wp\/v2\/types\/post"}],"author":[{"embeddable":true,"href":"https:\/\/diariotribuna.com.br\/index.php?rest_route=\/wp\/v2\/users\/1"}],"replies":[{"embeddable":true,"href":"https:\/\/diariotribuna.com.br\/index.php?rest_route=%2Fwp%2Fv2%2Fcomments&post=7987"}],"version-history":[{"count":1,"href":"https:\/\/diariotribuna.com.br\/index.php?rest_route=\/wp\/v2\/posts\/7987\/revisions"}],"predecessor-version":[{"id":7989,"href":"https:\/\/diariotribuna.com.br\/index.php?rest_route=\/wp\/v2\/posts\/7987\/revisions\/7989"}],"wp:featuredmedia":[{"embeddable":true,"href":"https:\/\/diariotribuna.com.br\/index.php?rest_route=\/wp\/v2\/media\/7988"}],"wp:attachment":[{"href":"https:\/\/diariotribuna.com.br\/index.php?rest_route=%2Fwp%2Fv2%2Fmedia&parent=7987"}],"wp:term":[{"taxonomy":"category","embeddable":true,"href":"https:\/\/diariotribuna.com.br\/index.php?rest_route=%2Fwp%2Fv2%2Fcategories&post=7987"},{"taxonomy":"post_tag","embeddable":true,"href":"https:\/\/diariotribuna.com.br\/index.php?rest_route=%2Fwp%2Fv2%2Ftags&post=7987"}],"curies":[{"name":"wp","href":"https:\/\/api.w.org\/{rel}","templated":true}]}}