{"id":8008,"date":"2021-02-22T09:52:38","date_gmt":"2021-02-22T12:52:38","guid":{"rendered":"https:\/\/diariotribuna.com.br\/?p=8008"},"modified":"2021-02-24T10:13:52","modified_gmt":"2021-02-24T13:13:52","slug":"diario-tribuna-22-de-fevereiro-2021-teofilo-otoni-mg","status":"publish","type":"post","link":"https:\/\/diariotribuna.com.br\/?p=8008","title":{"rendered":"Di\u00e1rio Tribuna, 22 de Fevereiro 2021, Te\u00f3filo Otoni\/MG"},"content":{"rendered":"\n<figure class=\"wp-block-image size-large is-resized\"><img loading=\"lazy\" decoding=\"async\" src=\"https:\/\/diariotribuna.com.br\/wp-content\/uploads\/2021\/02\/90c4b957-6289-4c11-a628-1349c7c1256c.jpg\" alt=\"\" class=\"wp-image-8009\" width=\"453\" height=\"634\" srcset=\"https:\/\/diariotribuna.com.br\/wp-content\/uploads\/2021\/02\/90c4b957-6289-4c11-a628-1349c7c1256c.jpg 700w, https:\/\/diariotribuna.com.br\/wp-content\/uploads\/2021\/02\/90c4b957-6289-4c11-a628-1349c7c1256c-214x300.jpg 214w, https:\/\/diariotribuna.com.br\/wp-content\/uploads\/2021\/02\/90c4b957-6289-4c11-a628-1349c7c1256c-696x974.jpg 696w, https:\/\/diariotribuna.com.br\/wp-content\/uploads\/2021\/02\/90c4b957-6289-4c11-a628-1349c7c1256c-300x420.jpg 300w\" sizes=\"(max-width: 453px) 100vw, 453px\" \/><\/figure>\n\n\n\n<p><strong><strong>Acesse o link abaixo e veja a edi\u00e7\u00e3o completa do Di\u00e1rio Tribuna desta Segunda-feira (22\/02\/2021)<\/strong><\/strong><\/p>\n\n\n\n<h3 class=\"wp-block-heading\"><a href=\"https:\/\/diariotribuna.com.br\/wp-content\/uploads\/2021\/02\/DIARIO-TRIBUNA-51-ANOS-22-FEVEREIRO-2021.pdf\"><strong><span class=\"has-inline-color has-vivid-red-color\">https:\/\/diariotribuna.com.br\/wp-content\/uploads\/2021\/02\/DIARIO-TRIBUNA-51-ANOS-22-FEVEREIRO-2021.pdf<\/span><\/strong><\/a><\/h3>\n","protected":false},"excerpt":{"rendered":"<p>Acesse o link abaixo e veja a edi\u00e7\u00e3o completa do Di\u00e1rio Tribuna desta Segunda-feira (22\/02\/2021) https:\/\/diariotribuna.com.br\/wp-content\/uploads\/2021\/02\/DIARIO-TRIBUNA-51-ANOS-22-FEVEREIRO-2021.pdf<\/p>\n","protected":false},"author":1,"featured_media":8009,"comment_status":"open","ping_status":"open","sticky":false,"template":"","format":"standard","meta":{"rop_custom_images_group":[],"rop_custom_messages_group":[],"rop_publish_now":"initial","rop_publish_now_accounts":[],"rop_publish_now_history":[],"rop_publish_now_status":"pending","footnotes":""},"categories":[17,23],"tags":[42,70,1120,75,867],"class_list":["post-8008","post","type-post","status-publish","format-standard","has-post-thumbnail","hentry","category-teofilootoni","category-ultimaedicao","tag-diario-tribuna","tag-minas-gerais","tag-nordeste-de-minas","tag-teofilo-otoni","tag-vale-do-mucuri"],"_links":{"self":[{"href":"https:\/\/diariotribuna.com.br\/index.php?rest_route=\/wp\/v2\/posts\/8008"}],"collection":[{"href":"https:\/\/diariotribuna.com.br\/index.php?rest_route=\/wp\/v2\/posts"}],"about":[{"href":"https:\/\/diariotribuna.com.br\/index.php?rest_route=\/wp\/v2\/types\/post"}],"author":[{"embeddable":true,"href":"https:\/\/diariotribuna.com.br\/index.php?rest_route=\/wp\/v2\/users\/1"}],"replies":[{"embeddable":true,"href":"https:\/\/diariotribuna.com.br\/index.php?rest_route=%2Fwp%2Fv2%2Fcomments&post=8008"}],"version-history":[{"count":1,"href":"https:\/\/diariotribuna.com.br\/index.php?rest_route=\/wp\/v2\/posts\/8008\/revisions"}],"predecessor-version":[{"id":8011,"href":"https:\/\/diariotribuna.com.br\/index.php?rest_route=\/wp\/v2\/posts\/8008\/revisions\/8011"}],"wp:featuredmedia":[{"embeddable":true,"href":"https:\/\/diariotribuna.com.br\/index.php?rest_route=\/wp\/v2\/media\/8009"}],"wp:attachment":[{"href":"https:\/\/diariotribuna.com.br\/index.php?rest_route=%2Fwp%2Fv2%2Fmedia&parent=8008"}],"wp:term":[{"taxonomy":"category","embeddable":true,"href":"https:\/\/diariotribuna.com.br\/index.php?rest_route=%2Fwp%2Fv2%2Fcategories&post=8008"},{"taxonomy":"post_tag","embeddable":true,"href":"https:\/\/diariotribuna.com.br\/index.php?rest_route=%2Fwp%2Fv2%2Ftags&post=8008"}],"curies":[{"name":"wp","href":"https:\/\/api.w.org\/{rel}","templated":true}]}}