{"id":8035,"date":"2021-02-22T21:20:28","date_gmt":"2021-02-23T00:20:28","guid":{"rendered":"https:\/\/diariotribuna.com.br\/?p=8035"},"modified":"2021-02-24T11:23:17","modified_gmt":"2021-02-24T14:23:17","slug":"sessao-plenaria-do-conselho-estadual-de-criminologia-e-politica-criminal-de-minas-gerais","status":"publish","type":"post","link":"https:\/\/diariotribuna.com.br\/?p=8035","title":{"rendered":"Sess\u00e3o Plen\u00e1ria do Conselho Estadual de Criminologia e Pol\u00edtica Criminal de Minas Gerais"},"content":{"rendered":"\n<figure class=\"wp-block-image size-large is-resized\"><img loading=\"lazy\" decoding=\"async\" src=\"https:\/\/diariotribuna.com.br\/wp-content\/uploads\/2021\/02\/6.jpg\" alt=\"\" class=\"wp-image-8036\" width=\"544\" height=\"378\" srcset=\"https:\/\/diariotribuna.com.br\/wp-content\/uploads\/2021\/02\/6.jpg 700w, https:\/\/diariotribuna.com.br\/wp-content\/uploads\/2021\/02\/6-300x209.jpg 300w, https:\/\/diariotribuna.com.br\/wp-content\/uploads\/2021\/02\/6-100x70.jpg 100w, https:\/\/diariotribuna.com.br\/wp-content\/uploads\/2021\/02\/6-218x150.jpg 218w, https:\/\/diariotribuna.com.br\/wp-content\/uploads\/2021\/02\/6-696x484.jpg 696w, https:\/\/diariotribuna.com.br\/wp-content\/uploads\/2021\/02\/6-604x420.jpg 604w\" sizes=\"(max-width: 544px) 100vw, 544px\" \/><\/figure>\n\n\n\n<p>Nesta segunda-feira (22\/02\/2021), \u00e0s 10h, <strong>o Secret\u00e1rio Adjunto de Justi\u00e7a e Seguran\u00e7a P\u00fablica, Dr. Jeferson Botelho<\/strong>, participou da sess\u00e3o plen\u00e1ria do Conselho Estadual de Criminologia e Pol\u00edtica Criminal de Minas Gerais, no 17\u00ba andar da EJEF\/TJMG em Belo Horizonte.<\/p>\n\n\n\n<figure class=\"wp-block-image size-large is-resized\"><img loading=\"lazy\" decoding=\"async\" src=\"https:\/\/diariotribuna.com.br\/wp-content\/uploads\/2021\/02\/5-2.jpg\" alt=\"\" class=\"wp-image-8042\" width=\"512\" height=\"359\" srcset=\"https:\/\/diariotribuna.com.br\/wp-content\/uploads\/2021\/02\/5-2.jpg 600w, https:\/\/diariotribuna.com.br\/wp-content\/uploads\/2021\/02\/5-2-300x211.jpg 300w, https:\/\/diariotribuna.com.br\/wp-content\/uploads\/2021\/02\/5-2-100x70.jpg 100w, https:\/\/diariotribuna.com.br\/wp-content\/uploads\/2021\/02\/5-2-597x420.jpg 597w\" sizes=\"(max-width: 512px) 100vw, 512px\" \/><\/figure>\n\n\n\n<p><strong>Em seu discurso, o Dr. Jeferson Botelho <\/strong>destacou o seu compromisso com o sistema de justi\u00e7a do Estado, a promo\u00e7\u00e3o dos direitos humanos e o bem-estar do povo mineiro. Trata-se de um espa\u00e7o de formula\u00e7\u00e3o das pol\u00edticas criminais do Estado, em conformidade com as normas de execu\u00e7\u00e3o penal e a pol\u00edtica tra\u00e7ada pelo Conselho Nacional de Justi\u00e7a, Conselho que integra a \u00e1rea de compet\u00eancia da Secretaria de Estado de Justi\u00e7a e Seguran\u00e7a P\u00fablica. <strong>O Conselho \u00e9 presidido pelo Desembargador, Dr. Marcos Henrique Caldeira Brant e pela vice-presidente Desembargadora, Dra. M\u00e1rcia Maria Milanez<\/strong>.<\/p>\n\n\n\n<p>O Conselho de Criminologia e Pol\u00edtica Criminal \u00e9 integrado por 13 membros designados pelo Secret\u00e1rio de Estado da Justi\u00e7a e escolhidos entre professores e profissionais das \u00e1reas de Direito Penal, Processual Penal e Penitenci\u00e1rio, de Criminologia e de Ci\u00eancias Sociais, bem como entre representantes de organismos da \u00e1rea social.<\/p>\n\n\n\n<p><strong>As fun\u00e7\u00f5es do Conselho, \u00f3rg\u00e3o de Execu\u00e7\u00e3o Penal, s\u00e3o definidas pela Lei de Execu\u00e7\u00e3o Penal de Minas Gerais, Lei n\u00ba 11.404\/1994, artigo 158 a 160, as quais compreendem<\/strong>:<\/p>\n\n\n\n<p><strong>I)-<\/strong>formular a pol\u00edtica penitenci\u00e1ria do Estado, observadas as diretrizes da pol\u00edtica penitenci\u00e1ria nacional;<\/p>\n\n\n\n<p><strong>II)-<\/strong>colaborar na elabora\u00e7\u00e3o de plano de desenvolvimento, sugerindo as metas e prioridades das pol\u00edticas criminal e penitenci\u00e1ria;<\/p>\n\n\n\n<p><strong>III)-<\/strong> promover a avalia\u00e7\u00e3o peri\u00f3dica do sistema penal para sua adequa\u00e7\u00e3o \u00e0s necessidades do Estado;<\/p>\n\n\n\n<p><strong>IV)-<\/strong>Opinar sobre a reparti\u00e7\u00e3o de cr\u00e9ditos na \u00e1rea da pol\u00edtica penitenci\u00e1ria; <\/p>\n\n\n\n<p><strong>V)-<\/strong>Estimular e desenvolver projeto que vise \u00e0 participa\u00e7\u00e3o da comunidade na execu\u00e7\u00e3o da pol\u00edtica criminal;<\/p>\n\n\n\n<p><strong>VI)-<\/strong>Representar \u00e0 autoridade competente, para instaura\u00e7\u00e3o de sindic\u00e2ncia ou procedimento administrativo, visando \u00e0 apura\u00e7\u00e3o de viola\u00e7\u00e3o da lei penitenci\u00e1ria e \u00e0 interdi\u00e7\u00e3o de estabelecimento penal;<\/p>\n\n\n\n<p><strong>VII)-<\/strong>Fiscalizar os estabelecimentos e servi\u00e7os penitenci\u00e1rios para verifica\u00e7\u00e3o do fiel cumprimento desta lei e da implanta\u00e7\u00e3o da reforma penitenci\u00e1ria;<\/p>\n\n\n\n<p><strong>VIII)-<\/strong>Elaborar o plano de a\u00e7\u00e3o do Conselho e o programa penitenci\u00e1rio estadual.<\/p>\n\n\n\n<figure class=\"wp-block-gallery columns-2 is-cropped wp-block-gallery-1 is-layout-flex wp-block-gallery-is-layout-flex\"><ul class=\"blocks-gallery-grid\"><li class=\"blocks-gallery-item\"><figure><img loading=\"lazy\" decoding=\"async\" width=\"600\" height=\"401\" src=\"https:\/\/diariotribuna.com.br\/wp-content\/uploads\/2021\/02\/2-5.jpg\" alt=\"\" data-id=\"8037\" data-link=\"https:\/\/diariotribuna.com.br\/?attachment_id=8037\" class=\"wp-image-8037\" srcset=\"https:\/\/diariotribuna.com.br\/wp-content\/uploads\/2021\/02\/2-5.jpg 600w, https:\/\/diariotribuna.com.br\/wp-content\/uploads\/2021\/02\/2-5-300x201.jpg 300w\" sizes=\"(max-width: 600px) 100vw, 600px\" \/><\/figure><\/li><li class=\"blocks-gallery-item\"><figure><img loading=\"lazy\" decoding=\"async\" width=\"600\" height=\"415\" src=\"https:\/\/diariotribuna.com.br\/wp-content\/uploads\/2021\/02\/3-5.jpg\" alt=\"\" data-id=\"8039\" data-link=\"https:\/\/diariotribuna.com.br\/?attachment_id=8039\" class=\"wp-image-8039\" srcset=\"https:\/\/diariotribuna.com.br\/wp-content\/uploads\/2021\/02\/3-5.jpg 600w, https:\/\/diariotribuna.com.br\/wp-content\/uploads\/2021\/02\/3-5-300x208.jpg 300w, https:\/\/diariotribuna.com.br\/wp-content\/uploads\/2021\/02\/3-5-100x70.jpg 100w, https:\/\/diariotribuna.com.br\/wp-content\/uploads\/2021\/02\/3-5-218x150.jpg 218w\" sizes=\"(max-width: 600px) 100vw, 600px\" \/><\/figure><\/li><li class=\"blocks-gallery-item\"><figure><img loading=\"lazy\" decoding=\"async\" width=\"600\" height=\"413\" src=\"https:\/\/diariotribuna.com.br\/wp-content\/uploads\/2021\/02\/1-8.jpg\" alt=\"\" data-id=\"8038\" data-link=\"https:\/\/diariotribuna.com.br\/?attachment_id=8038\" class=\"wp-image-8038\" srcset=\"https:\/\/diariotribuna.com.br\/wp-content\/uploads\/2021\/02\/1-8.jpg 600w, https:\/\/diariotribuna.com.br\/wp-content\/uploads\/2021\/02\/1-8-300x207.jpg 300w, https:\/\/diariotribuna.com.br\/wp-content\/uploads\/2021\/02\/1-8-100x70.jpg 100w, https:\/\/diariotribuna.com.br\/wp-content\/uploads\/2021\/02\/1-8-218x150.jpg 218w\" sizes=\"(max-width: 600px) 100vw, 600px\" \/><\/figure><\/li><li class=\"blocks-gallery-item\"><figure><img loading=\"lazy\" decoding=\"async\" width=\"1024\" height=\"684\" src=\"https:\/\/diariotribuna.com.br\/wp-content\/uploads\/2021\/02\/4-4-1024x684.jpg\" alt=\"\" data-id=\"8040\" data-link=\"https:\/\/diariotribuna.com.br\/?attachment_id=8040\" class=\"wp-image-8040\" srcset=\"https:\/\/diariotribuna.com.br\/wp-content\/uploads\/2021\/02\/4-4-1024x684.jpg 1024w, https:\/\/diariotribuna.com.br\/wp-content\/uploads\/2021\/02\/4-4-300x200.jpg 300w, https:\/\/diariotribuna.com.br\/wp-content\/uploads\/2021\/02\/4-4-768x513.jpg 768w, https:\/\/diariotribuna.com.br\/wp-content\/uploads\/2021\/02\/4-4-696x465.jpg 696w, https:\/\/diariotribuna.com.br\/wp-content\/uploads\/2021\/02\/4-4-1068x713.jpg 1068w, https:\/\/diariotribuna.com.br\/wp-content\/uploads\/2021\/02\/4-4-629x420.jpg 629w, https:\/\/diariotribuna.com.br\/wp-content\/uploads\/2021\/02\/4-4.jpg 1125w\" sizes=\"(max-width: 1024px) 100vw, 1024px\" \/><\/figure><\/li><li class=\"blocks-gallery-item\"><figure><img loading=\"lazy\" decoding=\"async\" width=\"600\" height=\"384\" src=\"https:\/\/diariotribuna.com.br\/wp-content\/uploads\/2021\/02\/7.jpg\" alt=\"\" data-id=\"8044\" data-full-url=\"https:\/\/diariotribuna.com.br\/wp-content\/uploads\/2021\/02\/7.jpg\" data-link=\"https:\/\/diariotribuna.com.br\/?attachment_id=8044\" class=\"wp-image-8044\" srcset=\"https:\/\/diariotribuna.com.br\/wp-content\/uploads\/2021\/02\/7.jpg 600w, https:\/\/diariotribuna.com.br\/wp-content\/uploads\/2021\/02\/7-300x192.jpg 300w\" sizes=\"(max-width: 600px) 100vw, 600px\" \/><\/figure><\/li><li class=\"blocks-gallery-item\"><figure><img loading=\"lazy\" decoding=\"async\" width=\"600\" height=\"396\" src=\"https:\/\/diariotribuna.com.br\/wp-content\/uploads\/2021\/02\/8-1.jpg\" alt=\"\" data-id=\"8043\" data-full-url=\"https:\/\/diariotribuna.com.br\/wp-content\/uploads\/2021\/02\/8-1.jpg\" data-link=\"https:\/\/diariotribuna.com.br\/?attachment_id=8043\" class=\"wp-image-8043\" srcset=\"https:\/\/diariotribuna.com.br\/wp-content\/uploads\/2021\/02\/8-1.jpg 600w, https:\/\/diariotribuna.com.br\/wp-content\/uploads\/2021\/02\/8-1-300x198.jpg 300w\" sizes=\"(max-width: 600px) 100vw, 600px\" \/><\/figure><\/li><\/ul><\/figure>\n","protected":false},"excerpt":{"rendered":"<p>Nesta segunda-feira (22\/02\/2021), \u00e0s 10h, o Secret\u00e1rio Adjunto de Justi\u00e7a e Seguran\u00e7a P\u00fablica, Dr. Jeferson Botelho, participou da sess\u00e3o plen\u00e1ria do Conselho Estadual de Criminologia e Pol\u00edtica Criminal de Minas Gerais, no 17\u00ba andar da EJEF\/TJMG em Belo Horizonte. Em seu discurso, o Dr. Jeferson Botelho destacou o seu compromisso com o sistema de justi\u00e7a [&hellip;]<\/p>\n","protected":false},"author":1,"featured_media":8036,"comment_status":"open","ping_status":"open","sticky":false,"template":"","format":"standard","meta":{"rop_custom_images_group":[],"rop_custom_messages_group":[],"rop_publish_now":"initial","rop_publish_now_accounts":[],"rop_publish_now_history":[],"rop_publish_now_status":"pending","footnotes":""},"categories":[19],"tags":[2653,2655,2654],"class_list":["post-8035","post","type-post","status-publish","format-standard","has-post-thumbnail","hentry","category-gerais","tag-conselho-estadual-de-criminologia-e-politica-criminal-de-minas-gerais","tag-dr-jeferson-botelho","tag-sessao-plenaria"],"_links":{"self":[{"href":"https:\/\/diariotribuna.com.br\/index.php?rest_route=\/wp\/v2\/posts\/8035"}],"collection":[{"href":"https:\/\/diariotribuna.com.br\/index.php?rest_route=\/wp\/v2\/posts"}],"about":[{"href":"https:\/\/diariotribuna.com.br\/index.php?rest_route=\/wp\/v2\/types\/post"}],"author":[{"embeddable":true,"href":"https:\/\/diariotribuna.com.br\/index.php?rest_route=\/wp\/v2\/users\/1"}],"replies":[{"embeddable":true,"href":"https:\/\/diariotribuna.com.br\/index.php?rest_route=%2Fwp%2Fv2%2Fcomments&post=8035"}],"version-history":[{"count":1,"href":"https:\/\/diariotribuna.com.br\/index.php?rest_route=\/wp\/v2\/posts\/8035\/revisions"}],"predecessor-version":[{"id":8045,"href":"https:\/\/diariotribuna.com.br\/index.php?rest_route=\/wp\/v2\/posts\/8035\/revisions\/8045"}],"wp:featuredmedia":[{"embeddable":true,"href":"https:\/\/diariotribuna.com.br\/index.php?rest_route=\/wp\/v2\/media\/8036"}],"wp:attachment":[{"href":"https:\/\/diariotribuna.com.br\/index.php?rest_route=%2Fwp%2Fv2%2Fmedia&parent=8035"}],"wp:term":[{"taxonomy":"category","embeddable":true,"href":"https:\/\/diariotribuna.com.br\/index.php?rest_route=%2Fwp%2Fv2%2Fcategories&post=8035"},{"taxonomy":"post_tag","embeddable":true,"href":"https:\/\/diariotribuna.com.br\/index.php?rest_route=%2Fwp%2Fv2%2Ftags&post=8035"}],"curies":[{"name":"wp","href":"https:\/\/api.w.org\/{rel}","templated":true}]}}