{"id":8052,"date":"2021-02-23T01:31:02","date_gmt":"2021-02-23T04:31:02","guid":{"rendered":"https:\/\/diariotribuna.com.br\/?p=8052"},"modified":"2021-02-23T01:31:04","modified_gmt":"2021-02-23T04:31:04","slug":"covid-19-secretaria-de-saude-confirma-180-obitos-em-teofilo-otoni","status":"publish","type":"post","link":"https:\/\/diariotribuna.com.br\/?p=8052","title":{"rendered":"COVID-19: Secretaria de Sa\u00fade confirma 180 \u00f3bitos em Te\u00f3filo Otoni"},"content":{"rendered":"\n<figure class=\"wp-block-image size-large is-resized\"><img loading=\"lazy\" decoding=\"async\" src=\"https:\/\/diariotribuna.com.br\/wp-content\/uploads\/2021\/02\/90127239_2607949282827065_4095575144385216512_n-3.jpg\" alt=\"\" class=\"wp-image-8053\" width=\"456\" height=\"255\" srcset=\"https:\/\/diariotribuna.com.br\/wp-content\/uploads\/2021\/02\/90127239_2607949282827065_4095575144385216512_n-3.jpg 600w, https:\/\/diariotribuna.com.br\/wp-content\/uploads\/2021\/02\/90127239_2607949282827065_4095575144385216512_n-3-300x168.jpg 300w\" sizes=\"(max-width: 456px) 100vw, 456px\" \/><\/figure>\n\n\n\n<p>O boletim epidemiol\u00f3gico divulgado pela Secretaria Municipal de Sa\u00fade na noite desta segunda-feira (22\/02), confirma 6.296 casos positivos de covid-19 em Te\u00f3filo Otoni, 27 a mais nas \u00faltimas 24 horas, e computa mais 01 \u00f3bito por complica\u00e7\u00f5es causadas pela covid-19, totalizando 180, tendo ainda 01 em investiga\u00e7\u00e3o. At\u00e9 esta data tem 743 casos ativos, 5.373 casos recuperados e 17.574 casos descartados.<\/p>\n\n\n\n<p>O <strong>180\u00ba \u00f3bito<\/strong> ocorreu na quarta-feira (17\/02\/2021), sendo um idoso de 66 anos. Ele estava em domic\u00edlio e o corpo foi encaminhado para a UPA 24 Horas (Avenida Get\u00falio Vargas) para a realiza\u00e7\u00e3o de coleta de exame SWAB. O idoso era portador de comorbidades e teve o resultado confirmado por RT-PCR nesta segunda-feira (22).<\/p>\n\n\n\n<p>No boletim de domingo (21), foi inserido o \u00f3bito de uma idosa de 87 anos, por complica\u00e7\u00f5es causadas pela covid-19, ocorrido neste mesmo dia. A paciente estava internada no Hospital Philadelfia, era portadora de comorbidades e teve o resultado confirmado por RT-PCR.<\/p>\n\n\n\n<p><strong>Das Interna\u00e7\u00f5es at\u00e9 (22\/02):<\/strong> Pelo <strong>SUS, Conv\u00eanio e Particular<\/strong> tem 40 leitos de UTI Covid e 20 est\u00e3o ocupados, sendo 08 pacientes de Te\u00f3filo Otoni e 12 de outros munic\u00edpios <strong>(50,00% de ocupa\u00e7\u00e3o<\/strong>). Tem <strong>58 Leitos de Enfermaria Covid<\/strong> e 16 est\u00e3o ocupados, sendo 14 pacientes de Te\u00f3filo Otoni e 02 de outros munic\u00edpios <strong>(27,58% de ocupa\u00e7\u00e3o)<\/strong>.<\/p>\n","protected":false},"excerpt":{"rendered":"<p>O boletim epidemiol\u00f3gico divulgado pela Secretaria Municipal de Sa\u00fade na noite desta segunda-feira (22\/02), confirma 6.296 casos positivos de covid-19 em Te\u00f3filo Otoni, 27 a mais nas \u00faltimas 24 horas, e computa mais 01 \u00f3bito por complica\u00e7\u00f5es causadas pela covid-19, totalizando 180, tendo ainda 01 em investiga\u00e7\u00e3o. At\u00e9 esta data tem 743 casos ativos, 5.373 [&hellip;]<\/p>\n","protected":false},"author":1,"featured_media":8053,"comment_status":"open","ping_status":"open","sticky":false,"template":"","format":"standard","meta":{"rop_custom_images_group":[],"rop_custom_messages_group":[],"rop_publish_now":"initial","rop_publish_now_accounts":[],"rop_publish_now_history":[],"rop_publish_now_status":"pending","footnotes":""},"categories":[192],"tags":[2657,489,84,75],"class_list":["post-8052","post","type-post","status-publish","format-standard","has-post-thumbnail","hentry","category-covid19","tag-22-02-2021","tag-boletim-epidemiologico","tag-covid-19","tag-teofilo-otoni"],"_links":{"self":[{"href":"https:\/\/diariotribuna.com.br\/index.php?rest_route=\/wp\/v2\/posts\/8052"}],"collection":[{"href":"https:\/\/diariotribuna.com.br\/index.php?rest_route=\/wp\/v2\/posts"}],"about":[{"href":"https:\/\/diariotribuna.com.br\/index.php?rest_route=\/wp\/v2\/types\/post"}],"author":[{"embeddable":true,"href":"https:\/\/diariotribuna.com.br\/index.php?rest_route=\/wp\/v2\/users\/1"}],"replies":[{"embeddable":true,"href":"https:\/\/diariotribuna.com.br\/index.php?rest_route=%2Fwp%2Fv2%2Fcomments&post=8052"}],"version-history":[{"count":1,"href":"https:\/\/diariotribuna.com.br\/index.php?rest_route=\/wp\/v2\/posts\/8052\/revisions"}],"predecessor-version":[{"id":8054,"href":"https:\/\/diariotribuna.com.br\/index.php?rest_route=\/wp\/v2\/posts\/8052\/revisions\/8054"}],"wp:featuredmedia":[{"embeddable":true,"href":"https:\/\/diariotribuna.com.br\/index.php?rest_route=\/wp\/v2\/media\/8053"}],"wp:attachment":[{"href":"https:\/\/diariotribuna.com.br\/index.php?rest_route=%2Fwp%2Fv2%2Fmedia&parent=8052"}],"wp:term":[{"taxonomy":"category","embeddable":true,"href":"https:\/\/diariotribuna.com.br\/index.php?rest_route=%2Fwp%2Fv2%2Fcategories&post=8052"},{"taxonomy":"post_tag","embeddable":true,"href":"https:\/\/diariotribuna.com.br\/index.php?rest_route=%2Fwp%2Fv2%2Ftags&post=8052"}],"curies":[{"name":"wp","href":"https:\/\/api.w.org\/{rel}","templated":true}]}}